{"id":9917,"date":"2024-03-06T10:21:48","date_gmt":"2024-03-06T09:21:48","guid":{"rendered":"https:\/\/mkv.miun.se\/skvaderbladet\/?p=9917"},"modified":"2024-03-06T10:21:48","modified_gmt":"2024-03-06T09:21:48","slug":"timra-hastsportforening-vill-starta-projekt-for-att-hoja-samhallets-valmaende","status":"publish","type":"post","link":"https:\/\/mkv.miun.se\/skvaderbladet\/timra-hastsportforening-vill-starta-projekt-for-att-hoja-samhallets-valmaende\/","title":{"rendered":"Timr\u00e5 H\u00e4stsportf\u00f6rening vill starta projekt f\u00f6r att h\u00f6ja samh\u00e4llets v\u00e4lm\u00e5ende"},"content":{"rendered":"<p>&nbsp;<\/p>\n<figure id=\"attachment_9919\" aria-describedby=\"caption-attachment-9919\" style=\"width: 720px\" class=\"wp-caption alignnone\"><img loading=\"lazy\" decoding=\"async\" class=\"size-fullstory wp-image-9919\" src=\"https:\/\/mkv.miun.se\/skvaderbladet\/wp-content\/uploads\/2024\/03\/nyhetssvallet-unnamed-1-1-960x720.jpg\" alt=\"P\u00e5 bilden \u00e4r det en n\u00e4rbild p\u00e5 en h\u00e4st. I bagkrunden \u00e4r det bl\u00e5 himmel, moln och en h\u00e4sthage. \" width=\"720\" height=\"540\" srcset=\"https:\/\/mkv.miun.se\/skvaderbladet\/wp-content\/uploads\/2024\/03\/nyhetssvallet-unnamed-1-1-960x720.jpg 960w, https:\/\/mkv.miun.se\/skvaderbladet\/wp-content\/uploads\/2024\/03\/nyhetssvallet-unnamed-1-1-300x225.jpg 300w, https:\/\/mkv.miun.se\/skvaderbladet\/wp-content\/uploads\/2024\/03\/nyhetssvallet-unnamed-1-1-725x544.jpg 725w, https:\/\/mkv.miun.se\/skvaderbladet\/wp-content\/uploads\/2024\/03\/nyhetssvallet-unnamed-1-1-768x576.jpg 768w, https:\/\/mkv.miun.se\/skvaderbladet\/wp-content\/uploads\/2024\/03\/nyhetssvallet-unnamed-1-1-1536x1152.jpg 1536w, https:\/\/mkv.miun.se\/skvaderbladet\/wp-content\/uploads\/2024\/03\/nyhetssvallet-unnamed-1-1-2048x1536.jpg 2048w, https:\/\/mkv.miun.se\/skvaderbladet\/wp-content\/uploads\/2024\/03\/nyhetssvallet-unnamed-1-1-730x548.jpg 730w, https:\/\/mkv.miun.se\/skvaderbladet\/wp-content\/uploads\/2024\/03\/nyhetssvallet-unnamed-1-1-325x244.jpg 325w, https:\/\/mkv.miun.se\/skvaderbladet\/wp-content\/uploads\/2024\/03\/nyhetssvallet-unnamed-1-1-650x488.jpg 650w\" sizes=\"auto, (max-width: 720px) 100vw, 720px\" \/><figcaption id=\"caption-attachment-9919\" class=\"wp-caption-text\">Timr\u00e5 H\u00e4stsportf\u00f6rening anser att det kan h\u00f6ja m\u00e4nniskors v\u00e4lm\u00e5ende genom att vara omkring h\u00e4star. Foto: Sonia N\u00e4ss\u00e9n<\/figcaption><\/figure>\n<p><span class=\"ingress\"><b>M\u00e4nniskor i dagens samh\u00e4lle \u00e4r i behov av fysisk aktivitet och mental stimulans, det tycker Timr\u00e5 H\u00e4stsportf\u00f6rening. D\u00e4rf\u00f6r ans\u00f6ker de nu om 50 000 kronor f\u00f6r att dra ig\u00e5ng ett projekt d\u00e4r m\u00e4nniskor ska kunna umg\u00e5s med h\u00e4star f\u00f6r att h\u00f6ja den mentala h\u00e4lsan i samh\u00e4llet.\u00a0<\/b><\/span><\/p>\n<p><span style=\"font-weight: 400;\">Id\u00e9n om att starta upp ett projekt kom pl\u00f6tsligt f\u00f6r personalen p\u00e5 Timr\u00e5 H\u00e4stsportf\u00f6rening. De anser att det \u00e4r viktigt att g\u00f6ra n\u00e5gonting f\u00f6r att bidra till m\u00e4nniskors v\u00e4lm\u00e5ende. Om allting g\u00e5r som det ska och f\u00f6reningen f\u00e5r bidraget de ans\u00f6ker om, \u00e4r tanken att projektet \u201cH\u00e4sten som friskv\u00e5rd\u201d ska dra ig\u00e5ng till v\u00e5ren, runt april.<\/span><\/p>\n<p><span style=\"font-weight: 400;\">\u2013 Tanken \u00e4r att kunna erbjuda m\u00f6jlighet till att kunna anv\u00e4nda h\u00e4sten b\u00e5de fysiskt med ridning och \u00e4ven lite mentalt. Ridningen ska anv\u00e4ndas f\u00f6r att st\u00e4rka kroppen och sen att vara omkring h\u00e4star ska st\u00e4rka det mentala, s\u00e4ger Maria Melander, ridskolechef.\u00a0<\/span><\/p>\n<p><span class=\"mellanrubrik1\"><b>Vill erbjuda kostnadsfritt<\/b><\/span><\/p>\n<p><span style=\"font-weight: 400;\">De s\u00f6ker projektmedel f\u00f6r att kunna dra ig\u00e5ng, i ordinarie tr\u00e4ningstid finns det inte resurser f\u00f6r att kunna anpassa efter alla enskildas behov. Det \u00e4r den m\u00f6jligheten de vill ha i detta projekt, att f\u00e5 kunna vara med h\u00e4sten l\u00e4ngre tid och anpassa tiden efter den enskilda m\u00e4nniskans behov. I b\u00e4sta fall vill de kunna erbjuda denna aktivitet gratis f\u00f6r att s\u00e5 m\u00e5nga som vill ska kunna delta.\u00a0<\/span><\/p>\n<p><span class=\"mellanrubrik1\"><b>Anpassat f\u00f6r funktionsvariationer<\/b><\/span><\/p>\n<p><span style=\"font-weight: 400;\">Anl\u00e4ggningen \u00e4r handikappanpassad och kvalitetsm\u00e4rkt f\u00f6r att \u00e4ven de som inte kan s\u00e4tta sig p\u00e5 en h\u00e4st ska kunna delta.\u00a0<\/span><\/p>\n<p><span style=\"font-weight: 400;\">\u2013 Det ska vara m\u00f6jligt f\u00f6r personer som beh\u00f6ver st\u00e4rka balans och kropp, d\u00e5 man jobbar mycket med b\u00e5lstyrka, balans, koordination och stabilitet inom ridning. Sedan ska det ocks\u00e5 vara m\u00f6jligt f\u00f6r de som har n\u00e5gon typ a<\/span><span style=\"font-weight: 400;\">v funktionsvariation som g\u00f6r att de inte kan fysiskt sitta p\u00e5 h\u00e4sten. De ska kunna sitta bakom h\u00e4sten och k\u00f6ra. Ocks\u00e5 f\u00f6r m\u00e4nniskor som m\u00e5r psykiskt d\u00e5ligt. M\u00e5let \u00e4r att det ska vara mycket anpassat f\u00f6r alla olika som vill vara med, s\u00e4ger Maria Melander.<\/span><\/p>\n<p><span style=\"font-weight: 400;\">Region V\u00e4sternorrland ville inte kommentera detta, eftersom att ans\u00f6kan inte \u00e4r beviljad \u00e4n. <\/span><\/p>\n","protected":false},"excerpt":{"rendered":"<p>&nbsp; M\u00e4nniskor i dagens samh\u00e4lle \u00e4r i behov av fysisk aktivitet och mental stimulans, det tycker Timr\u00e5 H\u00e4stsportf\u00f6rening. D\u00e4rf\u00f6r ans\u00f6ker [&hellip;]<\/p>\n","protected":false},"author":287,"featured_media":0,"comment_status":"open","ping_status":"open","sticky":false,"template":"","format":"standard","meta":{"_acf_changed":false,"site-sidebar-layout":"default","site-content-layout":"","ast-site-content-layout":"default","site-content-style":"default","site-sidebar-style":"default","ast-global-header-display":"","ast-banner-title-visibility":"","ast-main-header-display":"","ast-hfb-above-header-display":"","ast-hfb-below-header-display":"","ast-hfb-mobile-header-display":"","site-post-title":"","ast-breadcrumbs-content":"","ast-featured-img":"","footer-sml-layout":"","ast-disable-related-posts":"","theme-transparent-header-meta":"","adv-header-id-meta":"","stick-header-meta":"","header-above-stick-meta":"","header-main-stick-meta":"","header-below-stick-meta":"","astra-migrate-meta-layouts":"default","ast-page-background-enabled":"default","ast-page-background-meta":{"desktop":{"background-color":"var(--ast-global-color-5)","background-image":"","background-repeat":"repeat","background-position":"center center","background-size":"auto","background-attachment":"scroll","background-type":"","background-media":"","overlay-type":"","overlay-color":"","overlay-opacity":"","overlay-gradient":""},"tablet":{"background-color":"","background-image":"","background-repeat":"repeat","background-position":"center center","background-size":"auto","background-attachment":"scroll","background-type":"","background-media":"","overlay-type":"","overlay-color":"","overlay-opacity":"","overlay-gradient":""},"mobile":{"background-color":"","background-image":"","background-repeat":"repeat","background-position":"center center","background-size":"auto","background-attachment":"scroll","background-type":"","background-media":"","overlay-type":"","overlay-color":"","overlay-opacity":"","overlay-gradient":""}},"ast-content-background-meta":{"desktop":{"background-color":"var(--ast-global-color-4)","background-image":"","background-repeat":"repeat","background-position":"center center","background-size":"auto","background-attachment":"scroll","background-type":"","background-media":"","overlay-type":"","overlay-color":"","overlay-opacity":"","overlay-gradient":""},"tablet":{"background-color":"var(--ast-global-color-4)","background-image":"","background-repeat":"repeat","background-position":"center center","background-size":"auto","background-attachment":"scroll","background-type":"","background-media":"","overlay-type":"","overlay-color":"","overlay-opacity":"","overlay-gradient":""},"mobile":{"background-color":"var(--ast-global-color-4)","background-image":"","background-repeat":"repeat","background-position":"center center","background-size":"auto","background-attachment":"scroll","background-type":"","background-media":"","overlay-type":"","overlay-color":"","overlay-opacity":"","overlay-gradient":""}},"footnotes":""},"categories":[4,2,5],"tags":[62,64,63,37,25],"class_list":["post-9917","post","type-post","status-publish","format-standard","hentry","category-kultur","category-nyheter","category-sport","tag-hastar","tag-hastsport","tag-sport","tag-sundsvall","tag-timra"],"acf":[],"_links":{"self":[{"href":"https:\/\/mkv.miun.se\/skvaderbladet\/wp-json\/wp\/v2\/posts\/9917","targetHints":{"allow":["GET"]}}],"collection":[{"href":"https:\/\/mkv.miun.se\/skvaderbladet\/wp-json\/wp\/v2\/posts"}],"about":[{"href":"https:\/\/mkv.miun.se\/skvaderbladet\/wp-json\/wp\/v2\/types\/post"}],"author":[{"embeddable":true,"href":"https:\/\/mkv.miun.se\/skvaderbladet\/wp-json\/wp\/v2\/users\/287"}],"replies":[{"embeddable":true,"href":"https:\/\/mkv.miun.se\/skvaderbladet\/wp-json\/wp\/v2\/comments?post=9917"}],"version-history":[{"count":0,"href":"https:\/\/mkv.miun.se\/skvaderbladet\/wp-json\/wp\/v2\/posts\/9917\/revisions"}],"wp:attachment":[{"href":"https:\/\/mkv.miun.se\/skvaderbladet\/wp-json\/wp\/v2\/media?parent=9917"}],"wp:term":[{"taxonomy":"category","embeddable":true,"href":"https:\/\/mkv.miun.se\/skvaderbladet\/wp-json\/wp\/v2\/categories?post=9917"},{"taxonomy":"post_tag","embeddable":true,"href":"https:\/\/mkv.miun.se\/skvaderbladet\/wp-json\/wp\/v2\/tags?post=9917"}],"curies":[{"name":"wp","href":"https:\/\/api.w.org\/{rel}","templated":true}]}}