{"id":9915,"date":"2024-03-06T13:18:23","date_gmt":"2024-03-06T12:18:23","guid":{"rendered":"https:\/\/mkv.miun.se\/skvaderbladet\/?p=9915"},"modified":"2024-03-07T21:34:56","modified_gmt":"2024-03-07T20:34:56","slug":"djur-brandes-in-fortfarande-i-chock","status":"publish","type":"post","link":"https:\/\/mkv.miun.se\/skvaderbladet\/djur-brandes-in-fortfarande-i-chock\/","title":{"rendered":"Djur brann inne &#8211; &#8221;fortfarande i chock&#8221;"},"content":{"rendered":"<p><span class=\"ortsdatering\">Storhullsj\u00f6n 06-03-2024<\/span><\/p>\n<figure id=\"attachment_9950\" aria-describedby=\"caption-attachment-9950\" style=\"width: 720px\" class=\"wp-caption alignnone\"><img loading=\"lazy\" decoding=\"async\" class=\"size-fullstory wp-image-9950\" src=\"https:\/\/mkv.miun.se\/skvaderbladet\/wp-content\/uploads\/2024\/03\/nyhetssvallet-5413bccc-b99f-4449-b88b-03f7b8eea70c-960x584.jpg\" alt=\"Person f\u00f6rs\u00f6ker sl\u00e4cka brand mitt i natten\" width=\"720\" height=\"438\" srcset=\"https:\/\/mkv.miun.se\/skvaderbladet\/wp-content\/uploads\/2024\/03\/nyhetssvallet-5413bccc-b99f-4449-b88b-03f7b8eea70c-960x584.jpg 960w, https:\/\/mkv.miun.se\/skvaderbladet\/wp-content\/uploads\/2024\/03\/nyhetssvallet-5413bccc-b99f-4449-b88b-03f7b8eea70c-300x183.jpg 300w, https:\/\/mkv.miun.se\/skvaderbladet\/wp-content\/uploads\/2024\/03\/nyhetssvallet-5413bccc-b99f-4449-b88b-03f7b8eea70c-725x441.jpg 725w, https:\/\/mkv.miun.se\/skvaderbladet\/wp-content\/uploads\/2024\/03\/nyhetssvallet-5413bccc-b99f-4449-b88b-03f7b8eea70c-768x467.jpg 768w, https:\/\/mkv.miun.se\/skvaderbladet\/wp-content\/uploads\/2024\/03\/nyhetssvallet-5413bccc-b99f-4449-b88b-03f7b8eea70c-1536x934.jpg 1536w, https:\/\/mkv.miun.se\/skvaderbladet\/wp-content\/uploads\/2024\/03\/nyhetssvallet-5413bccc-b99f-4449-b88b-03f7b8eea70c-2048x1246.jpg 2048w, https:\/\/mkv.miun.se\/skvaderbladet\/wp-content\/uploads\/2024\/03\/nyhetssvallet-5413bccc-b99f-4449-b88b-03f7b8eea70c-730x444.jpg 730w, https:\/\/mkv.miun.se\/skvaderbladet\/wp-content\/uploads\/2024\/03\/nyhetssvallet-5413bccc-b99f-4449-b88b-03f7b8eea70c-325x198.jpg 325w, https:\/\/mkv.miun.se\/skvaderbladet\/wp-content\/uploads\/2024\/03\/nyhetssvallet-5413bccc-b99f-4449-b88b-03f7b8eea70c-650x395.jpg 650w\" sizes=\"auto, (max-width: 720px) 100vw, 720px\" \/><figcaption id=\"caption-attachment-9950\" class=\"wp-caption-text\">Bekant till \u00e4garen f\u00f6rs\u00f6ker sl\u00e4cka det som sl\u00e4ckas med vattenslang. Foto: M\u00e4rta-li Selin<\/figcaption><\/figure>\n<p><span class=\"ingress\">N\u00e4r r\u00e4ddningstj\u00e4nsten larmades till Storhullsj\u00f6n natten till onsdagen m\u00f6ttes de av ett h\u00f6nshus i l\u00e5gor och en chockerad \u00e4gare. \u00c4garen M\u00e4rta-li Selin gissar att kortslutning i en v\u00e4rmelampa slagit ut branden. \u2014 Det \u00e4r hemskt att se sina djur brinna inne, s\u00e4ger hon till tidningen.<\/span><\/p>\n<p>Redan kv\u00e4llen innan hade jordfelsbrytare brutit ut. M\u00e4rta-li fick d\u00e5 en d\u00e5lig magk\u00e4nsla och tyckte att det luktade br\u00e4nt. N\u00e5gra timmar senare sk\u00e4ller hunden h\u00f6gt och v\u00e4cker henne i huset norr om St\u00f6de. Rummet badar i ljus utifr\u00e5n och M\u00e4rta-li blir s\u00e5 chockad att hon l\u00e4gger sig igen trots att h\u00f6nshuset brinner ner utanf\u00f6r. N\u00e5gra meter fr\u00e5n huset. I n\u00e4sta andetag larmar hon r\u00e4ddningstj\u00e4nsten och ringer en bekant som bor i n\u00e4rheten. De f\u00f6rs\u00f6ker stoppa spridningen med hj\u00e4lp av en vattenslang.<\/p>\n<p>&nbsp;<\/p>\n<figure id=\"attachment_10011\" aria-describedby=\"caption-attachment-10011\" style=\"width: 544px\" class=\"wp-caption alignnone\"><img loading=\"lazy\" decoding=\"async\" class=\"size-large wp-image-10011\" src=\"https:\/\/mkv.miun.se\/skvaderbladet\/wp-content\/uploads\/2024\/03\/nyhetssvallet-20211002-082546-544x725.jpg\" alt=\"\u00c4garen\" width=\"544\" height=\"725\" srcset=\"https:\/\/mkv.miun.se\/skvaderbladet\/wp-content\/uploads\/2024\/03\/nyhetssvallet-20211002-082546-544x725.jpg 544w, https:\/\/mkv.miun.se\/skvaderbladet\/wp-content\/uploads\/2024\/03\/nyhetssvallet-20211002-082546-225x300.jpg 225w, https:\/\/mkv.miun.se\/skvaderbladet\/wp-content\/uploads\/2024\/03\/nyhetssvallet-20211002-082546-768x1024.jpg 768w, https:\/\/mkv.miun.se\/skvaderbladet\/wp-content\/uploads\/2024\/03\/nyhetssvallet-20211002-082546-1152x1536.jpg 1152w, https:\/\/mkv.miun.se\/skvaderbladet\/wp-content\/uploads\/2024\/03\/nyhetssvallet-20211002-082546-1536x2048.jpg 1536w, https:\/\/mkv.miun.se\/skvaderbladet\/wp-content\/uploads\/2024\/03\/nyhetssvallet-20211002-082546-730x973.jpg 730w, https:\/\/mkv.miun.se\/skvaderbladet\/wp-content\/uploads\/2024\/03\/nyhetssvallet-20211002-082546-325x433.jpg 325w, https:\/\/mkv.miun.se\/skvaderbladet\/wp-content\/uploads\/2024\/03\/nyhetssvallet-20211002-082546-650x867.jpg 650w, https:\/\/mkv.miun.se\/skvaderbladet\/wp-content\/uploads\/2024\/03\/nyhetssvallet-20211002-082546-749x999.jpg 749w, https:\/\/mkv.miun.se\/skvaderbladet\/wp-content\/uploads\/2024\/03\/nyhetssvallet-20211002-082546-scaled.jpg 1920w\" sizes=\"auto, (max-width: 544px) 100vw, 544px\" \/><figcaption id=\"caption-attachment-10011\" class=\"wp-caption-text\">M\u00e4rta-li Selin och hennes h\u00f6ns som f\u00f6rlorades i branden. Foto: M\u00e4rta-li Selin<\/figcaption><\/figure>\n<p><span style=\"font-weight: 400;\">\u2014Jag k\u00e4nner sig helt ofattbart skyldig, trots att det &#8221;bara&#8221; var tv\u00e5 h\u00f6nor och en anka kvar&#8230; och en skuld inf\u00f6r bygden jag bor p\u00e5, med tanke p\u00e5 hur illa allt kunde ha g\u00e5tt om inte hunden v\u00e4ckt mig, s\u00e4ger hon till Skvaderbladet.<\/span><\/p>\n<p>En eldriven lampa ska ha funnits i h\u00f6nshuset som hon misst\u00e4nker ska vara anledning till branden. M\u00e4rta-li beskriver att hon k\u00e4nner en stor respekt och tacksamhet till r\u00e4ddningstj\u00e4nsten som kune komma snabbt. Men samtidigt k\u00e4nner hon en skuld till bygden hon bor i, ett ansvar att s\u00e5nt h\u00e4r inte ska ske. R\u00e4ddningstj\u00e4nsten beklagade f\u00f6r djuren som f\u00f6rlorades i branden. Men vad samtidigt tacksamma att slippa b\u00e4ra ut m\u00e4nniskor.<\/p>\n<p><span style=\"font-weight: 400;\">\u2014Man kan inte ha tilltro till s\u00e5dan h\u00e4r utrustning, man vet inte om de suger \u00e5t sig dam och tar eld, s\u00e4ger hon till Skvaderbladet.\u00a0<\/span><\/p>\n<p>&nbsp;<\/p>\n<figure id=\"attachment_10027\" aria-describedby=\"caption-attachment-10027\" style=\"width: 720px\" class=\"wp-caption alignnone\"><img loading=\"lazy\" decoding=\"async\" class=\"size-fullstory wp-image-10027\" src=\"https:\/\/mkv.miun.se\/skvaderbladet\/wp-content\/uploads\/2024\/03\/nyhetssvallet-namnlos-design-1-960x540.jpg\" alt=\"En hund och skrot efter branden. \" width=\"720\" height=\"405\" srcset=\"https:\/\/mkv.miun.se\/skvaderbladet\/wp-content\/uploads\/2024\/03\/nyhetssvallet-namnlos-design-1-960x540.jpg 960w, https:\/\/mkv.miun.se\/skvaderbladet\/wp-content\/uploads\/2024\/03\/nyhetssvallet-namnlos-design-1-300x169.jpg 300w, https:\/\/mkv.miun.se\/skvaderbladet\/wp-content\/uploads\/2024\/03\/nyhetssvallet-namnlos-design-1-725x408.jpg 725w, https:\/\/mkv.miun.se\/skvaderbladet\/wp-content\/uploads\/2024\/03\/nyhetssvallet-namnlos-design-1-768x432.jpg 768w, https:\/\/mkv.miun.se\/skvaderbladet\/wp-content\/uploads\/2024\/03\/nyhetssvallet-namnlos-design-1-1536x864.jpg 1536w, https:\/\/mkv.miun.se\/skvaderbladet\/wp-content\/uploads\/2024\/03\/nyhetssvallet-namnlos-design-1-730x411.jpg 730w, https:\/\/mkv.miun.se\/skvaderbladet\/wp-content\/uploads\/2024\/03\/nyhetssvallet-namnlos-design-1-325x183.jpg 325w, https:\/\/mkv.miun.se\/skvaderbladet\/wp-content\/uploads\/2024\/03\/nyhetssvallet-namnlos-design-1-650x366.jpg 650w, https:\/\/mkv.miun.se\/skvaderbladet\/wp-content\/uploads\/2024\/03\/nyhetssvallet-namnlos-design-1.jpg 1920w\" sizes=\"auto, (max-width: 720px) 100vw, 720px\" \/><figcaption id=\"caption-attachment-10027\" class=\"wp-caption-text\">Hunden Bibbi som agerade brandlarm och resorna dagen efter.<\/figcaption><\/figure>\n<p>&nbsp;<\/p>\n<p>&nbsp;<\/p>\n","protected":false},"excerpt":{"rendered":"<p>Storhullsj\u00f6n 06-03-2024 N\u00e4r r\u00e4ddningstj\u00e4nsten larmades till Storhullsj\u00f6n natten till onsdagen m\u00f6ttes de av ett h\u00f6nshus i l\u00e5gor och en chockerad [&hellip;]<\/p>\n","protected":false},"author":287,"featured_media":0,"comment_status":"open","ping_status":"open","sticky":false,"template":"","format":"standard","meta":{"_acf_changed":false,"site-sidebar-layout":"default","site-content-layout":"","ast-site-content-layout":"default","site-content-style":"default","site-sidebar-style":"default","ast-global-header-display":"","ast-banner-title-visibility":"","ast-main-header-display":"","ast-hfb-above-header-display":"","ast-hfb-below-header-display":"","ast-hfb-mobile-header-display":"","site-post-title":"","ast-breadcrumbs-content":"","ast-featured-img":"","footer-sml-layout":"","ast-disable-related-posts":"","theme-transparent-header-meta":"","adv-header-id-meta":"","stick-header-meta":"","header-above-stick-meta":"","header-main-stick-meta":"","header-below-stick-meta":"","astra-migrate-meta-layouts":"default","ast-page-background-enabled":"default","ast-page-background-meta":{"desktop":{"background-color":"var(--ast-global-color-5)","background-image":"","background-repeat":"repeat","background-position":"center center","background-size":"auto","background-attachment":"scroll","background-type":"","background-media":"","overlay-type":"","overlay-color":"","overlay-opacity":"","overlay-gradient":""},"tablet":{"background-color":"","background-image":"","background-repeat":"repeat","background-position":"center center","background-size":"auto","background-attachment":"scroll","background-type":"","background-media":"","overlay-type":"","overlay-color":"","overlay-opacity":"","overlay-gradient":""},"mobile":{"background-color":"","background-image":"","background-repeat":"repeat","background-position":"center center","background-size":"auto","background-attachment":"scroll","background-type":"","background-media":"","overlay-type":"","overlay-color":"","overlay-opacity":"","overlay-gradient":""}},"ast-content-background-meta":{"desktop":{"background-color":"var(--ast-global-color-4)","background-image":"","background-repeat":"repeat","background-position":"center center","background-size":"auto","background-attachment":"scroll","background-type":"","background-media":"","overlay-type":"","overlay-color":"","overlay-opacity":"","overlay-gradient":""},"tablet":{"background-color":"var(--ast-global-color-4)","background-image":"","background-repeat":"repeat","background-position":"center center","background-size":"auto","background-attachment":"scroll","background-type":"","background-media":"","overlay-type":"","overlay-color":"","overlay-opacity":"","overlay-gradient":""},"mobile":{"background-color":"var(--ast-global-color-4)","background-image":"","background-repeat":"repeat","background-position":"center center","background-size":"auto","background-attachment":"scroll","background-type":"","background-media":"","overlay-type":"","overlay-color":"","overlay-opacity":"","overlay-gradient":""}},"footnotes":""},"categories":[18,2],"tags":[74,76,75],"class_list":["post-9915","post","type-post","status-publish","format-standard","hentry","category-blaljus","category-nyheter","tag-brand","tag-stode","tag-storhullssjon"],"acf":[],"_links":{"self":[{"href":"https:\/\/mkv.miun.se\/skvaderbladet\/wp-json\/wp\/v2\/posts\/9915","targetHints":{"allow":["GET"]}}],"collection":[{"href":"https:\/\/mkv.miun.se\/skvaderbladet\/wp-json\/wp\/v2\/posts"}],"about":[{"href":"https:\/\/mkv.miun.se\/skvaderbladet\/wp-json\/wp\/v2\/types\/post"}],"author":[{"embeddable":true,"href":"https:\/\/mkv.miun.se\/skvaderbladet\/wp-json\/wp\/v2\/users\/287"}],"replies":[{"embeddable":true,"href":"https:\/\/mkv.miun.se\/skvaderbladet\/wp-json\/wp\/v2\/comments?post=9915"}],"version-history":[{"count":0,"href":"https:\/\/mkv.miun.se\/skvaderbladet\/wp-json\/wp\/v2\/posts\/9915\/revisions"}],"wp:attachment":[{"href":"https:\/\/mkv.miun.se\/skvaderbladet\/wp-json\/wp\/v2\/media?parent=9915"}],"wp:term":[{"taxonomy":"category","embeddable":true,"href":"https:\/\/mkv.miun.se\/skvaderbladet\/wp-json\/wp\/v2\/categories?post=9915"},{"taxonomy":"post_tag","embeddable":true,"href":"https:\/\/mkv.miun.se\/skvaderbladet\/wp-json\/wp\/v2\/tags?post=9915"}],"curies":[{"name":"wp","href":"https:\/\/api.w.org\/{rel}","templated":true}]}}