{"id":9841,"date":"2024-03-05T15:46:43","date_gmt":"2024-03-05T14:46:43","guid":{"rendered":"https:\/\/mkv.miun.se\/skvaderbladet\/?p=9841"},"modified":"2024-03-05T15:46:43","modified_gmt":"2024-03-05T14:46:43","slug":"sundsvalls-studentkar-satsar-pa-karhus","status":"publish","type":"post","link":"https:\/\/mkv.miun.se\/skvaderbladet\/sundsvalls-studentkar-satsar-pa-karhus\/","title":{"rendered":"Sundsvalls studentk\u00e5r satsar p\u00e5 k\u00e5rhus"},"content":{"rendered":"<p><span class=\"ortsdatering\">Sundsvall 05-03-24<\/span><\/p>\n<figure id=\"attachment_9854\" aria-describedby=\"caption-attachment-9854\" style=\"width: 720px\" class=\"wp-caption alignnone\"><img loading=\"lazy\" decoding=\"async\" class=\"size-fullstory wp-image-9854\" src=\"https:\/\/mkv.miun.se\/skvaderbladet\/wp-content\/uploads\/2024\/03\/nyhetssvallet-img-7692-960x720.jpg\" alt=\"Bilden visar en k\u00e4llarlokal med vita v\u00e4ggar. Det \u00e4r ett betonggolv. Det \u00e4r ett starkt ljus av taklamporna. \" width=\"720\" height=\"540\" srcset=\"https:\/\/mkv.miun.se\/skvaderbladet\/wp-content\/uploads\/2024\/03\/nyhetssvallet-img-7692-960x720.jpg 960w, https:\/\/mkv.miun.se\/skvaderbladet\/wp-content\/uploads\/2024\/03\/nyhetssvallet-img-7692-300x225.jpg 300w, https:\/\/mkv.miun.se\/skvaderbladet\/wp-content\/uploads\/2024\/03\/nyhetssvallet-img-7692-725x544.jpg 725w, https:\/\/mkv.miun.se\/skvaderbladet\/wp-content\/uploads\/2024\/03\/nyhetssvallet-img-7692-768x576.jpg 768w, https:\/\/mkv.miun.se\/skvaderbladet\/wp-content\/uploads\/2024\/03\/nyhetssvallet-img-7692-1536x1152.jpg 1536w, https:\/\/mkv.miun.se\/skvaderbladet\/wp-content\/uploads\/2024\/03\/nyhetssvallet-img-7692-2048x1536.jpg 2048w, https:\/\/mkv.miun.se\/skvaderbladet\/wp-content\/uploads\/2024\/03\/nyhetssvallet-img-7692-730x548.jpg 730w, https:\/\/mkv.miun.se\/skvaderbladet\/wp-content\/uploads\/2024\/03\/nyhetssvallet-img-7692-325x244.jpg 325w, https:\/\/mkv.miun.se\/skvaderbladet\/wp-content\/uploads\/2024\/03\/nyhetssvallet-img-7692-650x488.jpg 650w\" sizes=\"auto, (max-width: 720px) 100vw, 720px\" \/><figcaption id=\"caption-attachment-9854\" class=\"wp-caption-text\">Lokalen \u00e4r p\u00e5 187 kvadratmeter d\u00e4r cirka tv\u00e5 tredjedelar kommer vara sociala ytor f\u00f6r studenterna. Delar av lokalen har en takh\u00f6jd p\u00e5 endast 2 meter. Bild: Selma Wallberg<\/figcaption><\/figure>\n<p><span class=\"ingress\">P\u00e5 fem\u00e5rsdagen sedan det senaste k\u00e5rhuset ans\u00f6kte om konkurs skrev studentk\u00e5ren i Sundsvall, SKS, p\u00e5 ett nytt avtal f\u00f6r k\u00e5rhus. <\/span><\/p>\n<p><span class=\"ingress\">\u2013Vi tror vi har det engagemang som kr\u00e4vs, s\u00e4ger Erik Lund ordf\u00f6rande f\u00f6r SKS.<\/span><\/p>\n<p>SKS, Studentk\u00e5ren i Sundvall, har sedan det senaste k\u00e5rhuset st\u00e4ngde sett att det funnits ett stort intresse f\u00f6r att \u00f6ppna upp ett nytt k\u00e5rhus. Tyv\u00e4rr har inte de inte haft de r\u00e4tta f\u00f6ruts\u00e4ttningarna, fram tills nu.<\/p>\n<p>Studentk\u00e5ren \u00e4r i full g\u00e5ng med att planera det nya bygget. Erik Lund, ordf\u00f6rande i SKS, ber\u00e4ttar att de har rivit det som ska rivas i lokalen och att de nu v\u00e4ntar p\u00e5 bygglov f\u00f6r att kunna forts\u00e4tta med arbetet.<\/p>\n<figure id=\"attachment_9851\" aria-describedby=\"caption-attachment-9851\" style=\"width: 720px\" class=\"wp-caption alignnone\"><img loading=\"lazy\" decoding=\"async\" class=\"size-fullstory wp-image-9851\" src=\"https:\/\/mkv.miun.se\/skvaderbladet\/wp-content\/uploads\/2024\/03\/nyhetssvallet-img-7684-960x720.jpg\" alt=\"P\u00e5 bilden syns Erik Lund, ordf\u00f6rande f\u00f6r studentk\u00e5ren i Sundsvall. Han har r\u00f6tt h\u00e5r och stort sk\u00e4gg. Han har en brun polotr\u00f6ja. \" width=\"720\" height=\"540\" srcset=\"https:\/\/mkv.miun.se\/skvaderbladet\/wp-content\/uploads\/2024\/03\/nyhetssvallet-img-7684-960x720.jpg 960w, https:\/\/mkv.miun.se\/skvaderbladet\/wp-content\/uploads\/2024\/03\/nyhetssvallet-img-7684-300x225.jpg 300w, https:\/\/mkv.miun.se\/skvaderbladet\/wp-content\/uploads\/2024\/03\/nyhetssvallet-img-7684-725x544.jpg 725w, https:\/\/mkv.miun.se\/skvaderbladet\/wp-content\/uploads\/2024\/03\/nyhetssvallet-img-7684-768x576.jpg 768w, https:\/\/mkv.miun.se\/skvaderbladet\/wp-content\/uploads\/2024\/03\/nyhetssvallet-img-7684-1536x1152.jpg 1536w, https:\/\/mkv.miun.se\/skvaderbladet\/wp-content\/uploads\/2024\/03\/nyhetssvallet-img-7684-2048x1536.jpg 2048w, https:\/\/mkv.miun.se\/skvaderbladet\/wp-content\/uploads\/2024\/03\/nyhetssvallet-img-7684-730x548.jpg 730w, https:\/\/mkv.miun.se\/skvaderbladet\/wp-content\/uploads\/2024\/03\/nyhetssvallet-img-7684-325x244.jpg 325w, https:\/\/mkv.miun.se\/skvaderbladet\/wp-content\/uploads\/2024\/03\/nyhetssvallet-img-7684-650x488.jpg 650w\" sizes=\"auto, (max-width: 720px) 100vw, 720px\" \/><figcaption id=\"caption-attachment-9851\" class=\"wp-caption-text\">Erik Lund, ordf\u00f6rande f\u00f6r Studentk\u00e5ren i Sundsvall, visar hur det ser ut i det nya k\u00e5rhuset. Foto: Selma Wallberg<\/figcaption><\/figure>\n<p>Planen \u00e4r att skapa en social yta f\u00f6r studenterna att umg\u00e5s. De vill \u00e4ven bedriva en pubverksamhet n\u00e5gon g\u00e5ng i veckan.<\/p>\n<p>Trots att lokalen inte \u00e4r den st\u00f6rsta eller anpassad f\u00f6r denna typ av verksamhet ser Erik Lund positivt p\u00e5 dess framtid.<\/p>\n<p>\u2013Det \u00e4r inte det st\u00f6rsta eller mest fancy, men jag tror att det kommer fungera bra \u00e4nd\u00e5, s\u00e4ger Erik Lund.<\/p>\n<p>Tanken \u00e4r d\u00e4remot att samarbetet med Gr\u00f6nborg kommer att forts\u00e4tta.<\/p>\n<p>De funderar f\u00f6r tillf\u00e4llet vilken stil de vill ha i lokalen. D\u00e4r ber\u00e4ttar Erik Lund att de vill ha n\u00e5got som representerar Sundsvalls studentkultur. De vill att detta ska finnas representerat p\u00e5 v\u00e4ggar och i inredningen.<\/p>\n<p>I den nya lokalen kommer studenterna sj\u00e4lva kunna best\u00e4mma mer om hur de vill anv\u00e4nda lokalen. H\u00e4r kommer det finnas utrymmen f\u00f6r att umg\u00e5s, spela spel och studera tillsammans. Detta \u00e4r n\u00e5got som har varit en utmaning med Gr\u00f6nborg, p\u00e5 grund av storleken.<\/p>\n<p>\u2013Det har varit utmanande att starta k\u00e5rhus, d\u00e5 folk ofta associerar k\u00e5rhus med fulla studenter och d\u00e4rmed \u00e4r skeptiska. Vi vill att det h\u00e4r ska vara en plats att umg\u00e5s p\u00e5, s\u00e4ger Erik Lund.<\/p>\n<p>\u2013H\u00e4r kan vi best\u00e4mma och g\u00f6ra saker som vi vill g\u00f6ra det, s\u00e4ger Erik Lund.<\/p>\n<p>Studentk\u00e5ren ber\u00e4knar att k\u00e5rhuset \u00e4r f\u00e4rdigt i oktober, men f\u00f6rhoppningarna \u00e4r att \u00e4nd\u00e5 kunna \u00f6ppna delar av verksamheten innan det.<\/p>\n<p><figure id=\"attachment_9853\" aria-describedby=\"caption-attachment-9853\" style=\"width: 720px\" class=\"wp-caption alignnone\"><img loading=\"lazy\" decoding=\"async\" class=\"size-fullstory wp-image-9853\" src=\"https:\/\/mkv.miun.se\/skvaderbladet\/wp-content\/uploads\/2024\/03\/nyhetssvallet-img-7691-960x720.jpg\" alt=\"En tom k\u00e4llare med vita v\u00e4ggar och betonggolv. Det \u00e4r ett skarp ljus av taklamporna.   \" width=\"720\" height=\"540\" srcset=\"https:\/\/mkv.miun.se\/skvaderbladet\/wp-content\/uploads\/2024\/03\/nyhetssvallet-img-7691-960x720.jpg 960w, https:\/\/mkv.miun.se\/skvaderbladet\/wp-content\/uploads\/2024\/03\/nyhetssvallet-img-7691-300x225.jpg 300w, https:\/\/mkv.miun.se\/skvaderbladet\/wp-content\/uploads\/2024\/03\/nyhetssvallet-img-7691-725x544.jpg 725w, https:\/\/mkv.miun.se\/skvaderbladet\/wp-content\/uploads\/2024\/03\/nyhetssvallet-img-7691-768x576.jpg 768w, https:\/\/mkv.miun.se\/skvaderbladet\/wp-content\/uploads\/2024\/03\/nyhetssvallet-img-7691-1536x1152.jpg 1536w, https:\/\/mkv.miun.se\/skvaderbladet\/wp-content\/uploads\/2024\/03\/nyhetssvallet-img-7691-2048x1536.jpg 2048w, https:\/\/mkv.miun.se\/skvaderbladet\/wp-content\/uploads\/2024\/03\/nyhetssvallet-img-7691-730x548.jpg 730w, https:\/\/mkv.miun.se\/skvaderbladet\/wp-content\/uploads\/2024\/03\/nyhetssvallet-img-7691-325x244.jpg 325w, https:\/\/mkv.miun.se\/skvaderbladet\/wp-content\/uploads\/2024\/03\/nyhetssvallet-img-7691-650x488.jpg 650w\" sizes=\"auto, (max-width: 720px) 100vw, 720px\" \/><figcaption id=\"caption-attachment-9853\" class=\"wp-caption-text\">K\u00e4llaren som till h\u00f6sten kommer vara fylld av studenter. Foto: Selma Wallberg<\/figcaption><\/figure> <figure id=\"attachment_9862\" aria-describedby=\"caption-attachment-9862\" style=\"width: 720px\" class=\"wp-caption alignnone\"><img loading=\"lazy\" decoding=\"async\" class=\"size-fullstory wp-image-9862\" src=\"https:\/\/mkv.miun.se\/skvaderbladet\/wp-content\/uploads\/2024\/03\/nyhetssvallet-nyhetssvallet-copy-of-planlosning-ide-1-2-page-0001-960x540.jpg\" alt=\"\" width=\"720\" height=\"405\" srcset=\"https:\/\/mkv.miun.se\/skvaderbladet\/wp-content\/uploads\/2024\/03\/nyhetssvallet-nyhetssvallet-copy-of-planlosning-ide-1-2-page-0001-960x540.jpg 960w, https:\/\/mkv.miun.se\/skvaderbladet\/wp-content\/uploads\/2024\/03\/nyhetssvallet-nyhetssvallet-copy-of-planlosning-ide-1-2-page-0001-300x169.jpg 300w, https:\/\/mkv.miun.se\/skvaderbladet\/wp-content\/uploads\/2024\/03\/nyhetssvallet-nyhetssvallet-copy-of-planlosning-ide-1-2-page-0001-725x408.jpg 725w, https:\/\/mkv.miun.se\/skvaderbladet\/wp-content\/uploads\/2024\/03\/nyhetssvallet-nyhetssvallet-copy-of-planlosning-ide-1-2-page-0001-768x432.jpg 768w, https:\/\/mkv.miun.se\/skvaderbladet\/wp-content\/uploads\/2024\/03\/nyhetssvallet-nyhetssvallet-copy-of-planlosning-ide-1-2-page-0001-1536x864.jpg 1536w, https:\/\/mkv.miun.se\/skvaderbladet\/wp-content\/uploads\/2024\/03\/nyhetssvallet-nyhetssvallet-copy-of-planlosning-ide-1-2-page-0001-2048x1152.jpg 2048w, https:\/\/mkv.miun.se\/skvaderbladet\/wp-content\/uploads\/2024\/03\/nyhetssvallet-nyhetssvallet-copy-of-planlosning-ide-1-2-page-0001-730x411.jpg 730w, https:\/\/mkv.miun.se\/skvaderbladet\/wp-content\/uploads\/2024\/03\/nyhetssvallet-nyhetssvallet-copy-of-planlosning-ide-1-2-page-0001-325x183.jpg 325w, https:\/\/mkv.miun.se\/skvaderbladet\/wp-content\/uploads\/2024\/03\/nyhetssvallet-nyhetssvallet-copy-of-planlosning-ide-1-2-page-0001-650x366.jpg 650w\" sizes=\"auto, (max-width: 720px) 100vw, 720px\" \/><figcaption id=\"caption-attachment-9862\" class=\"wp-caption-text\">H\u00e4r syns planl\u00f6sningen f\u00f6r det nya k\u00e5rhuset.<\/figcaption><\/figure><\/p>\n","protected":false},"excerpt":{"rendered":"<p>Sundsvall 05-03-24 P\u00e5 fem\u00e5rsdagen sedan det senaste k\u00e5rhuset ans\u00f6kte om konkurs skrev studentk\u00e5ren i Sundsvall, SKS, p\u00e5 ett nytt avtal [&hellip;]<\/p>\n","protected":false},"author":287,"featured_media":0,"comment_status":"open","ping_status":"open","sticky":false,"template":"","format":"standard","meta":{"_acf_changed":false,"site-sidebar-layout":"default","site-content-layout":"","ast-site-content-layout":"default","site-content-style":"default","site-sidebar-style":"default","ast-global-header-display":"","ast-banner-title-visibility":"","ast-main-header-display":"","ast-hfb-above-header-display":"","ast-hfb-below-header-display":"","ast-hfb-mobile-header-display":"","site-post-title":"","ast-breadcrumbs-content":"","ast-featured-img":"","footer-sml-layout":"","ast-disable-related-posts":"","theme-transparent-header-meta":"","adv-header-id-meta":"","stick-header-meta":"","header-above-stick-meta":"","header-main-stick-meta":"","header-below-stick-meta":"","astra-migrate-meta-layouts":"default","ast-page-background-enabled":"default","ast-page-background-meta":{"desktop":{"background-color":"var(--ast-global-color-5)","background-image":"","background-repeat":"repeat","background-position":"center center","background-size":"auto","background-attachment":"scroll","background-type":"","background-media":"","overlay-type":"","overlay-color":"","overlay-opacity":"","overlay-gradient":""},"tablet":{"background-color":"","background-image":"","background-repeat":"repeat","background-position":"center center","background-size":"auto","background-attachment":"scroll","background-type":"","background-media":"","overlay-type":"","overlay-color":"","overlay-opacity":"","overlay-gradient":""},"mobile":{"background-color":"","background-image":"","background-repeat":"repeat","background-position":"center center","background-size":"auto","background-attachment":"scroll","background-type":"","background-media":"","overlay-type":"","overlay-color":"","overlay-opacity":"","overlay-gradient":""}},"ast-content-background-meta":{"desktop":{"background-color":"var(--ast-global-color-4)","background-image":"","background-repeat":"repeat","background-position":"center center","background-size":"auto","background-attachment":"scroll","background-type":"","background-media":"","overlay-type":"","overlay-color":"","overlay-opacity":"","overlay-gradient":""},"tablet":{"background-color":"var(--ast-global-color-4)","background-image":"","background-repeat":"repeat","background-position":"center center","background-size":"auto","background-attachment":"scroll","background-type":"","background-media":"","overlay-type":"","overlay-color":"","overlay-opacity":"","overlay-gradient":""},"mobile":{"background-color":"var(--ast-global-color-4)","background-image":"","background-repeat":"repeat","background-position":"center center","background-size":"auto","background-attachment":"scroll","background-type":"","background-media":"","overlay-type":"","overlay-color":"","overlay-opacity":"","overlay-gradient":""}},"footnotes":""},"categories":[2],"tags":[55,27,56],"class_list":["post-9841","post","type-post","status-publish","format-standard","hentry","category-nyheter","tag-karhus","tag-mittuniversitetet","tag-studenter"],"acf":[],"_links":{"self":[{"href":"https:\/\/mkv.miun.se\/skvaderbladet\/wp-json\/wp\/v2\/posts\/9841","targetHints":{"allow":["GET"]}}],"collection":[{"href":"https:\/\/mkv.miun.se\/skvaderbladet\/wp-json\/wp\/v2\/posts"}],"about":[{"href":"https:\/\/mkv.miun.se\/skvaderbladet\/wp-json\/wp\/v2\/types\/post"}],"author":[{"embeddable":true,"href":"https:\/\/mkv.miun.se\/skvaderbladet\/wp-json\/wp\/v2\/users\/287"}],"replies":[{"embeddable":true,"href":"https:\/\/mkv.miun.se\/skvaderbladet\/wp-json\/wp\/v2\/comments?post=9841"}],"version-history":[{"count":0,"href":"https:\/\/mkv.miun.se\/skvaderbladet\/wp-json\/wp\/v2\/posts\/9841\/revisions"}],"wp:attachment":[{"href":"https:\/\/mkv.miun.se\/skvaderbladet\/wp-json\/wp\/v2\/media?parent=9841"}],"wp:term":[{"taxonomy":"category","embeddable":true,"href":"https:\/\/mkv.miun.se\/skvaderbladet\/wp-json\/wp\/v2\/categories?post=9841"},{"taxonomy":"post_tag","embeddable":true,"href":"https:\/\/mkv.miun.se\/skvaderbladet\/wp-json\/wp\/v2\/tags?post=9841"}],"curies":[{"name":"wp","href":"https:\/\/api.w.org\/{rel}","templated":true}]}}