{"id":9800,"date":"2024-03-05T11:33:47","date_gmt":"2024-03-05T10:33:47","guid":{"rendered":"https:\/\/mkv.miun.se\/skvaderbladet\/?p=9800"},"modified":"2024-03-11T10:44:36","modified_gmt":"2024-03-11T09:44:36","slug":"uppskjutet-firande-drar-igang","status":"publish","type":"post","link":"https:\/\/mkv.miun.se\/skvaderbladet\/uppskjutet-firande-drar-igang\/","title":{"rendered":"Uppskjutet firande drar ig\u00e5ng"},"content":{"rendered":"<p><span class=\"ortsdatering\">Sundsvall 24.03.05<\/span><\/p>\n<figure id=\"attachment_9810\" aria-describedby=\"caption-attachment-9810\" style=\"width: 720px\" class=\"wp-caption alignnone\"><img loading=\"lazy\" decoding=\"async\" class=\"size-fullstory wp-image-9810\" src=\"https:\/\/mkv.miun.se\/skvaderbladet\/wp-content\/uploads\/2024\/03\/nyhetssvallet-420663348-360438223654407-3520296341535299032-n-960x720.jpg\" alt=\"Bild ut \u00f6ver Sel\u00e5nges\u00e5n. \" width=\"720\" height=\"540\" srcset=\"https:\/\/mkv.miun.se\/skvaderbladet\/wp-content\/uploads\/2024\/03\/nyhetssvallet-420663348-360438223654407-3520296341535299032-n-960x720.jpg 960w, https:\/\/mkv.miun.se\/skvaderbladet\/wp-content\/uploads\/2024\/03\/nyhetssvallet-420663348-360438223654407-3520296341535299032-n-300x225.jpg 300w, https:\/\/mkv.miun.se\/skvaderbladet\/wp-content\/uploads\/2024\/03\/nyhetssvallet-420663348-360438223654407-3520296341535299032-n-725x544.jpg 725w, https:\/\/mkv.miun.se\/skvaderbladet\/wp-content\/uploads\/2024\/03\/nyhetssvallet-420663348-360438223654407-3520296341535299032-n-768x576.jpg 768w, https:\/\/mkv.miun.se\/skvaderbladet\/wp-content\/uploads\/2024\/03\/nyhetssvallet-420663348-360438223654407-3520296341535299032-n-1536x1152.jpg 1536w, https:\/\/mkv.miun.se\/skvaderbladet\/wp-content\/uploads\/2024\/03\/nyhetssvallet-420663348-360438223654407-3520296341535299032-n-2048x1536.jpg 2048w, https:\/\/mkv.miun.se\/skvaderbladet\/wp-content\/uploads\/2024\/03\/nyhetssvallet-420663348-360438223654407-3520296341535299032-n-730x548.jpg 730w, https:\/\/mkv.miun.se\/skvaderbladet\/wp-content\/uploads\/2024\/03\/nyhetssvallet-420663348-360438223654407-3520296341535299032-n-325x244.jpg 325w, https:\/\/mkv.miun.se\/skvaderbladet\/wp-content\/uploads\/2024\/03\/nyhetssvallet-420663348-360438223654407-3520296341535299032-n-650x488.jpg 650w\" sizes=\"auto, (max-width: 720px) 100vw, 720px\" \/><figcaption id=\"caption-attachment-9810\" class=\"wp-caption-text\">Jubileet drog i g\u00e5ng p\u00e5 ny\u00e5r och forts\u00e4tter under hela \u00e5ret.<\/figcaption><\/figure>\n<p><span class=\"ingress\"><strong>Sundsvalls 400-\u00e5rsjubileum, som fr\u00e5n b\u00f6rjan var planerat till 2021, g\u00e5r i \u00e5r av stapeln. I och med coronapandemin som br\u00f6t ut kunde jubileet inte h\u00e5llas n\u00e4r det var planerat.<\/strong>\u00a0<\/span><\/p>\n<p>Jubileumsfirandet startade redan vid Stora torget vid tolvslaget p\u00e5 ny\u00e5r d\u00e4r tusentals Sundsvallsbor befann sig. Sundsvallsborna togs p\u00e5 en visuell resa bak\u00e5t i tiden genom historien, till exempel iscensattes den stora branden som br\u00e4nde ner hela Sundsvall 1888. Jubileet kommer att firas med olika evenemang och aktiviteter under hela \u00e5ret. Den 15 april, d\u00e5 Sundsvall firar 400 \u00e5r kommer elever i f\u00f6r- och grundskolor och boende p\u00e5 \u00e4ldreboenden fira med festlig mat och aktiviteter som ger en inblick i Sundsvalls historia. P\u00e5 nationaldagen i juni ska det firas med ett extra l\u00e5ngt program med jubileums touch.<\/p>\n<p>I samband med firandet kommer Sveriges kung och drottning till Sundsvall f\u00f6r att delta p\u00e5 jubileumsveckan i h\u00f6st. Vad de ska g\u00f6ra under veckan \u00e4r \u00e4nnu inte klart.\u00a0<\/p>\n<p>\u2014 Det \u00e4r inte varje dag kungaparet kommer p\u00e5 bes\u00f6k, s\u00e4ger Anders Udd\u00e9n, direkt\u00f6r f\u00f6r kultur- och fritidsf\u00f6rvaltningen, vid kommunen i ett pressmeddelande.<\/p>\n<p>Det \u00e4r Sundsvalls kommun som st\u00e5r f\u00f6r evengemanget men \u00e4ven Sundsvallsbor, akt\u00f6rer inom f\u00f6reningsliv, n\u00e4ringslivet, akademi och offentlig verksamhet uppmanas ocks\u00e5 att st\u00e4lla upp. Syftet \u00e4r att skapa f\u00f6ruts\u00e4ttningar f\u00f6r Sundsvallsbor och att f\u00e5 m\u00e4nniskor att vara stolta \u00f6ver att kalla Sundsvall sitt hem. Firandet skulle fr\u00e5n b\u00f6rjan firas 2021 eftersom staden grundades 1621. Men staden statsf\u00e4stes f\u00f6rst 15 april 1624.<\/p>\n","protected":false},"excerpt":{"rendered":"<p>Sundsvall 24.03.05 Sundsvalls 400-\u00e5rsjubileum, som fr\u00e5n b\u00f6rjan var planerat till 2021, g\u00e5r i \u00e5r av stapeln. I och med coronapandemin [&hellip;]<\/p>\n","protected":false},"author":287,"featured_media":0,"comment_status":"open","ping_status":"open","sticky":false,"template":"","format":"standard","meta":{"_acf_changed":false,"site-sidebar-layout":"default","site-content-layout":"","ast-site-content-layout":"default","site-content-style":"default","site-sidebar-style":"default","ast-global-header-display":"","ast-banner-title-visibility":"","ast-main-header-display":"","ast-hfb-above-header-display":"","ast-hfb-below-header-display":"","ast-hfb-mobile-header-display":"","site-post-title":"","ast-breadcrumbs-content":"","ast-featured-img":"","footer-sml-layout":"","ast-disable-related-posts":"","theme-transparent-header-meta":"","adv-header-id-meta":"","stick-header-meta":"","header-above-stick-meta":"","header-main-stick-meta":"","header-below-stick-meta":"","astra-migrate-meta-layouts":"default","ast-page-background-enabled":"default","ast-page-background-meta":{"desktop":{"background-color":"var(--ast-global-color-5)","background-image":"","background-repeat":"repeat","background-position":"center center","background-size":"auto","background-attachment":"scroll","background-type":"","background-media":"","overlay-type":"","overlay-color":"","overlay-opacity":"","overlay-gradient":""},"tablet":{"background-color":"","background-image":"","background-repeat":"repeat","background-position":"center center","background-size":"auto","background-attachment":"scroll","background-type":"","background-media":"","overlay-type":"","overlay-color":"","overlay-opacity":"","overlay-gradient":""},"mobile":{"background-color":"","background-image":"","background-repeat":"repeat","background-position":"center center","background-size":"auto","background-attachment":"scroll","background-type":"","background-media":"","overlay-type":"","overlay-color":"","overlay-opacity":"","overlay-gradient":""}},"ast-content-background-meta":{"desktop":{"background-color":"var(--ast-global-color-4)","background-image":"","background-repeat":"repeat","background-position":"center center","background-size":"auto","background-attachment":"scroll","background-type":"","background-media":"","overlay-type":"","overlay-color":"","overlay-opacity":"","overlay-gradient":""},"tablet":{"background-color":"var(--ast-global-color-4)","background-image":"","background-repeat":"repeat","background-position":"center center","background-size":"auto","background-attachment":"scroll","background-type":"","background-media":"","overlay-type":"","overlay-color":"","overlay-opacity":"","overlay-gradient":""},"mobile":{"background-color":"var(--ast-global-color-4)","background-image":"","background-repeat":"repeat","background-position":"center center","background-size":"auto","background-attachment":"scroll","background-type":"","background-media":"","overlay-type":"","overlay-color":"","overlay-opacity":"","overlay-gradient":""}},"footnotes":""},"categories":[4],"tags":[149,151,153,152,150,121],"class_list":["post-9800","post","type-post","status-publish","format-standard","hentry","category-kultur","tag-400-arsjubileum","tag-carl-xvi-gustaf","tag-drottning-silvia","tag-drottningen","tag-kungen","tag-sundsvalls-kommun"],"acf":[],"_links":{"self":[{"href":"https:\/\/mkv.miun.se\/skvaderbladet\/wp-json\/wp\/v2\/posts\/9800","targetHints":{"allow":["GET"]}}],"collection":[{"href":"https:\/\/mkv.miun.se\/skvaderbladet\/wp-json\/wp\/v2\/posts"}],"about":[{"href":"https:\/\/mkv.miun.se\/skvaderbladet\/wp-json\/wp\/v2\/types\/post"}],"author":[{"embeddable":true,"href":"https:\/\/mkv.miun.se\/skvaderbladet\/wp-json\/wp\/v2\/users\/287"}],"replies":[{"embeddable":true,"href":"https:\/\/mkv.miun.se\/skvaderbladet\/wp-json\/wp\/v2\/comments?post=9800"}],"version-history":[{"count":0,"href":"https:\/\/mkv.miun.se\/skvaderbladet\/wp-json\/wp\/v2\/posts\/9800\/revisions"}],"wp:attachment":[{"href":"https:\/\/mkv.miun.se\/skvaderbladet\/wp-json\/wp\/v2\/media?parent=9800"}],"wp:term":[{"taxonomy":"category","embeddable":true,"href":"https:\/\/mkv.miun.se\/skvaderbladet\/wp-json\/wp\/v2\/categories?post=9800"},{"taxonomy":"post_tag","embeddable":true,"href":"https:\/\/mkv.miun.se\/skvaderbladet\/wp-json\/wp\/v2\/tags?post=9800"}],"curies":[{"name":"wp","href":"https:\/\/api.w.org\/{rel}","templated":true}]}}