{"id":9711,"date":"2024-03-04T15:55:10","date_gmt":"2024-03-04T14:55:10","guid":{"rendered":"https:\/\/mkv.miun.se\/skvaderbladet\/?p=9711"},"modified":"2024-03-11T10:36:35","modified_gmt":"2024-03-11T09:36:35","slug":"infor-vasteras-sk-gif-sundsvall","status":"publish","type":"post","link":"https:\/\/mkv.miun.se\/skvaderbladet\/infor-vasteras-sk-gif-sundsvall\/","title":{"rendered":"Inf\u00f6r V\u00e4ster\u00e5s SK &#8211; GIF Sundsvall"},"content":{"rendered":"<figure id=\"attachment_9716\" aria-describedby=\"caption-attachment-9716\" style=\"width: 720px\" class=\"wp-caption alignnone\"><img loading=\"lazy\" decoding=\"async\" class=\"size-fullstory wp-image-9716\" src=\"https:\/\/mkv.miun.se\/skvaderbladet\/wp-content\/uploads\/2024\/03\/nyhetssvallet-giffarna-960x720.jpeg\" alt=\"GIF Sundsvall \u00e4ntrar planen p\u00e5 NP3 Arena. Det \u00e4r soligt och mycket publik. Man ser spelartunnel och spelarb\u00e5s i f\u00f6rgrunden. \" width=\"720\" height=\"540\" srcset=\"https:\/\/mkv.miun.se\/skvaderbladet\/wp-content\/uploads\/2024\/03\/nyhetssvallet-giffarna-960x720.jpeg 960w, https:\/\/mkv.miun.se\/skvaderbladet\/wp-content\/uploads\/2024\/03\/nyhetssvallet-giffarna-300x225.jpeg 300w, https:\/\/mkv.miun.se\/skvaderbladet\/wp-content\/uploads\/2024\/03\/nyhetssvallet-giffarna-725x544.jpeg 725w, https:\/\/mkv.miun.se\/skvaderbladet\/wp-content\/uploads\/2024\/03\/nyhetssvallet-giffarna-768x576.jpeg 768w, https:\/\/mkv.miun.se\/skvaderbladet\/wp-content\/uploads\/2024\/03\/nyhetssvallet-giffarna-730x548.jpeg 730w, https:\/\/mkv.miun.se\/skvaderbladet\/wp-content\/uploads\/2024\/03\/nyhetssvallet-giffarna-325x244.jpeg 325w, https:\/\/mkv.miun.se\/skvaderbladet\/wp-content\/uploads\/2024\/03\/nyhetssvallet-giffarna-650x488.jpeg 650w, https:\/\/mkv.miun.se\/skvaderbladet\/wp-content\/uploads\/2024\/03\/nyhetssvallet-giffarna.jpeg 1024w\" sizes=\"auto, (max-width: 720px) 100vw, 720px\" \/><figcaption id=\"caption-attachment-9716\" class=\"wp-caption-text\">Arkivbild fr\u00e5n den 17:e september mot Utsikten BK. Foto: Philip B\u00f6thun<\/figcaption><\/figure>\n<p style=\"font-weight: 400;\"><span class=\"ingress\"><strong>GIF Sundsvall g\u00f6r sig redo f\u00f6r den sista gruppspelsmatchen i svenska cupen. Med tv\u00e5 f\u00f6rluster i bagaget \u00e4r chansen till avancemang borta. Trots det \u00e4r matchen av intresse, d\u00e5 nyf\u00f6rv\u00e4rv f\u00e5r chansen att visa upp sig. <\/strong><\/span><\/p>\n<p style=\"font-weight: 400;\">Under m\u00e5ndagen kommer GIF Sundsvall avsluta s\u00e4songens \u00e4ventyr med en match mot V\u00e4ster\u00e5s SK. Matchen \u00e4r betydelsel\u00f6s f\u00f6r Sundsvall medan V\u00e4ster\u00e5s har en matematisk m\u00f6jlighet att ta sig vidare till slutspelet. Den chansen \u00e4r minimal och \u00e4r mycket beroende av resultatet i den andra matchen i gruppen, Hammarby IF mot Mj\u00e4llby AIF.<\/p>\n<p style=\"font-weight: 400;\"><span class=\"mellanrubrik1\"><strong>Imponerat trots resultaten<\/strong><\/span><\/p>\n<p style=\"font-weight: 400;\">\u201dGiffarna\u201d har trots resultaten imponerat p\u00e5 planen. Hammarby och Mj\u00e4llby \u00e4r tv\u00e5 lag f\u00f6r den \u00f6vre halvan i allsvenskan medan Sundsvall spenderade st\u00f6rre delar av f\u00f6rra s\u00e4songen i krig f\u00f6r \u00f6verlevnad i botten av superettan. De har trots detta varit relativt n\u00e4ra att plocka po\u00e4ng i b\u00e5da matcherna. Nu v\u00e4ntar ett p\u00e5 papperet mer beskedligt motst\u00e5nd, de allsvenska nykomlingarna V\u00e4ster\u00e5s SK.<\/p>\n<p style=\"font-weight: 400;\"><span class=\"mellanrubrik1\"><strong>Ett of\u00f6r\u00e4ndrat V\u00e4ster\u00e5s<\/strong><\/span><\/p>\n<p style=\"font-weight: 400;\">V\u00e4ster\u00e5s har inte gjort n\u00e5gra nya v\u00e4rvningar de senaste veckorna, utan kommer in i matchen med en liknande trupp som tidigare. Med tanke p\u00e5 att \u00e4ven V\u00e4ster\u00e5s chanser till avancemang \u00e4r n\u00e4stintill noll ligger \u00e4ven fokus d\u00e4r p\u00e5 att testa truppen och de nya spelare som kommit under vinter och tidig v\u00e5r. Exempel p\u00e5 intressanta nyf\u00f6rv\u00e4rv \u00e4r Mikael Marqu\u00e9s (l\u00e5n fr\u00e5n Minnesota United) och belgaren Samuel Asoma (Dalkurd).<\/p>\n<p style=\"font-weight: 400;\"><span class=\"mellanrubrik1\"><strong>\u201dJag \u00e4r Marc Manch\u00f3n\u201d<\/strong><\/span><\/p>\n<p style=\"font-weight: 400;\">En av de Sundsvalls v\u00e4rvningar \u00e4r spanjoren Marc Manch\u00f3n. Han \u00e4r t\u00e4nkt som en ers\u00e4ttare till Paya Pichkah, som l\u00e4mnat f\u00f6r Brommapojkarna. Paya Pichkah som ju blev utsedd till \u00e5rets spelare f\u00f6r GIF Sundsvall s\u00e4songen 2023. En annan j\u00e4mf\u00f6relse som Manch\u00f3n nog kommer tvingas dras med till en b\u00f6rjan \u00e4r till en viss Juanjo Ci\u00e9rcoles, som gjorde succ\u00e9 i GIF Sundsvall mellan 2018 och 2020. Men det \u00e4r ingen j\u00e4mf\u00f6relse som Manch\u00f3n vill k\u00e4nna sig vid.<\/p>\n<p style=\"font-weight: 400;\">\u2013 Jag har h\u00f6rt om honom. Men jag \u00e4r Marc Manch\u00f3n. Jag \u00e4r mig sj\u00e4lv, jag ska g\u00f6ra mitt b\u00e4sta och ge allt utifr\u00e5n det. Jag ska inte j\u00e4mf\u00f6ras med honom, s\u00e4ger Manch\u00f3n i en intervju till Sundsvalls Tidning.<\/p>\n<p style=\"font-weight: 400;\"><span class=\"mellanrubrik1\">M\u00f6jlig startelva:<\/span><\/p>\n<p style=\"font-weight: 400;\"><strong>M\u00e5lvakt:<\/strong><\/p>\n<p style=\"font-weight: 400;\">Jonas Olsson<\/p>\n<p style=\"font-weight: 400;\"><strong>F\u00f6rsvarare:<\/strong><\/p>\n<p style=\"font-weight: 400;\">Lucas Forsberg<\/p>\n<p style=\"font-weight: 400;\">Kojo Peprah Oppong<\/p>\n<p style=\"font-weight: 400;\">Ludvig Svanberg<\/p>\n<p style=\"font-weight: 400;\">Paul Edvard Carrick<\/p>\n<p style=\"font-weight: 400;\"><strong>Mittf\u00e4ltare:<\/strong><\/p>\n<p style=\"font-weight: 400;\">Yaqub Finey<\/p>\n<p style=\"font-weight: 400;\">Abdul Halik Hudu<\/p>\n<p style=\"font-weight: 400;\">Marcelo Palomino<\/p>\n<p style=\"font-weight: 400;\">Jesper Carstr\u00f6m<\/p>\n<p style=\"font-weight: 400;\">Gustav Nordh<\/p>\n<p style=\"font-weight: 400;\"><strong>Anfallare:<\/strong><\/p>\n<p style=\"font-weight: 400;\">Pontus Engblom<\/p>\n<p style=\"font-weight: 400;\">Matchen spelas m\u00e5ndag den 4:e mars klockan 18:30 p\u00e5 Hitachi Energy Arena i V\u00e4ster\u00e5s.<\/p>\n","protected":false},"excerpt":{"rendered":"<p>GIF Sundsvall g\u00f6r sig redo f\u00f6r den sista gruppspelsmatchen i svenska cupen. Med tv\u00e5 f\u00f6rluster i bagaget \u00e4r chansen till [&hellip;]<\/p>\n","protected":false},"author":287,"featured_media":0,"comment_status":"open","ping_status":"open","sticky":false,"template":"","format":"standard","meta":{"_acf_changed":false,"site-sidebar-layout":"default","site-content-layout":"","ast-site-content-layout":"default","site-content-style":"default","site-sidebar-style":"default","ast-global-header-display":"","ast-banner-title-visibility":"","ast-main-header-display":"","ast-hfb-above-header-display":"","ast-hfb-below-header-display":"","ast-hfb-mobile-header-display":"","site-post-title":"","ast-breadcrumbs-content":"","ast-featured-img":"","footer-sml-layout":"","ast-disable-related-posts":"","theme-transparent-header-meta":"","adv-header-id-meta":"","stick-header-meta":"","header-above-stick-meta":"","header-main-stick-meta":"","header-below-stick-meta":"","astra-migrate-meta-layouts":"default","ast-page-background-enabled":"default","ast-page-background-meta":{"desktop":{"background-color":"var(--ast-global-color-5)","background-image":"","background-repeat":"repeat","background-position":"center center","background-size":"auto","background-attachment":"scroll","background-type":"","background-media":"","overlay-type":"","overlay-color":"","overlay-opacity":"","overlay-gradient":""},"tablet":{"background-color":"","background-image":"","background-repeat":"repeat","background-position":"center center","background-size":"auto","background-attachment":"scroll","background-type":"","background-media":"","overlay-type":"","overlay-color":"","overlay-opacity":"","overlay-gradient":""},"mobile":{"background-color":"","background-image":"","background-repeat":"repeat","background-position":"center center","background-size":"auto","background-attachment":"scroll","background-type":"","background-media":"","overlay-type":"","overlay-color":"","overlay-opacity":"","overlay-gradient":""}},"ast-content-background-meta":{"desktop":{"background-color":"var(--ast-global-color-4)","background-image":"","background-repeat":"repeat","background-position":"center center","background-size":"auto","background-attachment":"scroll","background-type":"","background-media":"","overlay-type":"","overlay-color":"","overlay-opacity":"","overlay-gradient":""},"tablet":{"background-color":"var(--ast-global-color-4)","background-image":"","background-repeat":"repeat","background-position":"center center","background-size":"auto","background-attachment":"scroll","background-type":"","background-media":"","overlay-type":"","overlay-color":"","overlay-opacity":"","overlay-gradient":""},"mobile":{"background-color":"var(--ast-global-color-4)","background-image":"","background-repeat":"repeat","background-position":"center center","background-size":"auto","background-attachment":"scroll","background-type":"","background-media":"","overlay-type":"","overlay-color":"","overlay-opacity":"","overlay-gradient":""}},"footnotes":""},"categories":[4,5],"tags":[111,101,141],"class_list":["post-9711","post","type-post","status-publish","format-standard","hentry","category-kultur","category-sport","tag-gif","tag-gif-sundsvall","tag-svenska-cupen"],"acf":[],"_links":{"self":[{"href":"https:\/\/mkv.miun.se\/skvaderbladet\/wp-json\/wp\/v2\/posts\/9711","targetHints":{"allow":["GET"]}}],"collection":[{"href":"https:\/\/mkv.miun.se\/skvaderbladet\/wp-json\/wp\/v2\/posts"}],"about":[{"href":"https:\/\/mkv.miun.se\/skvaderbladet\/wp-json\/wp\/v2\/types\/post"}],"author":[{"embeddable":true,"href":"https:\/\/mkv.miun.se\/skvaderbladet\/wp-json\/wp\/v2\/users\/287"}],"replies":[{"embeddable":true,"href":"https:\/\/mkv.miun.se\/skvaderbladet\/wp-json\/wp\/v2\/comments?post=9711"}],"version-history":[{"count":0,"href":"https:\/\/mkv.miun.se\/skvaderbladet\/wp-json\/wp\/v2\/posts\/9711\/revisions"}],"wp:attachment":[{"href":"https:\/\/mkv.miun.se\/skvaderbladet\/wp-json\/wp\/v2\/media?parent=9711"}],"wp:term":[{"taxonomy":"category","embeddable":true,"href":"https:\/\/mkv.miun.se\/skvaderbladet\/wp-json\/wp\/v2\/categories?post=9711"},{"taxonomy":"post_tag","embeddable":true,"href":"https:\/\/mkv.miun.se\/skvaderbladet\/wp-json\/wp\/v2\/tags?post=9711"}],"curies":[{"name":"wp","href":"https:\/\/api.w.org\/{rel}","templated":true}]}}