{"id":9648,"date":"2024-03-04T10:29:33","date_gmt":"2024-03-04T09:29:33","guid":{"rendered":"https:\/\/mkv.miun.se\/skvaderbladet\/?p=9648"},"modified":"2024-03-04T10:30:54","modified_gmt":"2024-03-04T09:30:54","slug":"misstankt-misshandel-i-timra","status":"publish","type":"post","link":"https:\/\/mkv.miun.se\/skvaderbladet\/misstankt-misshandel-i-timra\/","title":{"rendered":"Misst\u00e4nkt misshandel i Timr\u00e5"},"content":{"rendered":"<p><img loading=\"lazy\" decoding=\"async\" class=\"alignnone size-fullstory wp-image-9579\" src=\"https:\/\/mkv.miun.se\/skvaderbladet\/wp-content\/uploads\/2024\/02\/nyhetssvallet-polishuset-784x999.jpg\" alt=\"Bild p\u00e5 polishuset med polisens logga synlig i h\u00f6rnet av bilden.\" width=\"720\" height=\"917\" srcset=\"https:\/\/mkv.miun.se\/skvaderbladet\/wp-content\/uploads\/2024\/02\/nyhetssvallet-polishuset-784x999.jpg 784w, https:\/\/mkv.miun.se\/skvaderbladet\/wp-content\/uploads\/2024\/02\/nyhetssvallet-polishuset-235x300.jpg 235w, https:\/\/mkv.miun.se\/skvaderbladet\/wp-content\/uploads\/2024\/02\/nyhetssvallet-polishuset-569x725.jpg 569w, https:\/\/mkv.miun.se\/skvaderbladet\/wp-content\/uploads\/2024\/02\/nyhetssvallet-polishuset-768x979.jpg 768w, https:\/\/mkv.miun.se\/skvaderbladet\/wp-content\/uploads\/2024\/02\/nyhetssvallet-polishuset-1205x1536.jpg 1205w, https:\/\/mkv.miun.se\/skvaderbladet\/wp-content\/uploads\/2024\/02\/nyhetssvallet-polishuset-1607x2048.jpg 1607w, https:\/\/mkv.miun.se\/skvaderbladet\/wp-content\/uploads\/2024\/02\/nyhetssvallet-polishuset-730x930.jpg 730w, https:\/\/mkv.miun.se\/skvaderbladet\/wp-content\/uploads\/2024\/02\/nyhetssvallet-polishuset-325x414.jpg 325w, https:\/\/mkv.miun.se\/skvaderbladet\/wp-content\/uploads\/2024\/02\/nyhetssvallet-polishuset-650x828.jpg 650w, https:\/\/mkv.miun.se\/skvaderbladet\/wp-content\/uploads\/2024\/02\/nyhetssvallet-polishuset-scaled.jpg 2009w\" sizes=\"auto, (max-width: 720px) 100vw, 720px\" \/><\/p>\n<p><strong>En man \u00a0har blivit anm\u00e4ld f\u00f6r misshandel och tv\u00e5 andra brott efter en hemmafest som sp\u00e5rade ur i centrala Timr\u00e5.<\/strong><\/p>\n<p><strong>KL 04.27<\/strong> ringdes polisen till en l\u00e4genhet i centrala Timr\u00e5 d\u00e4r det p\u00e5gick n\u00e5got som kunde liknas med en hemmafest.<\/p>\n<p><span style=\"font-weight: 400;\">En man i 30-\u00e5rs\u00e5ldern ska enligt uppgifter fr\u00e5n polisen b\u00f6rjat betett sig aggressivt och hotfullt mot en man och en kvinna i 25-30 \u00e5rs\u00e5ldern som befann sig p\u00e5 festen.<\/span><\/p>\n<p><span style=\"font-weight: 400;\">Polisen har nu inlett en f\u00f6runders\u00f6kning och en polisanm\u00e4lan har uppr\u00e4ttats p\u00e5 mannen f\u00f6r olaga hot, hemfridsbrott och misshandel.<\/span><\/p>\n<p>&nbsp;<\/p>\n<p><br style=\"font-weight: 400;\" \/><br \/>\n<br style=\"font-weight: 400;\" \/><\/p>\n","protected":false},"excerpt":{"rendered":"<p>En man \u00a0har blivit anm\u00e4ld f\u00f6r misshandel och tv\u00e5 andra brott efter en hemmafest som sp\u00e5rade ur i centrala Timr\u00e5. [&hellip;]<\/p>\n","protected":false},"author":313,"featured_media":0,"comment_status":"open","ping_status":"open","sticky":false,"template":"","format":"standard","meta":{"_acf_changed":false,"site-sidebar-layout":"default","site-content-layout":"","ast-site-content-layout":"default","site-content-style":"default","site-sidebar-style":"default","ast-global-header-display":"","ast-banner-title-visibility":"","ast-main-header-display":"","ast-hfb-above-header-display":"","ast-hfb-below-header-display":"","ast-hfb-mobile-header-display":"","site-post-title":"","ast-breadcrumbs-content":"","ast-featured-img":"","footer-sml-layout":"","ast-disable-related-posts":"","theme-transparent-header-meta":"","adv-header-id-meta":"","stick-header-meta":"","header-above-stick-meta":"","header-main-stick-meta":"","header-below-stick-meta":"","astra-migrate-meta-layouts":"default","ast-page-background-enabled":"default","ast-page-background-meta":{"desktop":{"background-color":"var(--ast-global-color-5)","background-image":"","background-repeat":"repeat","background-position":"center center","background-size":"auto","background-attachment":"scroll","background-type":"","background-media":"","overlay-type":"","overlay-color":"","overlay-opacity":"","overlay-gradient":""},"tablet":{"background-color":"","background-image":"","background-repeat":"repeat","background-position":"center center","background-size":"auto","background-attachment":"scroll","background-type":"","background-media":"","overlay-type":"","overlay-color":"","overlay-opacity":"","overlay-gradient":""},"mobile":{"background-color":"","background-image":"","background-repeat":"repeat","background-position":"center center","background-size":"auto","background-attachment":"scroll","background-type":"","background-media":"","overlay-type":"","overlay-color":"","overlay-opacity":"","overlay-gradient":""}},"ast-content-background-meta":{"desktop":{"background-color":"var(--ast-global-color-4)","background-image":"","background-repeat":"repeat","background-position":"center center","background-size":"auto","background-attachment":"scroll","background-type":"","background-media":"","overlay-type":"","overlay-color":"","overlay-opacity":"","overlay-gradient":""},"tablet":{"background-color":"var(--ast-global-color-4)","background-image":"","background-repeat":"repeat","background-position":"center center","background-size":"auto","background-attachment":"scroll","background-type":"","background-media":"","overlay-type":"","overlay-color":"","overlay-opacity":"","overlay-gradient":""},"mobile":{"background-color":"var(--ast-global-color-4)","background-image":"","background-repeat":"repeat","background-position":"center center","background-size":"auto","background-attachment":"scroll","background-type":"","background-media":"","overlay-type":"","overlay-color":"","overlay-opacity":"","overlay-gradient":""}},"footnotes":""},"categories":[18],"tags":[24,26,25],"class_list":["post-9648","post","type-post","status-publish","format-standard","hentry","category-blaljus","tag-misshandel","tag-polisen","tag-timra"],"acf":[],"_links":{"self":[{"href":"https:\/\/mkv.miun.se\/skvaderbladet\/wp-json\/wp\/v2\/posts\/9648","targetHints":{"allow":["GET"]}}],"collection":[{"href":"https:\/\/mkv.miun.se\/skvaderbladet\/wp-json\/wp\/v2\/posts"}],"about":[{"href":"https:\/\/mkv.miun.se\/skvaderbladet\/wp-json\/wp\/v2\/types\/post"}],"author":[{"embeddable":true,"href":"https:\/\/mkv.miun.se\/skvaderbladet\/wp-json\/wp\/v2\/users\/313"}],"replies":[{"embeddable":true,"href":"https:\/\/mkv.miun.se\/skvaderbladet\/wp-json\/wp\/v2\/comments?post=9648"}],"version-history":[{"count":0,"href":"https:\/\/mkv.miun.se\/skvaderbladet\/wp-json\/wp\/v2\/posts\/9648\/revisions"}],"wp:attachment":[{"href":"https:\/\/mkv.miun.se\/skvaderbladet\/wp-json\/wp\/v2\/media?parent=9648"}],"wp:term":[{"taxonomy":"category","embeddable":true,"href":"https:\/\/mkv.miun.se\/skvaderbladet\/wp-json\/wp\/v2\/categories?post=9648"},{"taxonomy":"post_tag","embeddable":true,"href":"https:\/\/mkv.miun.se\/skvaderbladet\/wp-json\/wp\/v2\/tags?post=9648"}],"curies":[{"name":"wp","href":"https:\/\/api.w.org\/{rel}","templated":true}]}}