{"id":9634,"date":"2024-03-04T08:48:10","date_gmt":"2024-03-04T07:48:10","guid":{"rendered":"https:\/\/mkv.miun.se\/skvaderbladet\/?p=9634"},"modified":"2024-03-05T11:18:16","modified_gmt":"2024-03-05T10:18:16","slug":"centrumvagen-i-soraker-rustas-upp","status":"publish","type":"post","link":"https:\/\/mkv.miun.se\/skvaderbladet\/centrumvagen-i-soraker-rustas-upp\/","title":{"rendered":"Centrumva\u0308gen i So\u0308ra\u030aker rustas upp"},"content":{"rendered":"<div class=\"page\" title=\"Page 1\">\n<div class=\"section\">\n<div class=\"layoutArea\">\n<div class=\"column\">\n<p><span class=\"ortsdatering\">S\u00f6k\u00e5ker, Timr\u00e5 kommun<\/span><\/p>\n<p><span class=\"ingress\">I So\u0308ra\u030aker planeras Centrumva\u0308gen att rustas upp samt fa\u030a en ny ga\u030ang- och cykelva\u0308g. Syftet med ombyggnaden a\u0308r att trafiksa\u0308kerheten och tillga\u0308ngligheten fo\u0308r ga\u030aende och cyklister ska o\u0308ka.<\/span><\/p>\n<\/div>\n<\/div>\n<div class=\"layoutArea\">\n<div class=\"column\">\n<figure id=\"attachment_9635\" aria-describedby=\"caption-attachment-9635\" style=\"width: 720px\" class=\"wp-caption alignnone\"><img loading=\"lazy\" decoding=\"async\" class=\"size-fullstory wp-image-9635\" src=\"https:\/\/mkv.miun.se\/skvaderbladet\/wp-content\/uploads\/2024\/03\/nyhetssvallet-dsc-0699-2-960x640.jpg\" alt=\"En sn\u00f6ig trottoar i S\u00f6r\u00e5ker. P\u00e5 sidan finns en skylt d\u00e4r det st\u00e5r Centrumv\u00e4gen. L\u00e4ngre fram p\u00e5 k\u00f6rbanan sv\u00e4nger tv\u00e5 bilar i korsningen Ica och Folketshusv\u00e4gen.\" width=\"720\" height=\"480\" srcset=\"https:\/\/mkv.miun.se\/skvaderbladet\/wp-content\/uploads\/2024\/03\/nyhetssvallet-dsc-0699-2-960x640.jpg 960w, https:\/\/mkv.miun.se\/skvaderbladet\/wp-content\/uploads\/2024\/03\/nyhetssvallet-dsc-0699-2-300x200.jpg 300w, https:\/\/mkv.miun.se\/skvaderbladet\/wp-content\/uploads\/2024\/03\/nyhetssvallet-dsc-0699-2-725x483.jpg 725w, https:\/\/mkv.miun.se\/skvaderbladet\/wp-content\/uploads\/2024\/03\/nyhetssvallet-dsc-0699-2-145x96.jpg 145w, https:\/\/mkv.miun.se\/skvaderbladet\/wp-content\/uploads\/2024\/03\/nyhetssvallet-dsc-0699-2-768x512.jpg 768w, https:\/\/mkv.miun.se\/skvaderbladet\/wp-content\/uploads\/2024\/03\/nyhetssvallet-dsc-0699-2-1536x1024.jpg 1536w, https:\/\/mkv.miun.se\/skvaderbladet\/wp-content\/uploads\/2024\/03\/nyhetssvallet-dsc-0699-2-730x487.jpg 730w, https:\/\/mkv.miun.se\/skvaderbladet\/wp-content\/uploads\/2024\/03\/nyhetssvallet-dsc-0699-2-325x217.jpg 325w, https:\/\/mkv.miun.se\/skvaderbladet\/wp-content\/uploads\/2024\/03\/nyhetssvallet-dsc-0699-2-650x433.jpg 650w, https:\/\/mkv.miun.se\/skvaderbladet\/wp-content\/uploads\/2024\/03\/nyhetssvallet-dsc-0699-2.jpg 1620w\" sizes=\"auto, (max-width: 720px) 100vw, 720px\" \/><figcaption id=\"caption-attachment-9635\" class=\"wp-caption-text\">Trafikverket utreder m\u00f6jligheten att bygga en cirkulationsplats i korsningen Centrumv\u00e4gen och Folketshusv\u00e4gen. Foto: Selma Wallberg<\/figcaption><\/figure><\/p>\n<p>Trafikverkets projekt omfattar 1,4 kilometer och stra\u0308cker sig mellan So\u0308ra\u030akersgatan och Centrumva\u0308gen 69 i ho\u0308jd med Strand i centrala So\u0308ra\u030aker. Genom So\u0308ra\u030akers centrum finns idag trottoarer pa\u030a ba\u030ada sidor av va\u0308gen. En separat cykelva\u0308g saknas helt.<br \/>\nIdha Wa\u0308nglund som a\u0308r projektledare fo\u0308r a\u030atga\u0308rderna i So\u0308ra\u030aker bera\u0308ttar att det o\u0308nskade resultatet a\u0308r o\u0308kad trafiksa\u0308kerhet och tillga\u0308nglighet fo\u0308r ga\u030ang- och cykeltrafikanter. Som det ser ut nu brister va\u0308gen i trafiksa\u0308kerheten fo\u0308r ga\u030ang- och cykeltrafikanter.<\/p>\n<p>De a\u030atga\u0308rder som fo\u0308resla\u030as i va\u0308gplanen a\u0308r bland annat en ny belyst ga\u030ang- och cykelva\u0308g la\u0308ngs Centrumva\u0308gen pa\u030a ungefa\u0308r 1,4 kilometer. Fler, tydliga och anpassade o\u0308verga\u030angssta\u0308llen och passager, nya bussha\u030allplatsla\u0308gen med ha\u030allplatsla\u0308ge i vardera ko\u0308rriktning och en ny cirkulationsplats. Under va\u030aren 2024 pro\u0308vas va\u0308gplanen fo\u0308r faststa\u0308llelse.<\/p>\n<p>\u2013 Vi har nyligen skickat in va\u0308gplanen fo\u0308r faststa\u0308llelse och pa\u030abo\u0308rjat projekteringen av Bygghandlingen, sa\u0308ger Idha Wa\u0308nglund.<\/p>\n<p>Elisabeth Nolander bor och har en blomsteraffa\u0308r i na\u0308rheten av Centrumva\u0308gen da\u0308r det ska byggas om och rustas upp. Elisabeth beskriver trottoarerna som breda med ho\u0308ga kanter och tycker att bilarna a\u0308r fo\u0308rsiktiga med att ko\u0308ra na\u0308ra. Hon har inte sja\u0308lv upplevt ga\u030ang- och cykelva\u0308gen som osa\u0308ker men tycker att det a\u0308r bra att de bygger om ifall det skulle o\u0308ka sa\u0308kerheten.<\/p>\n<\/div>\n<\/div>\n<\/div>\n<\/div>\n<div class=\"page\" title=\"Page 2\">\n<div class=\"section\">\n<div class=\"layoutArea\">\n<div class=\"column\">\n<p>\u2013 Det a\u0308r bra att den kan byggas om och bli sa\u0308krare. Men samtidigt, a\u0308r det bredare pa\u030a sidan av va\u0308gen, kan det inbjuda till ho\u0308gre hastighet pa\u030a ko\u0308rbanan, sa\u0308ger Elisabeth Nolander.<\/p>\n<p>Elisabeth ser positivt pa\u030a cirkulationsplatsen som ska byggas. Hon bera\u0308ttar att det ofta blir stopp da\u0308r na\u0308r det a\u0308r mycket trafik.<\/p>\n<p>&nbsp;<\/p>\n<\/div>\n<\/div>\n<div class=\"layoutArea\">\n<div class=\"column\">\n<figure id=\"attachment_9636\" aria-describedby=\"caption-attachment-9636\" style=\"width: 720px\" class=\"wp-caption alignnone\"><img loading=\"lazy\" decoding=\"async\" class=\"size-fullstory wp-image-9636\" src=\"https:\/\/mkv.miun.se\/skvaderbladet\/wp-content\/uploads\/2024\/03\/nyhetssvallet-dsc-0681-2-960x640.jpg\" alt=\"En bild p\u00e5 en Elisabeth som har glas\u00f6gon och ler lite. Hon st\u00e5r i en blomsteraff\u00e4r med gr\u00f6na v\u00e4xter runt omkring henne.\" width=\"720\" height=\"480\" srcset=\"https:\/\/mkv.miun.se\/skvaderbladet\/wp-content\/uploads\/2024\/03\/nyhetssvallet-dsc-0681-2-960x640.jpg 960w, https:\/\/mkv.miun.se\/skvaderbladet\/wp-content\/uploads\/2024\/03\/nyhetssvallet-dsc-0681-2-300x200.jpg 300w, https:\/\/mkv.miun.se\/skvaderbladet\/wp-content\/uploads\/2024\/03\/nyhetssvallet-dsc-0681-2-725x483.jpg 725w, https:\/\/mkv.miun.se\/skvaderbladet\/wp-content\/uploads\/2024\/03\/nyhetssvallet-dsc-0681-2-145x96.jpg 145w, https:\/\/mkv.miun.se\/skvaderbladet\/wp-content\/uploads\/2024\/03\/nyhetssvallet-dsc-0681-2-768x512.jpg 768w, https:\/\/mkv.miun.se\/skvaderbladet\/wp-content\/uploads\/2024\/03\/nyhetssvallet-dsc-0681-2-1536x1024.jpg 1536w, https:\/\/mkv.miun.se\/skvaderbladet\/wp-content\/uploads\/2024\/03\/nyhetssvallet-dsc-0681-2-730x487.jpg 730w, https:\/\/mkv.miun.se\/skvaderbladet\/wp-content\/uploads\/2024\/03\/nyhetssvallet-dsc-0681-2-325x217.jpg 325w, https:\/\/mkv.miun.se\/skvaderbladet\/wp-content\/uploads\/2024\/03\/nyhetssvallet-dsc-0681-2-650x433.jpg 650w, https:\/\/mkv.miun.se\/skvaderbladet\/wp-content\/uploads\/2024\/03\/nyhetssvallet-dsc-0681-2.jpg 1620w\" sizes=\"auto, (max-width: 720px) 100vw, 720px\" \/><figcaption id=\"caption-attachment-9636\" class=\"wp-caption-text\">Elisabeth Nolander tycker det \u00e4r viktigt att l\u00e4ra barn att korsa v\u00e4gen p\u00e5 ett s\u00e4kert s\u00e4tt och tror att det ocks\u00e5 kan vara ett s\u00e4tt att \u00f6ka tryggheten p\u00e5 Centrumv\u00e4gen. Foto: Selma Wallberg<\/figcaption><\/figure><\/p>\n<p>Nu under va\u030arvintern 2024 hanteras inkomna synpunkter pa\u030a granskningshandlingen och en faststa\u0308llelsehandling tas fram fo\u0308r va\u0308gfo\u0308rslaget. Na\u0308r planen a\u0308r faststa\u0308lld tas en bygghandling fram. Byggnationen planeras inleda under 2025 och bera\u0308knas vara klar under 2026. Kostnaden fo\u0308r de a\u030atga\u0308rder som inga\u030ar i planen har bera\u0308knats till cirka 31,9 miljoner kronor. Cirkulationsplatsen bera\u0308knas kosta ungefa\u0308r 4,4 miljoner kronor och kommer medfinansieras av Timra\u030a kommun.<\/p>\n<\/div>\n<\/div>\n<\/div>\n<\/div>\n","protected":false},"excerpt":{"rendered":"<p>S\u00f6k\u00e5ker, Timr\u00e5 kommun I So\u0308ra\u030aker planeras Centrumva\u0308gen att rustas upp samt fa\u030a en ny ga\u030ang- och cykelva\u0308g. Syftet med ombyggnaden [&hellip;]<\/p>\n","protected":false},"author":287,"featured_media":0,"comment_status":"open","ping_status":"open","sticky":false,"template":"","format":"standard","meta":{"_acf_changed":false,"site-sidebar-layout":"default","site-content-layout":"","ast-site-content-layout":"default","site-content-style":"default","site-sidebar-style":"default","ast-global-header-display":"","ast-banner-title-visibility":"","ast-main-header-display":"","ast-hfb-above-header-display":"","ast-hfb-below-header-display":"","ast-hfb-mobile-header-display":"","site-post-title":"","ast-breadcrumbs-content":"","ast-featured-img":"","footer-sml-layout":"","ast-disable-related-posts":"","theme-transparent-header-meta":"","adv-header-id-meta":"","stick-header-meta":"","header-above-stick-meta":"","header-main-stick-meta":"","header-below-stick-meta":"","astra-migrate-meta-layouts":"default","ast-page-background-enabled":"default","ast-page-background-meta":{"desktop":{"background-color":"var(--ast-global-color-5)","background-image":"","background-repeat":"repeat","background-position":"center center","background-size":"auto","background-attachment":"scroll","background-type":"","background-media":"","overlay-type":"","overlay-color":"","overlay-opacity":"","overlay-gradient":""},"tablet":{"background-color":"","background-image":"","background-repeat":"repeat","background-position":"center center","background-size":"auto","background-attachment":"scroll","background-type":"","background-media":"","overlay-type":"","overlay-color":"","overlay-opacity":"","overlay-gradient":""},"mobile":{"background-color":"","background-image":"","background-repeat":"repeat","background-position":"center center","background-size":"auto","background-attachment":"scroll","background-type":"","background-media":"","overlay-type":"","overlay-color":"","overlay-opacity":"","overlay-gradient":""}},"ast-content-background-meta":{"desktop":{"background-color":"var(--ast-global-color-4)","background-image":"","background-repeat":"repeat","background-position":"center center","background-size":"auto","background-attachment":"scroll","background-type":"","background-media":"","overlay-type":"","overlay-color":"","overlay-opacity":"","overlay-gradient":""},"tablet":{"background-color":"var(--ast-global-color-4)","background-image":"","background-repeat":"repeat","background-position":"center center","background-size":"auto","background-attachment":"scroll","background-type":"","background-media":"","overlay-type":"","overlay-color":"","overlay-opacity":"","overlay-gradient":""},"mobile":{"background-color":"var(--ast-global-color-4)","background-image":"","background-repeat":"repeat","background-position":"center center","background-size":"auto","background-attachment":"scroll","background-type":"","background-media":"","overlay-type":"","overlay-color":"","overlay-opacity":"","overlay-gradient":""}},"footnotes":""},"categories":[2],"tags":[44,37,46,45],"class_list":["post-9634","post","type-post","status-publish","format-standard","hentry","category-nyheter","tag-soraker","tag-sundsvall","tag-trafiksakerhet","tag-vagen"],"acf":[],"_links":{"self":[{"href":"https:\/\/mkv.miun.se\/skvaderbladet\/wp-json\/wp\/v2\/posts\/9634","targetHints":{"allow":["GET"]}}],"collection":[{"href":"https:\/\/mkv.miun.se\/skvaderbladet\/wp-json\/wp\/v2\/posts"}],"about":[{"href":"https:\/\/mkv.miun.se\/skvaderbladet\/wp-json\/wp\/v2\/types\/post"}],"author":[{"embeddable":true,"href":"https:\/\/mkv.miun.se\/skvaderbladet\/wp-json\/wp\/v2\/users\/287"}],"replies":[{"embeddable":true,"href":"https:\/\/mkv.miun.se\/skvaderbladet\/wp-json\/wp\/v2\/comments?post=9634"}],"version-history":[{"count":0,"href":"https:\/\/mkv.miun.se\/skvaderbladet\/wp-json\/wp\/v2\/posts\/9634\/revisions"}],"wp:attachment":[{"href":"https:\/\/mkv.miun.se\/skvaderbladet\/wp-json\/wp\/v2\/media?parent=9634"}],"wp:term":[{"taxonomy":"category","embeddable":true,"href":"https:\/\/mkv.miun.se\/skvaderbladet\/wp-json\/wp\/v2\/categories?post=9634"},{"taxonomy":"post_tag","embeddable":true,"href":"https:\/\/mkv.miun.se\/skvaderbladet\/wp-json\/wp\/v2\/tags?post=9634"}],"curies":[{"name":"wp","href":"https:\/\/api.w.org\/{rel}","templated":true}]}}