{"id":9618,"date":"2024-03-04T08:26:31","date_gmt":"2024-03-04T07:26:31","guid":{"rendered":"https:\/\/mkv.miun.se\/skvaderbladet\/?p=9618"},"modified":"2024-03-11T10:32:32","modified_gmt":"2024-03-11T09:32:32","slug":"okad-satsning-pa-psykisk-halsa","status":"publish","type":"post","link":"https:\/\/mkv.miun.se\/skvaderbladet\/okad-satsning-pa-psykisk-halsa\/","title":{"rendered":"\u00d6kad satsning p\u00e5 psykisk h\u00e4lsa"},"content":{"rendered":"<p><span class=\"ortsdatering\">Sundsvall<\/span><\/p>\n<figure id=\"attachment_9627\" aria-describedby=\"caption-attachment-9627\" style=\"width: 720px\" class=\"wp-caption alignnone\"><img loading=\"lazy\" decoding=\"async\" class=\"wp-image-9627 size-fullstory\" src=\"https:\/\/mkv.miun.se\/skvaderbladet\/wp-content\/uploads\/2024\/03\/nyhetssvallet-428969859-1513752095836869-8828098202217096975-n-960x719.jpg\" alt=\"Bild p\u00e5 psykiatriska kliniken i Sundsvall. \" width=\"720\" height=\"539\" srcset=\"https:\/\/mkv.miun.se\/skvaderbladet\/wp-content\/uploads\/2024\/03\/nyhetssvallet-428969859-1513752095836869-8828098202217096975-n-960x719.jpg 960w, https:\/\/mkv.miun.se\/skvaderbladet\/wp-content\/uploads\/2024\/03\/nyhetssvallet-428969859-1513752095836869-8828098202217096975-n-300x225.jpg 300w, https:\/\/mkv.miun.se\/skvaderbladet\/wp-content\/uploads\/2024\/03\/nyhetssvallet-428969859-1513752095836869-8828098202217096975-n-725x543.jpg 725w, https:\/\/mkv.miun.se\/skvaderbladet\/wp-content\/uploads\/2024\/03\/nyhetssvallet-428969859-1513752095836869-8828098202217096975-n-768x575.jpg 768w, https:\/\/mkv.miun.se\/skvaderbladet\/wp-content\/uploads\/2024\/03\/nyhetssvallet-428969859-1513752095836869-8828098202217096975-n-730x546.jpg 730w, https:\/\/mkv.miun.se\/skvaderbladet\/wp-content\/uploads\/2024\/03\/nyhetssvallet-428969859-1513752095836869-8828098202217096975-n-325x243.jpg 325w, https:\/\/mkv.miun.se\/skvaderbladet\/wp-content\/uploads\/2024\/03\/nyhetssvallet-428969859-1513752095836869-8828098202217096975-n-650x486.jpg 650w, https:\/\/mkv.miun.se\/skvaderbladet\/wp-content\/uploads\/2024\/03\/nyhetssvallet-428969859-1513752095836869-8828098202217096975-n.jpg 1125w\" sizes=\"auto, (max-width: 720px) 100vw, 720px\" \/><figcaption id=\"caption-attachment-9627\" class=\"wp-caption-text\">Psykiatriska kliniken i Sundsvall.<\/figcaption><\/figure>\n<p><span class=\"ingress\"><strong>Att psykisk oh\u00e4lsa p\u00e5verkar samh\u00e4llet \u00e4r ett faktum och idag \u00e4r det fler \u00e4n tidigare som f\u00e5r v\u00e5rd f\u00f6r det. <br \/>\nDet redan p\u00e5g\u00e5ende regeringsuppdraget f\u00f6r att fr\u00e4mja psykisk h\u00e4lsa och st\u00f6dja prim\u00e4rv\u00e5rdens arbete har f\u00f6rst\u00e4rkts med ytterligare 100 miljoner kronor inf\u00f6r 2024.<\/strong><\/span><\/p>\n<p>Socialstyrelsen har f\u00e5tt uppgiften att leda detta regeringsuppdrag. En av de ansvariga f\u00f6r uppdraget, Pontus Str\u00e5lin, ber\u00e4ttar om uppdraget.<\/p>\n<p>\u2013 I uppdraget ing\u00e5r att ta fram st\u00f6d av olika slag f\u00f6r prim\u00e4rv\u00e5rdens arbete med omh\u00e4ndertagande av psykisk oh\u00e4lsa, men ocks\u00e5 att f\u00f6lja och sammanst\u00e4lla statistik fr\u00e5n prim\u00e4rv\u00e5rdens arbete med psykisk oh\u00e4lsa.<\/p>\n<p><strong>Hur kommer regeringsuppdraget att p\u00e5verka samh\u00e4llet? <\/strong><\/p>\n<p>\u2013 F\u00f6rhoppningen \u00e4r att projektet kan bidra till att v\u00e5rdcentralernas f\u00f6rm\u00e5ga att hj\u00e4lpa m\u00e4nniskor med olika typer av psykisk oh\u00e4lsa ska f\u00f6rb\u00e4ttras och bli mer j\u00e4mlik. Det vill s\u00e4ga att alla v\u00e5rdcentraler ska ha en god f\u00f6rm\u00e5ga att bed\u00f6ma och utreda lindriga till m\u00e5ttligt allvarliga psykiatriska tillst\u00e5nd och att kunna erbjuda rekommenderade former av behandling.<\/p>\n<p><strong>S\u00e5 kan samh\u00e4llet bidra i Sundsvall<\/strong><\/p>\n<p>Psykisk oh\u00e4lsa visar sig i olika former i olika \u00e5ldrar. Bland yngre \u00e4r besv\u00e4ren av psykisk oh\u00e4lsa ofta nedst\u00e4mdhet och irritation. Vuxna d\u00e4remot k\u00e4nner oftare oro och \u00e5ngest som leder till s\u00f6mnproblem. Psykisk oh\u00e4lsa som eskalerar kan leda till sj\u00e4lvmordstankar, och i v\u00e4rsta fall sj\u00e4lvmord. Enligt uppgifter fr\u00e5n SVT visar en m\u00e4tning, fr\u00e5n 2022 \u2013 2024, av Suicide Zero att Sundsvall ligger i botten n\u00e4r det g\u00e4ller suicidprevention. Anna-Karin Warnerud arbetar som samtalsterapeut i centrala Sundsvall d\u00e4r hon tr\u00e4ffar och pratar med m\u00e4nniskor som lider av psykisk oh\u00e4lsa. Hon ber\u00e4ttar om hur den psykiska oh\u00e4lsan p\u00e5verkar samh\u00e4llet.<\/p>\n<p>\u2013 Det p\u00e5verkar samh\u00e4llet p\u00e5 m\u00e5nga plan. Till exempel barn i skolan, p\u00e5 arbetsplatser, sjukv\u00e5rden och samh\u00e4llsekonomiskt. Det h\u00e4r dr\u00e4nerar ett samh\u00e4lle ekonomisk, d\u00e5 det till exempel kr\u00e4ver resurser i form av personal p\u00e5 skolor som ska ta hand om fr\u00e5nvarande elever som kommer efter.<\/p>\n<p>\u2013 F\u00f6rebyggande insatser i skola och p\u00e5 arbetsplatser. Att ta hand om och ge st\u00f6d och hj\u00e4lp direkt n\u00e4r m\u00e4nniskor s\u00f6ker sig till v\u00e5rden med lindrig mental oh\u00e4lsa. Ist\u00e4llet f\u00f6r att v\u00e4nta p\u00e5 att m\u00e4nniskor m\u00e5r s\u00e4mre och s\u00e4mre och vidare beh\u00f6ver v\u00e5rdas akut. Det kr\u00e4ver l\u00e4ngre tids behandling, som kostar enormt mycket i personligt lidande, ekonomi och v\u00e5rdresurser. Det man sparade in fr\u00e5n b\u00f6rjan, kostar v\u00e4ldigt mycket mer i slut\u00e4ndan.<\/p>\n<p><strong>Vad tror du att anledningen \u00e4r till att det finns s\u00e5 mycket psykisk oh\u00e4lsa bland m\u00e4nniskor idag?<\/strong><\/p>\n<p>\u2013 Det p\u00e5verkar ocks\u00e5 samh\u00e4llet d\u00e5 jobb som inte kan slutf\u00f6ras eller bli klara i tid p\u00e5 grund av sjukskriven personal. M\u00e4nniskor som m\u00e5r d\u00e5ligt, som hamnar i beroende\/missbruk och kriminalitet kostar r\u00e4ttssamh\u00e4llet m\u00e4ngder av pengar och resurser. Det kr\u00e4ver resurser fr\u00e5n socialtj\u00e4nst, kriminalv\u00e5rd, behandling och s\u00e5 vidare. Allt det kostar pengar och lidande. Pengar och personal som skulle kunna ha lagts p\u00e5 f\u00f6rebyggande arbete och insatser.<\/p>\n<p>\u2013 Stress i alla kategorier. H\u00f6ga krav p\u00e5 oss sj\u00e4lva, p\u00e5 v\u00e5ra barn och p\u00e5 omv\u00e4rlden. Jakten p\u00e5 det ouppn\u00e5eliga perfekta livet. Jakten p\u00e5 karri\u00e4r, pengar och status. Oro f\u00f6r framtiden, f\u00f6r v\u00e4rldsutvecklingen. F\u00f6r klimat och milj\u00f6. R\u00e4dsla f\u00f6r det vi inte vet n\u00e5got om, r\u00e4dsla f\u00f6r det vi inte kan kontrollera. Vi \u00e4r helt enkelt inte skapta f\u00f6r att orka leva i bruset, med alla intryck, med alla m\u00e5sten.<\/p>\n<p>\u00a0<strong>Hur tror du att samh\u00e4llet p\u00e5 b\u00e4sta s\u00e4tt skulle kunna f\u00f6rebygga psykisk oh\u00e4lsa? <\/strong><\/p>\n<p>\u2013 F\u00f6rebyggande insatser i skola och p\u00e5 arbetsplatser. Att ta hand om och ge st\u00f6d och hj\u00e4lp direkt n\u00e4r m\u00e4nniskor s\u00f6ker sig till v\u00e5rden med lindrig mental oh\u00e4lsa. Ist\u00e4llet f\u00f6r att v\u00e4nta p\u00e5 att m\u00e4nniskor m\u00e5r s\u00e4mre och s\u00e4mre och vidare beh\u00f6ver v\u00e5rdas akut. Det kr\u00e4ver l\u00e4ngre tids behandling, som kostar enormt mycket i personligt lidande, ekonomi och v\u00e5rdresurser. Det man sparade in fr\u00e5n b\u00f6rjan, kostar v\u00e4ldigt mycket mer i slut\u00e4ndan.<\/p>\n<p>&nbsp;<\/p>\n","protected":false},"excerpt":{"rendered":"<p>Sundsvall Att psykisk oh\u00e4lsa p\u00e5verkar samh\u00e4llet \u00e4r ett faktum och idag \u00e4r det fler \u00e4n tidigare som f\u00e5r v\u00e5rd f\u00f6r [&hellip;]<\/p>\n","protected":false},"author":287,"featured_media":0,"comment_status":"open","ping_status":"open","sticky":false,"template":"","format":"standard","meta":{"_acf_changed":false,"site-sidebar-layout":"default","site-content-layout":"","ast-site-content-layout":"default","site-content-style":"default","site-sidebar-style":"default","ast-global-header-display":"","ast-banner-title-visibility":"","ast-main-header-display":"","ast-hfb-above-header-display":"","ast-hfb-below-header-display":"","ast-hfb-mobile-header-display":"","site-post-title":"","ast-breadcrumbs-content":"","ast-featured-img":"","footer-sml-layout":"","ast-disable-related-posts":"","theme-transparent-header-meta":"","adv-header-id-meta":"","stick-header-meta":"","header-above-stick-meta":"","header-main-stick-meta":"","header-below-stick-meta":"","astra-migrate-meta-layouts":"default","ast-page-background-enabled":"default","ast-page-background-meta":{"desktop":{"background-color":"var(--ast-global-color-5)","background-image":"","background-repeat":"repeat","background-position":"center center","background-size":"auto","background-attachment":"scroll","background-type":"","background-media":"","overlay-type":"","overlay-color":"","overlay-opacity":"","overlay-gradient":""},"tablet":{"background-color":"","background-image":"","background-repeat":"repeat","background-position":"center center","background-size":"auto","background-attachment":"scroll","background-type":"","background-media":"","overlay-type":"","overlay-color":"","overlay-opacity":"","overlay-gradient":""},"mobile":{"background-color":"","background-image":"","background-repeat":"repeat","background-position":"center center","background-size":"auto","background-attachment":"scroll","background-type":"","background-media":"","overlay-type":"","overlay-color":"","overlay-opacity":"","overlay-gradient":""}},"ast-content-background-meta":{"desktop":{"background-color":"var(--ast-global-color-4)","background-image":"","background-repeat":"repeat","background-position":"center center","background-size":"auto","background-attachment":"scroll","background-type":"","background-media":"","overlay-type":"","overlay-color":"","overlay-opacity":"","overlay-gradient":""},"tablet":{"background-color":"var(--ast-global-color-4)","background-image":"","background-repeat":"repeat","background-position":"center center","background-size":"auto","background-attachment":"scroll","background-type":"","background-media":"","overlay-type":"","overlay-color":"","overlay-opacity":"","overlay-gradient":""},"mobile":{"background-color":"var(--ast-global-color-4)","background-image":"","background-repeat":"repeat","background-position":"center center","background-size":"auto","background-attachment":"scroll","background-type":"","background-media":"","overlay-type":"","overlay-color":"","overlay-opacity":"","overlay-gradient":""}},"footnotes":""},"categories":[2],"tags":[136,137,20],"class_list":["post-9618","post","type-post","status-publish","format-standard","hentry","category-nyheter","tag-psykisk-ohalsa","tag-regeringsuppdrag","tag-sundsvall-kommun"],"acf":[],"_links":{"self":[{"href":"https:\/\/mkv.miun.se\/skvaderbladet\/wp-json\/wp\/v2\/posts\/9618","targetHints":{"allow":["GET"]}}],"collection":[{"href":"https:\/\/mkv.miun.se\/skvaderbladet\/wp-json\/wp\/v2\/posts"}],"about":[{"href":"https:\/\/mkv.miun.se\/skvaderbladet\/wp-json\/wp\/v2\/types\/post"}],"author":[{"embeddable":true,"href":"https:\/\/mkv.miun.se\/skvaderbladet\/wp-json\/wp\/v2\/users\/287"}],"replies":[{"embeddable":true,"href":"https:\/\/mkv.miun.se\/skvaderbladet\/wp-json\/wp\/v2\/comments?post=9618"}],"version-history":[{"count":0,"href":"https:\/\/mkv.miun.se\/skvaderbladet\/wp-json\/wp\/v2\/posts\/9618\/revisions"}],"wp:attachment":[{"href":"https:\/\/mkv.miun.se\/skvaderbladet\/wp-json\/wp\/v2\/media?parent=9618"}],"wp:term":[{"taxonomy":"category","embeddable":true,"href":"https:\/\/mkv.miun.se\/skvaderbladet\/wp-json\/wp\/v2\/categories?post=9618"},{"taxonomy":"post_tag","embeddable":true,"href":"https:\/\/mkv.miun.se\/skvaderbladet\/wp-json\/wp\/v2\/tags?post=9618"}],"curies":[{"name":"wp","href":"https:\/\/api.w.org\/{rel}","templated":true}]}}