{"id":9616,"date":"2024-03-04T08:20:14","date_gmt":"2024-03-04T07:20:14","guid":{"rendered":"https:\/\/mkv.miun.se\/skvaderbladet\/?p=9616"},"modified":"2024-03-11T10:27:52","modified_gmt":"2024-03-11T09:27:52","slug":"kevin-sahlin-sd-de-vill-inte-bli-angripna-av-vindkraften","status":"publish","type":"post","link":"https:\/\/mkv.miun.se\/skvaderbladet\/kevin-sahlin-sd-de-vill-inte-bli-angripna-av-vindkraften\/","title":{"rendered":"Kevin Sahlin (SD) \u2013 \u201dDe vill inte bli angripna av vindkraften\u201d"},"content":{"rendered":"<p><span class=\"ortsdatering\">Sundsvall 4 Mars 2024<\/span><\/p>\n<figure id=\"attachment_9621\" aria-describedby=\"caption-attachment-9621\" style=\"width: 720px\" class=\"wp-caption alignnone\"><img loading=\"lazy\" decoding=\"async\" class=\"size-fullstory wp-image-9621\" src=\"https:\/\/mkv.miun.se\/skvaderbladet\/wp-content\/uploads\/2024\/03\/nyhetssvallet-sundsvalls-kommunhus-960x636.jpg\" alt=\"Bild p\u00e5 Sundsvalls kommunhus. Huset \u00e4r oranget. Det syns lite sn\u00f6 ute.  \" width=\"720\" height=\"477\" srcset=\"https:\/\/mkv.miun.se\/skvaderbladet\/wp-content\/uploads\/2024\/03\/nyhetssvallet-sundsvalls-kommunhus-960x636.jpg 960w, https:\/\/mkv.miun.se\/skvaderbladet\/wp-content\/uploads\/2024\/03\/nyhetssvallet-sundsvalls-kommunhus-300x199.jpg 300w, https:\/\/mkv.miun.se\/skvaderbladet\/wp-content\/uploads\/2024\/03\/nyhetssvallet-sundsvalls-kommunhus-725x480.jpg 725w, https:\/\/mkv.miun.se\/skvaderbladet\/wp-content\/uploads\/2024\/03\/nyhetssvallet-sundsvalls-kommunhus-145x96.jpg 145w, https:\/\/mkv.miun.se\/skvaderbladet\/wp-content\/uploads\/2024\/03\/nyhetssvallet-sundsvalls-kommunhus-768x509.jpg 768w, https:\/\/mkv.miun.se\/skvaderbladet\/wp-content\/uploads\/2024\/03\/nyhetssvallet-sundsvalls-kommunhus-730x484.jpg 730w, https:\/\/mkv.miun.se\/skvaderbladet\/wp-content\/uploads\/2024\/03\/nyhetssvallet-sundsvalls-kommunhus-325x215.jpg 325w, https:\/\/mkv.miun.se\/skvaderbladet\/wp-content\/uploads\/2024\/03\/nyhetssvallet-sundsvalls-kommunhus-650x431.jpg 650w, https:\/\/mkv.miun.se\/skvaderbladet\/wp-content\/uploads\/2024\/03\/nyhetssvallet-sundsvalls-kommunhus.jpg 1512w\" sizes=\"auto, (max-width: 720px) 100vw, 720px\" \/><figcaption id=\"caption-attachment-9621\" class=\"wp-caption-text\">Sverigedemokraterna vill se ett skydd mot vindkraft i Sundsvalls kommun. Men om det finns ett st\u00f6d f\u00f6r detta av de andra partierna \u00e5terst\u00e5r att se. Foto: Tindra Jansson<\/figcaption><\/figure>\n<p><span class=\"ingress\">Sverigedemokraterna vill att Sundsvalls kommun ska s\u00e4ga nej till all vindkraft. De menar att Sundsvalls befolkning har bidragit nog. Centerpartiet s\u00e4ger d\u00e4remot att ett s\u00e5dant beslut hade varit negativt f\u00f6r kommunen.<\/span><\/p>\n<p>Sverigedemokraterna (SD) har till kommunfullm\u00e4ktige l\u00e4mnat in en motion d\u00e4r de vill se ett skydd emot vindkraft i kommunen samt att kommunen ska bruka sin vetor\u00e4tt mot vindkraftsetableringar.<\/p>\n<p>\u2013Vi \u00e4r redan b\u00e4st i klassen n\u00e4r det kommer till vindkraftsetableringar i v\u00e5rt land. Vi har gjort v\u00e5r plikt h\u00e4r i v\u00e5r region. Det \u00e4r dags f\u00f6r andra att komma i kapp, Kevin Sahlin (SD).<\/p>\n<p>&nbsp;<\/p>\n<p><span class=\"mellanrubrik1\">St\u00f6det av boende<\/span><\/p>\n<p>Sverigedemokraterna ser att ett skydd mot vindkraft har ett brett st\u00f6d i kommunen.<\/p>\n<p>Centerpartiets Hans Forsberg s\u00e4ger att de boende i Sundsvalls kommun kan vara splittrade i fr\u00e5gan.<\/p>\n<p>\u2013Vissa s\u00e4ger nej till vindkraft och ja till k\u00e4rnkraft, andra tv\u00e4rtom, Hans Forsberg (C).<\/p>\n<p>Kevin Sahlin (SD) anser att kommunens inv\u00e5nare inte k\u00e4nner en trygghet n\u00e4r det g\u00e4ller vindkraften.<\/p>\n<p>\u2013De boende i det h\u00e4r omr\u00e5det hade k\u00e4nt en trygghet i att deras hem inte kommer att bli angripna av s\u00e5dana vindkraftsetableringar. Dessutom att man k\u00e4nner sig trygg i till exempel v\u00e4rdet p\u00e5 sitt hus inte skulle g\u00e5 ner fr\u00e5n ingenstans f\u00f6r att n\u00e5got multimiljardbolag skulle t\u00e4nka sig placera ut n\u00e5gra vindsnurror runt sitt hus, Kevin Sahlin (SD).<\/p>\n<p>\u2013Det \u00e4r ocks\u00e5 en trygghet f\u00f6r andra boende i landsbygden som ofta k\u00e4nner att de \u00e4r m\u00e5ltavlan f\u00f6r s\u00e5dana h\u00e4r satsningar d\u00e4r ingen vill ha det i sin bakg\u00e5rd.<\/p>\n<p>&nbsp;<\/p>\n<p><span class=\"mellanrubrik1\">Vindkraftverk i V\u00e4sternorrland<\/span><\/p>\n<p>SCB uppger att V\u00e4sternorrland 2015 hade 40 vindkraftverk. 2020 var den siffran uppe p\u00e5 409 vindkraftverk. Detta menar Kevin Sahlin \u00e4r tillr\u00e4ckligt.<\/p>\n<p>\u2013Det h\u00e4r blir inte att utveckla landsbygden, utan det h\u00e4r \u00e4r att utnyttja landsbygden, Kevin Sahlin (SD).<\/p>\n<p>Hans Forsberg s\u00e4ger att han har sv\u00e5rt att se att ett s\u00e5dant beslut kommer att g\u00e5 igenom.<\/p>\n<p>\u2013Jag tror inte att ett s\u00e5dant beslut kommer g\u00e5 igenom, Hans Forsberg (C). \u00a0<\/p>\n<p>&nbsp;<\/p>\n<p><span class=\"mellanrubrik1\">Splittring i fr\u00e5gan<\/span><\/p>\n<p>Sverigedemokraterna vill att kommunfullm\u00e4ktige ska inta en negativ h\u00e5llning mot vindkraft samt att kommunen ska anv\u00e4nda sitt kommunala veto mot etableringar av vindkraft i Sundsvalls kommun.<\/p>\n<p>Centerpartiets Hans Forsberg menar att ett s\u00e5dant beslut hade p\u00e5verkat kommunen negativt.<\/p>\n<p>\u2013Det \u00e4r en fr\u00e5ga om tillv\u00e4xt, s\u00e4ger Hans Forsberg (C).<\/p>\n<p>\u2013Centerpartiet \u00e4r positiva till f\u00f6rnyelsebar energi, n\u00e5got som SD i detta f\u00f6rslag g\u00e5r emot.<\/p>\n<p>Kevin Sahlin s\u00e4ger att han vill se mer forskning p\u00e5 vindkraftsverkets p\u00e5verkan p\u00e5 h\u00e4lsan innan man forts\u00e4tter att s\u00e4tta upp fler.<\/p>\n","protected":false},"excerpt":{"rendered":"<p>Sundsvall 4 Mars 2024 Sverigedemokraterna vill att Sundsvalls kommun ska s\u00e4ga nej till all vindkraft. De menar att Sundsvalls befolkning [&hellip;]<\/p>\n","protected":false},"author":287,"featured_media":0,"comment_status":"open","ping_status":"open","sticky":false,"template":"","format":"standard","meta":{"_acf_changed":false,"site-sidebar-layout":"default","site-content-layout":"","ast-site-content-layout":"default","site-content-style":"default","site-sidebar-style":"default","ast-global-header-display":"","ast-banner-title-visibility":"","ast-main-header-display":"","ast-hfb-above-header-display":"","ast-hfb-below-header-display":"","ast-hfb-mobile-header-display":"","site-post-title":"","ast-breadcrumbs-content":"","ast-featured-img":"","footer-sml-layout":"","ast-disable-related-posts":"","theme-transparent-header-meta":"","adv-header-id-meta":"","stick-header-meta":"","header-above-stick-meta":"","header-main-stick-meta":"","header-below-stick-meta":"","astra-migrate-meta-layouts":"default","ast-page-background-enabled":"default","ast-page-background-meta":{"desktop":{"background-color":"var(--ast-global-color-5)","background-image":"","background-repeat":"repeat","background-position":"center center","background-size":"auto","background-attachment":"scroll","background-type":"","background-media":"","overlay-type":"","overlay-color":"","overlay-opacity":"","overlay-gradient":""},"tablet":{"background-color":"","background-image":"","background-repeat":"repeat","background-position":"center center","background-size":"auto","background-attachment":"scroll","background-type":"","background-media":"","overlay-type":"","overlay-color":"","overlay-opacity":"","overlay-gradient":""},"mobile":{"background-color":"","background-image":"","background-repeat":"repeat","background-position":"center center","background-size":"auto","background-attachment":"scroll","background-type":"","background-media":"","overlay-type":"","overlay-color":"","overlay-opacity":"","overlay-gradient":""}},"ast-content-background-meta":{"desktop":{"background-color":"var(--ast-global-color-4)","background-image":"","background-repeat":"repeat","background-position":"center center","background-size":"auto","background-attachment":"scroll","background-type":"","background-media":"","overlay-type":"","overlay-color":"","overlay-opacity":"","overlay-gradient":""},"tablet":{"background-color":"var(--ast-global-color-4)","background-image":"","background-repeat":"repeat","background-position":"center center","background-size":"auto","background-attachment":"scroll","background-type":"","background-media":"","overlay-type":"","overlay-color":"","overlay-opacity":"","overlay-gradient":""},"mobile":{"background-color":"var(--ast-global-color-4)","background-image":"","background-repeat":"repeat","background-position":"center center","background-size":"auto","background-attachment":"scroll","background-type":"","background-media":"","overlay-type":"","overlay-color":"","overlay-opacity":"","overlay-gradient":""}},"footnotes":""},"categories":[2],"tags":[125,124,123],"class_list":["post-9616","post","type-post","status-publish","format-standard","hentry","category-nyheter","tag-centerpartiet","tag-sverigedemokraterna","tag-vindkaft"],"acf":[],"_links":{"self":[{"href":"https:\/\/mkv.miun.se\/skvaderbladet\/wp-json\/wp\/v2\/posts\/9616","targetHints":{"allow":["GET"]}}],"collection":[{"href":"https:\/\/mkv.miun.se\/skvaderbladet\/wp-json\/wp\/v2\/posts"}],"about":[{"href":"https:\/\/mkv.miun.se\/skvaderbladet\/wp-json\/wp\/v2\/types\/post"}],"author":[{"embeddable":true,"href":"https:\/\/mkv.miun.se\/skvaderbladet\/wp-json\/wp\/v2\/users\/287"}],"replies":[{"embeddable":true,"href":"https:\/\/mkv.miun.se\/skvaderbladet\/wp-json\/wp\/v2\/comments?post=9616"}],"version-history":[{"count":0,"href":"https:\/\/mkv.miun.se\/skvaderbladet\/wp-json\/wp\/v2\/posts\/9616\/revisions"}],"wp:attachment":[{"href":"https:\/\/mkv.miun.se\/skvaderbladet\/wp-json\/wp\/v2\/media?parent=9616"}],"wp:term":[{"taxonomy":"category","embeddable":true,"href":"https:\/\/mkv.miun.se\/skvaderbladet\/wp-json\/wp\/v2\/categories?post=9616"},{"taxonomy":"post_tag","embeddable":true,"href":"https:\/\/mkv.miun.se\/skvaderbladet\/wp-json\/wp\/v2\/tags?post=9616"}],"curies":[{"name":"wp","href":"https:\/\/api.w.org\/{rel}","templated":true}]}}