{"id":9595,"date":"2024-03-01T13:00:06","date_gmt":"2024-03-01T12:00:06","guid":{"rendered":"https:\/\/mkv.miun.se\/skvaderbladet\/?p=9595"},"modified":"2024-03-04T16:51:07","modified_gmt":"2024-03-04T15:51:07","slug":"kraftig-okning-av-orosanmalningar","status":"publish","type":"post","link":"https:\/\/mkv.miun.se\/skvaderbladet\/kraftig-okning-av-orosanmalningar\/","title":{"rendered":"Kraftig \u00f6kning av orosanm\u00e4lningar med barn som far illa"},"content":{"rendered":"<figure id=\"attachment_9606\" aria-describedby=\"caption-attachment-9606\" style=\"width: 720px\" class=\"wp-caption alignnone\"><img loading=\"lazy\" decoding=\"async\" class=\"size-fullstory wp-image-9606\" src=\"https:\/\/mkv.miun.se\/skvaderbladet\/wp-content\/uploads\/2024\/03\/nyhetssvallet-image-article-21-960x720.jpg\" alt=\"Bild p\u00e5 ett kallt och tomt litet lektorn med en ruschkana.\" width=\"720\" height=\"540\" srcset=\"https:\/\/mkv.miun.se\/skvaderbladet\/wp-content\/uploads\/2024\/03\/nyhetssvallet-image-article-21-960x720.jpg 960w, https:\/\/mkv.miun.se\/skvaderbladet\/wp-content\/uploads\/2024\/03\/nyhetssvallet-image-article-21-300x225.jpg 300w, https:\/\/mkv.miun.se\/skvaderbladet\/wp-content\/uploads\/2024\/03\/nyhetssvallet-image-article-21-725x544.jpg 725w, https:\/\/mkv.miun.se\/skvaderbladet\/wp-content\/uploads\/2024\/03\/nyhetssvallet-image-article-21-768x576.jpg 768w, https:\/\/mkv.miun.se\/skvaderbladet\/wp-content\/uploads\/2024\/03\/nyhetssvallet-image-article-21-1536x1152.jpg 1536w, https:\/\/mkv.miun.se\/skvaderbladet\/wp-content\/uploads\/2024\/03\/nyhetssvallet-image-article-21-2048x1536.jpg 2048w, https:\/\/mkv.miun.se\/skvaderbladet\/wp-content\/uploads\/2024\/03\/nyhetssvallet-image-article-21-730x548.jpg 730w, https:\/\/mkv.miun.se\/skvaderbladet\/wp-content\/uploads\/2024\/03\/nyhetssvallet-image-article-21-325x244.jpg 325w, https:\/\/mkv.miun.se\/skvaderbladet\/wp-content\/uploads\/2024\/03\/nyhetssvallet-image-article-21-650x488.jpg 650w\" sizes=\"auto, (max-width: 720px) 100vw, 720px\" \/><figcaption id=\"caption-attachment-9606\" class=\"wp-caption-text\">Det \u00e4r ett h\u00e5rt klimat i samh\u00e4llet idag, och det g\u00e4ller inte bara i skolan, s\u00e4ger Olle \u00c5kerlund (S) foto: Fredrik Ehnberg<\/figcaption><\/figure>\n<p>&nbsp;<\/p>\n<p><b>Orosanm\u00e4lningar \u00f6kar kraftigt fr\u00e5n skolorna i Sundsvall kommun.<\/b><\/p>\n<p><b>Siffrorna har n\u00e4stan f\u00f6rdubblats sedan 2019 trots att kommunen arbetat aktivt med att st\u00e4vja utvecklingen.\u00a0<\/b><\/p>\n<p><b>Samtidigt st\u00e4ller sig Allianspartierna och Sverigedemokraterna fr\u00e5gande till varf\u00f6r fler \u00e5tg\u00e4rder inte har vidtagits.<\/b><\/p>\n<p>&nbsp;<\/p>\n<p><span style=\"font-weight: 400;\">Totalt 2621 orosanm\u00e4lningar uppr\u00e4ttades mellan \u00e5ren 2019-2023 visar statistik fr\u00e5n barn- och utbildningsf\u00f6rvaltningen<\/span><b>.\u00a0<\/b><\/p>\n<p><span style=\"font-weight: 400;\">2019 uppr\u00e4ttades 391 anm\u00e4lningar, j\u00e4mf\u00f6rt med 582 anm\u00e4lningar 2023. Redan efter \u00e5rets tv\u00e5 f\u00f6rsta m\u00e5nader \u00e4r siffran 132.<\/span><\/p>\n<p><span style=\"font-weight: 400;\">Det \u00e4r en stor \u00f6kning p\u00e5 relativt kort tid och politikerna i kommunstyrelsen har sv\u00e5rt att kartl\u00e4gga exakt vad den grundar sig i.\u00a0<\/span><\/p>\n<p>&nbsp;<\/p>\n<p><span style=\"font-weight: 400;\">\u2013 Det finns inget enkelt svar p\u00e5 det. Skolan pr\u00e4glas av och speglar samh\u00e4llet i stort. Vi beh\u00f6ver d\u00e4rf\u00f6r ett brett f\u00f6rebyggande arbete mot otrygghet, och det skulle \u00e4ven beh\u00f6va prioriteras av regeringen s\u00e5 att alla kommuner har tillr\u00e4ckligt med resurser f\u00f6r att kunna s\u00e4kerst\u00e4lla en trygg skolmilj\u00f6, s\u00e4ger Olle \u00c5kerlund (S) som \u00e4r ordf\u00f6rande f\u00f6r barn- och utbildningsf\u00f6rvaltningen i Sundsvall.\u00a0<\/span><\/p>\n<p><span style=\"font-weight: 400;\">Kommunen menar att de \u00e4r medvetna om problemet och h\u00e4nvisar till att de har vidtagit \u00e5tg\u00e4rder f\u00f6r att skapa en tryggare skolmilj\u00f6 f\u00f6r alla elever p\u00e5 kommunens skolor. \u00c5tg\u00e4rderna \u00e4r fokuserade p\u00e5 elevh\u00e4lsa, men ocks\u00e5 att minimera riskerna att fastna i droganv\u00e4ndning eller kriminalitet med hj\u00e4lp av en SSPF-modell. (En SSPF-modell inneb\u00e4r mindre sekretesser och ett st\u00e4rkt samarbete mellan verksamheter som kommer i kontakt med barn som riskerar att fara illa.)<\/span><\/p>\n<p>&nbsp;<\/p>\n<p><span style=\"font-weight: 400;\">\u2013 Vi har f\u00f6rst\u00e4rkt elevh\u00e4lsoteamet med fler kuratorer och inf\u00f6rt brobyggare p\u00e5 flera skolor f\u00f6r att \u00f6ka dialogen mellan skola, elev och v\u00e5rdnadshavare. Vi har \u00e4ven satsat p\u00e5 att s\u00e4tta in en SSPF-modell f\u00f6r att skapa b\u00e4ttre samverkan mellan skola, socialtj\u00e4nst, polis och fritidsverksamhet, s\u00e4ger Olle.<\/span><\/p>\n<p><span style=\"font-weight: 400;\">Barn- och utbildningsf\u00f6rvaltningen vill ocks\u00e5 upplysa att det \u00f6kade antalet anm\u00e4lningar inte n\u00f6dv\u00e4ndigtvis m\u00e5ste bero p\u00e5 att det \u00e4r fler barn som far illa.<\/span><\/p>\n<p>&nbsp;<\/p>\n<p><span style=\"font-weight: 400;\">\u2014 <\/span><span style=\"font-weight: 400;\">Det \u00e4r inte heller m\u00f6jligt att utifr\u00e5n detta s\u00e4ga att kr\u00e4nkningarna faktiskt \u00f6kat bara f\u00f6r att anm\u00e4lningarna \u00f6kat, s\u00e4ger Olle.<\/span><\/p>\n<p><span style=\"font-weight: 400;\">\u2014 Man ska vara medveten om att det i statistiken kan finnas flera anm\u00e4lningar som r\u00f6r samma h\u00e4ndelse\/elev, samt att vi har sk\u00e4l att tro att \u00f6kat antal anm\u00e4lningar ocks\u00e5 kan ha att g\u00f6ra med en h\u00f6gre anm\u00e4lningsben\u00e4genhet f\u00f6r att man uppm\u00e4rksammat vikten av att anm\u00e4la potentiella kr\u00e4nkningar eller missf\u00f6rh\u00e5llanden. Men oavsett antal, det ska vara nolltolerans och skolan ska vara en trygg milj\u00f6 f\u00f6r alla barn. Vi beh\u00f6ver titta p\u00e5 om det finns sk\u00e4l att vidta fler \u00e5tg\u00e4rder i Sundsvall.<\/span><\/p>\n<p>&nbsp;<\/p>\n<p><b>M\u00f6ttes av kritik i Kommunfullm\u00e4ktige<\/b><b>\u00a0<\/b><\/p>\n<p><img loading=\"lazy\" decoding=\"async\" class=\"size-fullstory wp-image-9597\" src=\"https:\/\/mkv.miun.se\/skvaderbladet\/wp-content\/uploads\/2024\/03\/nyhetssvallet-unnamed-960x416.jpg\" alt=\"bild fr\u00e5n kommunfullm\u00e4ktige salen i sundsvall. Det \u00e4r flera stolsrader fyllda med m\u00e4nniskor. det \u00e4r ett podium med en poliker som st\u00e5r bredvid kommunfullm\u00e4ktigen\u00e4mnden.\" width=\"720\" height=\"312\" srcset=\"https:\/\/mkv.miun.se\/skvaderbladet\/wp-content\/uploads\/2024\/03\/nyhetssvallet-unnamed-960x416.jpg 960w, https:\/\/mkv.miun.se\/skvaderbladet\/wp-content\/uploads\/2024\/03\/nyhetssvallet-unnamed-300x130.jpg 300w, https:\/\/mkv.miun.se\/skvaderbladet\/wp-content\/uploads\/2024\/03\/nyhetssvallet-unnamed-725x314.jpg 725w, https:\/\/mkv.miun.se\/skvaderbladet\/wp-content\/uploads\/2024\/03\/nyhetssvallet-unnamed-768x333.jpg 768w, https:\/\/mkv.miun.se\/skvaderbladet\/wp-content\/uploads\/2024\/03\/nyhetssvallet-unnamed-1536x666.jpg 1536w, https:\/\/mkv.miun.se\/skvaderbladet\/wp-content\/uploads\/2024\/03\/nyhetssvallet-unnamed-2048x888.jpg 2048w, https:\/\/mkv.miun.se\/skvaderbladet\/wp-content\/uploads\/2024\/03\/nyhetssvallet-unnamed-730x317.jpg 730w, https:\/\/mkv.miun.se\/skvaderbladet\/wp-content\/uploads\/2024\/03\/nyhetssvallet-unnamed-325x141.jpg 325w, https:\/\/mkv.miun.se\/skvaderbladet\/wp-content\/uploads\/2024\/03\/nyhetssvallet-unnamed-650x282.jpg 650w\" sizes=\"auto, (max-width: 720px) 100vw, 720px\" \/><\/p>\n<p>Ina Lindstr\u00f6m Skandevall framf\u00f6r f\u00f6rslaget om akutskola till kommunfullm\u00e4ktige. Foto: Fredrik Ehnberg<\/p>\n<p>&nbsp;<\/p>\n<p><span style=\"font-weight: 400;\">Allianspartierna samt Sverigedemokraterna riktar skarp kritik mot kommunstyrelsens arbete. D\u00e5 man menar att deras nuvarande \u00e5tg\u00e4rder f\u00f6r en tryggare skolmilj\u00f6 inte \u00e4r tillr\u00e4ckliga.<\/span><\/p>\n<p><span style=\"font-weight: 400;\">Under senaste kommunfullm\u00e4ktigem\u00f6tet presenterade b\u00e5de Liberalerna och Sverigedemokraterna konkreta f\u00f6rslag som gillades inom det egna blocket, men kommunstyrelsen som innehar en politisk majoritet r\u00f6stade ner motionerna.\u00a0<\/span><\/p>\n<p><span style=\"font-weight: 400;\">Liberalerna framf\u00f6rde ett f\u00f6rslag om att inf\u00f6ra en akut skola f\u00f6r att s\u00e4kerst\u00e4lla att elever med behov av extra st\u00f6d eller av att flytta fr\u00e5n sin nuvarande skolmilj\u00f6 fortfarande f\u00e5r tillg\u00e5ng till en kvalitativ skolg\u00e5ng.<\/span><\/p>\n<p><span style=\"font-weight: 400;\">En akutskola \u00e4r en tillf\u00e4llig placering och en ingripande disciplin\u00e4r \u00e5tg\u00e4rd som syftar till att s\u00e4kerst\u00e4lla en trygg och s\u00e4ker skolsituation f\u00f6r alla elever.\u00a0<\/span><\/p>\n<p><span style=\"font-weight: 400;\">Vid uppr\u00e4ttandet av en akutskola \u00e4r tanken att staten finansierar h\u00e4lften av kostnaderna.<\/span><\/p>\n<p><span style=\"font-weight: 400;\">Under debatten om de motioner som l\u00e4mnats in till kommunfullm\u00e4ktige med eventuella l\u00f6sningar p\u00e5 situationen s\u00e5 cirkulerade diskussionen mycket kring kommunstyrelsens ovilja att komma med nya l\u00f6sningar, d\u00e5 man ist\u00e4llet v\u00e4ljer att h\u00e5lla fast vid och st\u00e4rka den nuvarande modellen.<\/span><\/p>\n<p><span style=\"font-weight: 400;\">\u2013 Jag tycker att hela resonemanget \u00e4r bristf\u00e4llig. De s\u00e4ger att det finns ett problem men de g\u00f6r inget konkret mot problemet. Det pratas om att det inte finns tillr\u00e4ckligt med utsatta elever f\u00f6r att starta en akutskola och att det inte finns tillr\u00e4ckligt med resurser heller f\u00f6r den delen. Det \u00e4r barnen som far illa av att det h\u00e4r inte tas p\u00e5 allvar, s\u00e4ger Ina Lindstr\u00f6m Skandevall fr\u00e5n Liberalerna i Sundsvall.<\/span><\/p>\n<p>&nbsp;<\/p>\n","protected":false},"excerpt":{"rendered":"<p>&nbsp; Orosanm\u00e4lningar \u00f6kar kraftigt fr\u00e5n skolorna i Sundsvall kommun. Siffrorna har n\u00e4stan f\u00f6rdubblats sedan 2019 trots att kommunen arbetat aktivt [&hellip;]<\/p>\n","protected":false},"author":313,"featured_media":0,"comment_status":"open","ping_status":"open","sticky":false,"template":"","format":"standard","meta":{"_acf_changed":false,"site-sidebar-layout":"default","site-content-layout":"","ast-site-content-layout":"default","site-content-style":"default","site-sidebar-style":"default","ast-global-header-display":"","ast-banner-title-visibility":"","ast-main-header-display":"","ast-hfb-above-header-display":"","ast-hfb-below-header-display":"","ast-hfb-mobile-header-display":"","site-post-title":"","ast-breadcrumbs-content":"","ast-featured-img":"","footer-sml-layout":"","ast-disable-related-posts":"","theme-transparent-header-meta":"","adv-header-id-meta":"","stick-header-meta":"","header-above-stick-meta":"","header-main-stick-meta":"","header-below-stick-meta":"","astra-migrate-meta-layouts":"default","ast-page-background-enabled":"default","ast-page-background-meta":{"desktop":{"background-color":"var(--ast-global-color-5)","background-image":"","background-repeat":"repeat","background-position":"center center","background-size":"auto","background-attachment":"scroll","background-type":"","background-media":"","overlay-type":"","overlay-color":"","overlay-opacity":"","overlay-gradient":""},"tablet":{"background-color":"","background-image":"","background-repeat":"repeat","background-position":"center center","background-size":"auto","background-attachment":"scroll","background-type":"","background-media":"","overlay-type":"","overlay-color":"","overlay-opacity":"","overlay-gradient":""},"mobile":{"background-color":"","background-image":"","background-repeat":"repeat","background-position":"center center","background-size":"auto","background-attachment":"scroll","background-type":"","background-media":"","overlay-type":"","overlay-color":"","overlay-opacity":"","overlay-gradient":""}},"ast-content-background-meta":{"desktop":{"background-color":"var(--ast-global-color-4)","background-image":"","background-repeat":"repeat","background-position":"center center","background-size":"auto","background-attachment":"scroll","background-type":"","background-media":"","overlay-type":"","overlay-color":"","overlay-opacity":"","overlay-gradient":""},"tablet":{"background-color":"var(--ast-global-color-4)","background-image":"","background-repeat":"repeat","background-position":"center center","background-size":"auto","background-attachment":"scroll","background-type":"","background-media":"","overlay-type":"","overlay-color":"","overlay-opacity":"","overlay-gradient":""},"mobile":{"background-color":"var(--ast-global-color-4)","background-image":"","background-repeat":"repeat","background-position":"center center","background-size":"auto","background-attachment":"scroll","background-type":"","background-media":"","overlay-type":"","overlay-color":"","overlay-opacity":"","overlay-gradient":""}},"footnotes":""},"categories":[9,2],"tags":[22,21,23,19,20],"class_list":["post-9595","post","type-post","status-publish","format-standard","hentry","category-familj","category-nyheter","tag-akutskola","tag-kommunstyrelsen","tag-liberalerna","tag-orosanmalningar","tag-sundsvall-kommun"],"acf":[],"_links":{"self":[{"href":"https:\/\/mkv.miun.se\/skvaderbladet\/wp-json\/wp\/v2\/posts\/9595","targetHints":{"allow":["GET"]}}],"collection":[{"href":"https:\/\/mkv.miun.se\/skvaderbladet\/wp-json\/wp\/v2\/posts"}],"about":[{"href":"https:\/\/mkv.miun.se\/skvaderbladet\/wp-json\/wp\/v2\/types\/post"}],"author":[{"embeddable":true,"href":"https:\/\/mkv.miun.se\/skvaderbladet\/wp-json\/wp\/v2\/users\/313"}],"replies":[{"embeddable":true,"href":"https:\/\/mkv.miun.se\/skvaderbladet\/wp-json\/wp\/v2\/comments?post=9595"}],"version-history":[{"count":0,"href":"https:\/\/mkv.miun.se\/skvaderbladet\/wp-json\/wp\/v2\/posts\/9595\/revisions"}],"wp:attachment":[{"href":"https:\/\/mkv.miun.se\/skvaderbladet\/wp-json\/wp\/v2\/media?parent=9595"}],"wp:term":[{"taxonomy":"category","embeddable":true,"href":"https:\/\/mkv.miun.se\/skvaderbladet\/wp-json\/wp\/v2\/categories?post=9595"},{"taxonomy":"post_tag","embeddable":true,"href":"https:\/\/mkv.miun.se\/skvaderbladet\/wp-json\/wp\/v2\/tags?post=9595"}],"curies":[{"name":"wp","href":"https:\/\/api.w.org\/{rel}","templated":true}]}}