{"id":9577,"date":"2024-03-04T08:16:17","date_gmt":"2024-03-04T07:16:17","guid":{"rendered":"https:\/\/mkv.miun.se\/skvaderbladet\/?p=9577"},"modified":"2024-03-11T10:26:34","modified_gmt":"2024-03-11T09:26:34","slug":"ambulans-fastnade-i-hastighetskontroll","status":"publish","type":"post","link":"https:\/\/mkv.miun.se\/skvaderbladet\/ambulans-fastnade-i-hastighetskontroll\/","title":{"rendered":"Ambulans fastnade i hastighetskontroll"},"content":{"rendered":"<p><span class=\"ortsdatering\">Timr\u00e5 2024-02-29<\/span><\/p>\n<figure id=\"attachment_9580\" aria-describedby=\"caption-attachment-9580\" style=\"width: 720px\" class=\"wp-caption alignnone\"><img loading=\"lazy\" decoding=\"async\" class=\"wp-image-9580 size-fullstory\" src=\"https:\/\/mkv.miun.se\/skvaderbladet\/wp-content\/uploads\/2024\/02\/nyhetssvallet-dragarbild-ambulans-960x720.jpg\" alt=\"En ambulans st\u00e5r vid v\u00e4gen och ett tr\u00e4d syns i bakgrunden.\" width=\"720\" height=\"540\" srcset=\"https:\/\/mkv.miun.se\/skvaderbladet\/wp-content\/uploads\/2024\/02\/nyhetssvallet-dragarbild-ambulans-960x720.jpg 960w, https:\/\/mkv.miun.se\/skvaderbladet\/wp-content\/uploads\/2024\/02\/nyhetssvallet-dragarbild-ambulans-300x225.jpg 300w, https:\/\/mkv.miun.se\/skvaderbladet\/wp-content\/uploads\/2024\/02\/nyhetssvallet-dragarbild-ambulans-725x544.jpg 725w, https:\/\/mkv.miun.se\/skvaderbladet\/wp-content\/uploads\/2024\/02\/nyhetssvallet-dragarbild-ambulans-768x576.jpg 768w, https:\/\/mkv.miun.se\/skvaderbladet\/wp-content\/uploads\/2024\/02\/nyhetssvallet-dragarbild-ambulans-1536x1152.jpg 1536w, https:\/\/mkv.miun.se\/skvaderbladet\/wp-content\/uploads\/2024\/02\/nyhetssvallet-dragarbild-ambulans-2048x1536.jpg 2048w, https:\/\/mkv.miun.se\/skvaderbladet\/wp-content\/uploads\/2024\/02\/nyhetssvallet-dragarbild-ambulans-730x548.jpg 730w, https:\/\/mkv.miun.se\/skvaderbladet\/wp-content\/uploads\/2024\/02\/nyhetssvallet-dragarbild-ambulans-325x244.jpg 325w, https:\/\/mkv.miun.se\/skvaderbladet\/wp-content\/uploads\/2024\/02\/nyhetssvallet-dragarbild-ambulans-650x488.jpg 650w\" sizes=\"auto, (max-width: 720px) 100vw, 720px\" \/><figcaption id=\"caption-attachment-9580\" class=\"wp-caption-text\">En ambulans har fastnat p\u00e5 en fartkamera i Timr\u00e5 kommun.<br \/>\nFoto: Vilma Rasi Wid\u00e9n<\/figcaption><\/figure>\n<p><span class=\"ingress\">En ambulans fastnade p\u00e5 en fartkamera p\u00e5 v\u00e4g 331 i Stavre i Timr\u00e5 kommun. Till f\u00f6ljd av detta har polisen beg\u00e4rt ut en h\u00e4ndelserapport fr\u00e5n den aktuella tidpunkten f\u00f6r att se om fortk\u00f6rningen \u00e4r att klassa som olovlig eller inte. I ett mejl till polisen kan man l\u00e4sa att ambulansen var ute p\u00e5 ett prio tv\u00e5 uppdrag.<\/span><\/p>\n<p>Den var den 12 februari som ambulansen fastnade p\u00e5 en fartkamera. Enligt Daniel Pettersson, chef f\u00f6r trafiksektionen i region nord s\u00e5 utreder man s\u00e5dana h\u00e4r h\u00e4ndelsen olika beroende p\u00e5 hur fortk\u00f6rningen har uppt\u00e4ckts, om det har uppdagats via en fartkamera, en kontroll eller en omk\u00f6rning.<\/p>\n<p>\u00a0\u2014 Om polisen blir omk\u00f6rd av en ambulans och m\u00e4ter hastigheten och ser att det g\u00e5r f\u00f6r fort s\u00e5 f\u00f6ljer man efter. N\u00e4r ambulansen stannar och f\u00f6raren kliver ut s\u00e5 \u201dutreder man h\u00e4ndelsen p\u00e5 plats\u201d, men det kan spreta i hur utredningen g\u00e5r till beroende p\u00e5 i vilket sammanhang som den h\u00e4r hastighets\u00f6vertr\u00e4delsen uppst\u00e5r, s\u00e4ger Daniel Pettersson p\u00e5 polisen.<\/p>\n<p>Om det d\u00e4remot som i detta fall har uppdagats vid en fartkamera s\u00e5 \u00e4r det ATK-sektionen hos polisen som utreder detta och de beg\u00e4r d\u00e5 ut en h\u00e4ndelserapport fr\u00e5n ambulansen f\u00f6r att se om ambulansen vid tidpunkten f\u00f6r fortk\u00f6rningen har varit ute p\u00e5 ett uppdrag och vilken prio larmet i s\u00e5 fall hade.\u00a0<\/p>\n<figure id=\"attachment_9579\" aria-describedby=\"caption-attachment-9579\" style=\"width: 569px\" class=\"wp-caption alignnone\"><img loading=\"lazy\" decoding=\"async\" class=\"size-large wp-image-9579\" src=\"https:\/\/mkv.miun.se\/skvaderbladet\/wp-content\/uploads\/2024\/02\/nyhetssvallet-polishuset-569x725.jpg\" alt=\"Bild p\u00e5 polishuset med polisens logga synlig i h\u00f6rnet av bilden.\" width=\"569\" height=\"725\" srcset=\"https:\/\/mkv.miun.se\/skvaderbladet\/wp-content\/uploads\/2024\/02\/nyhetssvallet-polishuset-569x725.jpg 569w, https:\/\/mkv.miun.se\/skvaderbladet\/wp-content\/uploads\/2024\/02\/nyhetssvallet-polishuset-235x300.jpg 235w, https:\/\/mkv.miun.se\/skvaderbladet\/wp-content\/uploads\/2024\/02\/nyhetssvallet-polishuset-768x979.jpg 768w, https:\/\/mkv.miun.se\/skvaderbladet\/wp-content\/uploads\/2024\/02\/nyhetssvallet-polishuset-1205x1536.jpg 1205w, https:\/\/mkv.miun.se\/skvaderbladet\/wp-content\/uploads\/2024\/02\/nyhetssvallet-polishuset-1607x2048.jpg 1607w, https:\/\/mkv.miun.se\/skvaderbladet\/wp-content\/uploads\/2024\/02\/nyhetssvallet-polishuset-730x930.jpg 730w, https:\/\/mkv.miun.se\/skvaderbladet\/wp-content\/uploads\/2024\/02\/nyhetssvallet-polishuset-325x414.jpg 325w, https:\/\/mkv.miun.se\/skvaderbladet\/wp-content\/uploads\/2024\/02\/nyhetssvallet-polishuset-650x828.jpg 650w, https:\/\/mkv.miun.se\/skvaderbladet\/wp-content\/uploads\/2024\/02\/nyhetssvallet-polishuset-784x999.jpg 784w, https:\/\/mkv.miun.se\/skvaderbladet\/wp-content\/uploads\/2024\/02\/nyhetssvallet-polishuset-scaled.jpg 2009w\" sizes=\"auto, (max-width: 569px) 100vw, 569px\" \/><figcaption id=\"caption-attachment-9579\" class=\"wp-caption-text\">\u201dDet kan spreta i hur utredningen g\u00e5r till beroende p\u00e5 i vilket sammanhang som hastighets\u00f6vertr\u00e4delsen uppst\u00e5r\u201d, s\u00e4ger Daniel Pettersson, chef f\u00f6r trafiksektion i region nord.<br \/>\nFoto: Vilma Rasi Wid\u00e9n<\/figcaption><\/figure>\n<p><strong><span class=\"mellanrubrik1\">Vilken prio larmet har avg\u00f6r<\/span> \u00a0\u00a0\u00a0\u00a0\u00a0\u00a0\u00a0\u00a0\u00a0\u00a0\u00a0\u00a0\u00a0\u00a0\u00a0\u00a0\u00a0\u00a0\u00a0\u00a0\u00a0\u00a0\u00a0\u00a0\u00a0\u00a0\u00a0\u00a0\u00a0\u00a0\u00a0\u00a0\u00a0\u00a0\u00a0\u00a0\u00a0\u00a0\u00a0\u00a0\u00a0\u00a0\u00a0\u00a0\u00a0\u00a0\u00a0\u00a0\u00a0\u00a0\u00a0\u00a0\u00a0\u00a0\u00a0\u00a0\u00a0\u00a0\u00a0\u00a0\u00a0\u00a0\u00a0\u00a0\u00a0\u00a0\u00a0\u00a0\u00a0\u00a0\u00a0\u00a0\u00a0\u00a0\u00a0\u00a0\u00a0<\/strong><\/p>\n<p>Christer Zackrisson \u00e4r enhetschef p\u00e5 ambulansen i Sundsvall och \u00e4r den som har ansvaret att skicka \u00f6ver h\u00e4ndelserapporter till polisen.<\/p>\n<p>\u2014 Jag f\u00e5r en beg\u00e4ran via mejl av polis med \u00f6nskan att f\u00e5 svar p\u00e5 ambulans\u00e4rendets prioritet. Vid prio 1 och prio 2 beh\u00f6ver jag inte l\u00e4mna ut personuppgifter p\u00e5 f\u00f6raren eftersom vi kan \u00f6verskrida g\u00e4llande hastighetsbest\u00e4mmelser om behovet finns, s\u00e4ger Christer Zackrisson.<\/p>\n<p><strong>Finns det n\u00e5gon prio som det inte \u00e4r okej att \u00f6verskrida hastighetsbegr\u00e4nsningen p\u00e5? <\/strong><\/p>\n<p>\u2014 Prio 3: \u00d6vriga uppdrag eller \u00f6verbevakningsbehov d\u00e4r rimlig v\u00e4ntetid inte bed\u00f6ms p\u00e5verka en patients tillst\u00e5nd. Om jag vid kontroll ser att ambulans\u00e4rendet \u00e4r satt till prio 3 l\u00e4mnar jag chauff\u00f6rens personuppgifter via SMT (s\u00e4kra meddelanden) till den myndighetsperson som efterfr\u00e5gar uppgifterna, s\u00e4ger Christer Zackrisson.<\/p>\n<figure id=\"attachment_9578\" aria-describedby=\"caption-attachment-9578\" style=\"width: 544px\" class=\"wp-caption alignnone\"><img loading=\"lazy\" decoding=\"async\" class=\"size-large wp-image-9578\" src=\"https:\/\/mkv.miun.se\/skvaderbladet\/wp-content\/uploads\/2024\/02\/nyhetssvallet-fartkamera-544x725.jpg\" alt=\"En fartkamera st\u00e5r i sn\u00f6n vid sidan av v\u00e4gen. \" width=\"544\" height=\"725\" srcset=\"https:\/\/mkv.miun.se\/skvaderbladet\/wp-content\/uploads\/2024\/02\/nyhetssvallet-fartkamera-544x725.jpg 544w, https:\/\/mkv.miun.se\/skvaderbladet\/wp-content\/uploads\/2024\/02\/nyhetssvallet-fartkamera-225x300.jpg 225w, https:\/\/mkv.miun.se\/skvaderbladet\/wp-content\/uploads\/2024\/02\/nyhetssvallet-fartkamera-768x1024.jpg 768w, https:\/\/mkv.miun.se\/skvaderbladet\/wp-content\/uploads\/2024\/02\/nyhetssvallet-fartkamera-1152x1536.jpg 1152w, https:\/\/mkv.miun.se\/skvaderbladet\/wp-content\/uploads\/2024\/02\/nyhetssvallet-fartkamera-1536x2048.jpg 1536w, https:\/\/mkv.miun.se\/skvaderbladet\/wp-content\/uploads\/2024\/02\/nyhetssvallet-fartkamera-730x973.jpg 730w, https:\/\/mkv.miun.se\/skvaderbladet\/wp-content\/uploads\/2024\/02\/nyhetssvallet-fartkamera-325x433.jpg 325w, https:\/\/mkv.miun.se\/skvaderbladet\/wp-content\/uploads\/2024\/02\/nyhetssvallet-fartkamera-650x867.jpg 650w, https:\/\/mkv.miun.se\/skvaderbladet\/wp-content\/uploads\/2024\/02\/nyhetssvallet-fartkamera-749x999.jpg 749w, https:\/\/mkv.miun.se\/skvaderbladet\/wp-content\/uploads\/2024\/02\/nyhetssvallet-fartkamera-scaled.jpg 1920w\" sizes=\"auto, (max-width: 544px) 100vw, 544px\" \/><figcaption id=\"caption-attachment-9578\" class=\"wp-caption-text\">F\u00f6raren f\u00f6r ambulansen h\u00e5lls ansvarig vid en otill\u00e5ten hastighets\u00f6vertr\u00e4delse.<br \/>\nFoto: Vilma Rasi Wid\u00e9n<\/figcaption><\/figure>\n<p><strong>Hur ofta h\u00e4nder det att ambulanser fastnar i hastighetskontroller? <\/strong><\/p>\n<p>\u2014 I genomsnitt f\u00e5r jag ca 5\u201310 beg\u00e4ran fr\u00e5n polis varje vecka, s\u00e4ger Christer Zachrisson.<\/p>\n<p><strong>Om en utredning kommer fram till att ambulansen olovligen har k\u00f6rt f\u00f6r fort, vem h\u00e5lls ansvarig d\u00e5? <\/strong><\/p>\n<p>\u2014 Det \u00e4r chauff\u00f6ren f\u00f6r ambulansfordonet som h\u00e5lls ansvarig.<\/p>\n<p><span class=\"mellanrubrik1\">Hastighets\u00f6vertr\u00e4delsen b\u00f6r inte ha bed\u00f6mts som olovlig\u00a0\u00a0\u00a0\u00a0\u00a0\u00a0\u00a0<\/span><\/p>\n<p>Enligt handlingen hos region V\u00e4sternorrland s\u00e5 var ambulansen ute p\u00e5 ett prio tv\u00e5 larm och d\u00e4rav m\u00e5ste allts\u00e5 inte ambulansen l\u00e4mna ut personuppgifter p\u00e5 f\u00f6raren d\u00e5 det har r\u00e4tt att \u00f6verskrida hastigheten p\u00e5 dessa larm.<\/p>\n","protected":false},"excerpt":{"rendered":"<p>Timr\u00e5 2024-02-29 En ambulans fastnade p\u00e5 en fartkamera p\u00e5 v\u00e4g 331 i Stavre i Timr\u00e5 kommun. Till f\u00f6ljd av detta [&hellip;]<\/p>\n","protected":false},"author":287,"featured_media":0,"comment_status":"open","ping_status":"open","sticky":false,"template":"","format":"standard","meta":{"_acf_changed":false,"site-sidebar-layout":"default","site-content-layout":"","ast-site-content-layout":"default","site-content-style":"default","site-sidebar-style":"default","ast-global-header-display":"","ast-banner-title-visibility":"","ast-main-header-display":"","ast-hfb-above-header-display":"","ast-hfb-below-header-display":"","ast-hfb-mobile-header-display":"","site-post-title":"","ast-breadcrumbs-content":"","ast-featured-img":"","footer-sml-layout":"","ast-disable-related-posts":"","theme-transparent-header-meta":"","adv-header-id-meta":"","stick-header-meta":"","header-above-stick-meta":"","header-main-stick-meta":"","header-below-stick-meta":"","astra-migrate-meta-layouts":"default","ast-page-background-enabled":"default","ast-page-background-meta":{"desktop":{"background-color":"var(--ast-global-color-5)","background-image":"","background-repeat":"repeat","background-position":"center center","background-size":"auto","background-attachment":"scroll","background-type":"","background-media":"","overlay-type":"","overlay-color":"","overlay-opacity":"","overlay-gradient":""},"tablet":{"background-color":"","background-image":"","background-repeat":"repeat","background-position":"center center","background-size":"auto","background-attachment":"scroll","background-type":"","background-media":"","overlay-type":"","overlay-color":"","overlay-opacity":"","overlay-gradient":""},"mobile":{"background-color":"","background-image":"","background-repeat":"repeat","background-position":"center center","background-size":"auto","background-attachment":"scroll","background-type":"","background-media":"","overlay-type":"","overlay-color":"","overlay-opacity":"","overlay-gradient":""}},"ast-content-background-meta":{"desktop":{"background-color":"var(--ast-global-color-4)","background-image":"","background-repeat":"repeat","background-position":"center center","background-size":"auto","background-attachment":"scroll","background-type":"","background-media":"","overlay-type":"","overlay-color":"","overlay-opacity":"","overlay-gradient":""},"tablet":{"background-color":"var(--ast-global-color-4)","background-image":"","background-repeat":"repeat","background-position":"center center","background-size":"auto","background-attachment":"scroll","background-type":"","background-media":"","overlay-type":"","overlay-color":"","overlay-opacity":"","overlay-gradient":""},"mobile":{"background-color":"var(--ast-global-color-4)","background-image":"","background-repeat":"repeat","background-position":"center center","background-size":"auto","background-attachment":"scroll","background-type":"","background-media":"","overlay-type":"","overlay-color":"","overlay-opacity":"","overlay-gradient":""}},"footnotes":""},"categories":[18,2],"tags":[114,115,116,25],"class_list":["post-9577","post","type-post","status-publish","format-standard","hentry","category-blaljus","category-nyheter","tag-ambulans","tag-fartkamera","tag-hastighetskontroll","tag-timra"],"acf":[],"_links":{"self":[{"href":"https:\/\/mkv.miun.se\/skvaderbladet\/wp-json\/wp\/v2\/posts\/9577","targetHints":{"allow":["GET"]}}],"collection":[{"href":"https:\/\/mkv.miun.se\/skvaderbladet\/wp-json\/wp\/v2\/posts"}],"about":[{"href":"https:\/\/mkv.miun.se\/skvaderbladet\/wp-json\/wp\/v2\/types\/post"}],"author":[{"embeddable":true,"href":"https:\/\/mkv.miun.se\/skvaderbladet\/wp-json\/wp\/v2\/users\/287"}],"replies":[{"embeddable":true,"href":"https:\/\/mkv.miun.se\/skvaderbladet\/wp-json\/wp\/v2\/comments?post=9577"}],"version-history":[{"count":0,"href":"https:\/\/mkv.miun.se\/skvaderbladet\/wp-json\/wp\/v2\/posts\/9577\/revisions"}],"wp:attachment":[{"href":"https:\/\/mkv.miun.se\/skvaderbladet\/wp-json\/wp\/v2\/media?parent=9577"}],"wp:term":[{"taxonomy":"category","embeddable":true,"href":"https:\/\/mkv.miun.se\/skvaderbladet\/wp-json\/wp\/v2\/categories?post=9577"},{"taxonomy":"post_tag","embeddable":true,"href":"https:\/\/mkv.miun.se\/skvaderbladet\/wp-json\/wp\/v2\/tags?post=9577"}],"curies":[{"name":"wp","href":"https:\/\/api.w.org\/{rel}","templated":true}]}}