{"id":9539,"date":"2024-03-07T17:56:30","date_gmt":"2024-03-07T16:56:30","guid":{"rendered":"https:\/\/mkv.miun.se\/skvaderbladet\/?p=9539"},"modified":"2024-03-13T09:14:03","modified_gmt":"2024-03-13T08:14:03","slug":"facket-larmar-en-frizon-for-gangkriminella","status":"publish","type":"post","link":"https:\/\/mkv.miun.se\/skvaderbladet\/facket-larmar-en-frizon-for-gangkriminella\/","title":{"rendered":"Facket larmar &#8211;  Kommunens boenden &#8221;en frizon f\u00f6r g\u00e4ngkriminella&#8221;"},"content":{"rendered":"<p><span class=\"ortsdatering\">Sundsvall 29-02-2024<\/span><\/p>\n<figure id=\"attachment_10322\" aria-describedby=\"caption-attachment-10322\" style=\"width: 1920px\" class=\"wp-caption alignnone\"><img loading=\"lazy\" decoding=\"async\" class=\"size-full wp-image-10322\" src=\"https:\/\/mkv.miun.se\/skvaderbladet\/wp-content\/uploads\/2024\/03\/nyhetssvallet-facket-och-brev.jpg\" alt=\"\" width=\"1920\" height=\"1080\" srcset=\"https:\/\/mkv.miun.se\/skvaderbladet\/wp-content\/uploads\/2024\/03\/nyhetssvallet-facket-och-brev.jpg 1920w, https:\/\/mkv.miun.se\/skvaderbladet\/wp-content\/uploads\/2024\/03\/nyhetssvallet-facket-och-brev-300x169.jpg 300w, https:\/\/mkv.miun.se\/skvaderbladet\/wp-content\/uploads\/2024\/03\/nyhetssvallet-facket-och-brev-725x408.jpg 725w, https:\/\/mkv.miun.se\/skvaderbladet\/wp-content\/uploads\/2024\/03\/nyhetssvallet-facket-och-brev-768x432.jpg 768w, https:\/\/mkv.miun.se\/skvaderbladet\/wp-content\/uploads\/2024\/03\/nyhetssvallet-facket-och-brev-1536x864.jpg 1536w, https:\/\/mkv.miun.se\/skvaderbladet\/wp-content\/uploads\/2024\/03\/nyhetssvallet-facket-och-brev-730x411.jpg 730w, https:\/\/mkv.miun.se\/skvaderbladet\/wp-content\/uploads\/2024\/03\/nyhetssvallet-facket-och-brev-325x183.jpg 325w, https:\/\/mkv.miun.se\/skvaderbladet\/wp-content\/uploads\/2024\/03\/nyhetssvallet-facket-och-brev-650x366.jpg 650w, https:\/\/mkv.miun.se\/skvaderbladet\/wp-content\/uploads\/2024\/03\/nyhetssvallet-facket-och-brev-960x540.jpg 960w\" sizes=\"auto, (max-width: 1920px) 100vw, 1920px\" \/><figcaption id=\"caption-attachment-10322\" class=\"wp-caption-text\">Sanna Edin Berg och Carina Melander fr\u00e5n fackf\u00f6rbundet Kommunal f\u00f6r talan f\u00f6r personalen p\u00e5 dessa boenden. Foto: Johannes Sv\u00e4rd<\/figcaption><\/figure>\n<p><span class=\"ingress\">Personal p\u00e5 s\u00e4rskilda boenden i Sundsvall k\u00e4nner oro och r\u00e4dsla.<\/span><br \/>\n<span class=\"ingress\">Nu sl\u00e5r facket larm.<\/span><br \/>\n<span class=\"ingress\">I en skrivelse till kommunen skriver de att personalen ser langare komma och g\u00e5 &#8211; som en frizon f\u00f6r<\/span><br \/>\n<span class=\"ingress\">g\u00e4ngkriminella.<\/span><\/p>\n<p>Under flera \u00e5r har drogf\u00f6rs\u00e4ljning och misshandel skett i n\u00e4rheten av s\u00e4rskilda boenden i Sundsvall. De boende p\u00e5 har beslut fr\u00e5n socialtj\u00e4nstlagen eller lagen om st\u00f6d och service till vissa funktionshindrade. Personalens s\u00e4kerhet kan inte garanteras. De saknar utbildning och utrustning f\u00f6r att m\u00f6ta och hantera personer med missbruk. Personalens livlina \u00e4r ett larm till ett vaktbolag. Arbetstagarna p\u00e5 dessa boenden har v\u00e4nt sig till facket.<\/p>\n<p>&nbsp;<\/p>\n<p><strong>Facket tar tag i problemen<\/strong><\/p>\n<p>\u2014Det \u00e4r tungjobbat, personalen k\u00e4nner doften av cannabis och de som flyttar in faller oftast tillbaka i sitt vanliga missbruk, s\u00e4ger Carina Melander som \u00e4r huvudskyddsombud hos Kommunal.<\/p>\n<p>Carina och kollegan Sanna Edin Berg ser l\u00e4get som allvarligt och har skrivit ett brev till kommunen f\u00f6r att upplysa om problemen. De beskriver personalens oro \u00f6ver de bombd\u00e5d som sker i landet. Kriminella har setts r\u00f6ra sig runt kommunens s\u00e4rskilda boenden. Flera av dem boenden d\u00e4r m\u00e4nniskor med psykiatriska och missbruksproblem bor i samma byggnad som personer med funktionsneds\u00e4ttning. &#8221;g\u00e4ngen verkar \u00e4ven i Sundsvall&#8221; skriver facket. Facket menar att personalen riskerar att hamna mitt i en v\u00e5ldsam uppg\u00f6relse.\u00a0<\/p>\n<p>&nbsp;<\/p>\n<p>I brevet beskrivs kommunens ansvar f\u00f6r problemet, och att de nuvarande lagarna m\u00f6jligg\u00f6r \u00f6ppet missbruk p\u00e5 dessa boenden. De undrar hur de kommer kunna trygga personalens s\u00e4kerhet i framtiden. Facket undrar ocks\u00e5 hur situationen st\u00e4mmer \u00f6verens med kommunens riktlinjer mot hot och v\u00e5ld.<\/p>\n<p>\u2014 N\u00e4r personen f\u00e5r LSS eller SoL-beslut och f\u00e5r plats p\u00e5 ett boende \u00e4r de drogfria. Efter inflyttning \u00e5terupptas missbruket ibland. Personal ute i verksamheterna \u00f6nskar att n\u00e4r personer \u00e4r i aktivt missbruk ska de kunna f\u00f6rflyttas l\u00e4ttare till ett anpassat boende f\u00f6r personer med missbruksproblem, s\u00e4ger Carina Melander till tidningen.<\/p>\n<p>&nbsp;<\/p>\n<figure id=\"attachment_9542\" aria-describedby=\"caption-attachment-9542\" style=\"width: 2560px\" class=\"wp-caption alignnone\"><img loading=\"lazy\" decoding=\"async\" class=\"size-full wp-image-9542\" src=\"https:\/\/mkv.miun.se\/skvaderbladet\/wp-content\/uploads\/2024\/02\/nyhetssvallet-jfs-8017-scaled.jpg\" alt=\"\" width=\"2560\" height=\"1711\" srcset=\"https:\/\/mkv.miun.se\/skvaderbladet\/wp-content\/uploads\/2024\/02\/nyhetssvallet-jfs-8017-scaled.jpg 2560w, https:\/\/mkv.miun.se\/skvaderbladet\/wp-content\/uploads\/2024\/02\/nyhetssvallet-jfs-8017-300x201.jpg 300w, https:\/\/mkv.miun.se\/skvaderbladet\/wp-content\/uploads\/2024\/02\/nyhetssvallet-jfs-8017-725x485.jpg 725w, https:\/\/mkv.miun.se\/skvaderbladet\/wp-content\/uploads\/2024\/02\/nyhetssvallet-jfs-8017-145x96.jpg 145w, https:\/\/mkv.miun.se\/skvaderbladet\/wp-content\/uploads\/2024\/02\/nyhetssvallet-jfs-8017-768x513.jpg 768w, https:\/\/mkv.miun.se\/skvaderbladet\/wp-content\/uploads\/2024\/02\/nyhetssvallet-jfs-8017-1536x1027.jpg 1536w, https:\/\/mkv.miun.se\/skvaderbladet\/wp-content\/uploads\/2024\/02\/nyhetssvallet-jfs-8017-2048x1369.jpg 2048w, https:\/\/mkv.miun.se\/skvaderbladet\/wp-content\/uploads\/2024\/02\/nyhetssvallet-jfs-8017-730x488.jpg 730w, https:\/\/mkv.miun.se\/skvaderbladet\/wp-content\/uploads\/2024\/02\/nyhetssvallet-jfs-8017-325x217.jpg 325w, https:\/\/mkv.miun.se\/skvaderbladet\/wp-content\/uploads\/2024\/02\/nyhetssvallet-jfs-8017-650x434.jpg 650w, https:\/\/mkv.miun.se\/skvaderbladet\/wp-content\/uploads\/2024\/02\/nyhetssvallet-jfs-8017-960x642.jpg 960w\" sizes=\"auto, (max-width: 2560px) 100vw, 2560px\" \/><figcaption id=\"caption-attachment-9542\" class=\"wp-caption-text\">Kommunen ansvarar och verksamhetschef John Azab svarar p\u00e5 fr\u00e5gor. Foto: Johannes Sv\u00e4rd<\/figcaption><\/figure>\n<p>Ansvarig hos kommunen beskriver det som en undantr\u00e4ngningseffekt. Det \u00e4r inte m\u00f6jligt att vr\u00e4ka de boende fr\u00e5n sina hem och d\u00e5 \u00f6kar samtidigt missbruket.<\/p>\n<p>\u2014Vi tar l\u00e4get allvarligt, det \u00e4r inte acceptabelt med otrygghet p\u00e5 arbetet. Vi f\u00f6rs\u00f6ker alltid att \u00e5tg\u00e4rda dessa problem, s\u00e4ger John Azab som \u00e4r verksamhetschef f\u00f6r St\u00f6d och omsorg vid socialf\u00f6rvaltningen.<\/p>\n<p><strong>Missbruk anses till\u00e5tet \u00e4ven om personal finns p\u00e5 plats, hur t\u00e4nker du kring det?<\/strong><\/p>\n<p>\u2014 Vi till\u00e5ter det inte, men vi kan inte d\u00f6ma dem efter nuvarande lagstiftning under socialtj\u00e4nstlagen eller lagen om st\u00f6d och service till vissa funktionshindrade. S\u00e4ger han till tidningen.<\/p>\n<p><strong>Tycker du att man l\u00e4ttare borde kunna vr\u00e4kas fr\u00e5n sin bostad om man \u00e4r aktiv missbrukare?<\/strong><\/p>\n<p>\u2014 Personerna har r\u00e4tt till st\u00f6d och insats och vi kan inte sl\u00e4nga ut dem fr\u00e5n sina hem, f\u00f6r det \u00e4r faktiskt deras hem, s\u00e4ger John Azab.<\/p>\n<p>Han beskriver en \u00e5tg\u00e4rd f\u00f6r att f\u00f6rebygga problemen och s\u00e4kerhetsst\u00e4lla personalens s\u00e4kerhet p\u00e5 arbetet \u00e4r utbildningsinsatser f\u00f6r personal men \u00e4ven att behandlingen ska med tiden bli b\u00e4ttre f\u00f6r de som bor p\u00e5 dessa boenden.<\/p>\n<p>Sundsvalls kommun och facket har inte velat l\u00e4mna ut vilka boendet det g\u00e4ller. Men <a href=\"https:\/\/mkv.miun.se\/skvaderbladet\/category\/nyheter\/\">Skvaderbladets<\/a> granskning kommer i n\u00e4sta del presentera en rad konkreta och allvarliga incidenter.<\/p>\n<p>Jobbar du p\u00e5 n\u00e5got kommunalt boende eller har anh\u00f6riga som bor d\u00e4r? Tipsa redaktionen.\u00a0<\/p>\n<p>Johannes Sv\u00e4rd: 0739606160<\/p>\n<p><em>Text och bild: Johannes Sv\u00e4rd<\/em><\/p>\n<p>&nbsp;<\/p>\n","protected":false},"excerpt":{"rendered":"<p>Sundsvall 29-02-2024 Personal p\u00e5 s\u00e4rskilda boenden i Sundsvall k\u00e4nner oro och r\u00e4dsla. Nu sl\u00e5r facket larm. I en skrivelse till [&hellip;]<\/p>\n","protected":false},"author":287,"featured_media":0,"comment_status":"open","ping_status":"open","sticky":false,"template":"","format":"standard","meta":{"_acf_changed":false,"site-sidebar-layout":"default","site-content-layout":"","ast-site-content-layout":"default","site-content-style":"default","site-sidebar-style":"default","ast-global-header-display":"","ast-banner-title-visibility":"","ast-main-header-display":"","ast-hfb-above-header-display":"","ast-hfb-below-header-display":"","ast-hfb-mobile-header-display":"","site-post-title":"","ast-breadcrumbs-content":"","ast-featured-img":"","footer-sml-layout":"","ast-disable-related-posts":"","theme-transparent-header-meta":"","adv-header-id-meta":"","stick-header-meta":"","header-above-stick-meta":"","header-main-stick-meta":"","header-below-stick-meta":"","astra-migrate-meta-layouts":"default","ast-page-background-enabled":"default","ast-page-background-meta":{"desktop":{"background-color":"var(--ast-global-color-5)","background-image":"","background-repeat":"repeat","background-position":"center center","background-size":"auto","background-attachment":"scroll","background-type":"","background-media":"","overlay-type":"","overlay-color":"","overlay-opacity":"","overlay-gradient":""},"tablet":{"background-color":"","background-image":"","background-repeat":"repeat","background-position":"center center","background-size":"auto","background-attachment":"scroll","background-type":"","background-media":"","overlay-type":"","overlay-color":"","overlay-opacity":"","overlay-gradient":""},"mobile":{"background-color":"","background-image":"","background-repeat":"repeat","background-position":"center center","background-size":"auto","background-attachment":"scroll","background-type":"","background-media":"","overlay-type":"","overlay-color":"","overlay-opacity":"","overlay-gradient":""}},"ast-content-background-meta":{"desktop":{"background-color":"var(--ast-global-color-4)","background-image":"","background-repeat":"repeat","background-position":"center center","background-size":"auto","background-attachment":"scroll","background-type":"","background-media":"","overlay-type":"","overlay-color":"","overlay-opacity":"","overlay-gradient":""},"tablet":{"background-color":"var(--ast-global-color-4)","background-image":"","background-repeat":"repeat","background-position":"center center","background-size":"auto","background-attachment":"scroll","background-type":"","background-media":"","overlay-type":"","overlay-color":"","overlay-opacity":"","overlay-gradient":""},"mobile":{"background-color":"var(--ast-global-color-4)","background-image":"","background-repeat":"repeat","background-position":"center center","background-size":"auto","background-attachment":"scroll","background-type":"","background-media":"","overlay-type":"","overlay-color":"","overlay-opacity":"","overlay-gradient":""}},"footnotes":""},"categories":[2],"tags":[161,162,163,164,37],"class_list":["post-9539","post","type-post","status-publish","format-standard","hentry","category-nyheter","tag-facket","tag-gangkriminalitet","tag-lss","tag-sol","tag-sundsvall"],"acf":[],"_links":{"self":[{"href":"https:\/\/mkv.miun.se\/skvaderbladet\/wp-json\/wp\/v2\/posts\/9539","targetHints":{"allow":["GET"]}}],"collection":[{"href":"https:\/\/mkv.miun.se\/skvaderbladet\/wp-json\/wp\/v2\/posts"}],"about":[{"href":"https:\/\/mkv.miun.se\/skvaderbladet\/wp-json\/wp\/v2\/types\/post"}],"author":[{"embeddable":true,"href":"https:\/\/mkv.miun.se\/skvaderbladet\/wp-json\/wp\/v2\/users\/287"}],"replies":[{"embeddable":true,"href":"https:\/\/mkv.miun.se\/skvaderbladet\/wp-json\/wp\/v2\/comments?post=9539"}],"version-history":[{"count":0,"href":"https:\/\/mkv.miun.se\/skvaderbladet\/wp-json\/wp\/v2\/posts\/9539\/revisions"}],"wp:attachment":[{"href":"https:\/\/mkv.miun.se\/skvaderbladet\/wp-json\/wp\/v2\/media?parent=9539"}],"wp:term":[{"taxonomy":"category","embeddable":true,"href":"https:\/\/mkv.miun.se\/skvaderbladet\/wp-json\/wp\/v2\/categories?post=9539"},{"taxonomy":"post_tag","embeddable":true,"href":"https:\/\/mkv.miun.se\/skvaderbladet\/wp-json\/wp\/v2\/tags?post=9539"}],"curies":[{"name":"wp","href":"https:\/\/api.w.org\/{rel}","templated":true}]}}