{"id":10696,"date":"2024-03-14T12:59:54","date_gmt":"2024-03-14T11:59:54","guid":{"rendered":"https:\/\/mkv.miun.se\/skvaderbladet\/?p=10696"},"modified":"2024-03-14T12:59:54","modified_gmt":"2024-03-14T11:59:54","slug":"miljonvillorna-fros-sonder-bolaget-glomde-teckna-elavtal","status":"publish","type":"post","link":"https:\/\/mkv.miun.se\/skvaderbladet\/miljonvillorna-fros-sonder-bolaget-glomde-teckna-elavtal\/","title":{"rendered":"Miljonvillorna fr\u00f6s s\u00f6nder\u2013 bolaget gl\u00f6mde teckna elavtal"},"content":{"rendered":"<p><span class=\"ortsdatering\">Torsboda\/Gryttjom 14 mars 2024<\/span><\/p>\n<figure id=\"attachment_10697\" aria-describedby=\"caption-attachment-10697\" style=\"width: 720px\" class=\"wp-caption alignnone\"><img loading=\"lazy\" decoding=\"async\" class=\"size-fullstory wp-image-10697\" src=\"https:\/\/mkv.miun.se\/skvaderbladet\/wp-content\/uploads\/2024\/03\/nyhetssvallet-nyhetssvallet-collagevillor-960x540.jpeg\" alt=\"Collage p\u00e5 flera hus\" width=\"720\" height=\"405\" srcset=\"https:\/\/mkv.miun.se\/skvaderbladet\/wp-content\/uploads\/2024\/03\/nyhetssvallet-nyhetssvallet-collagevillor-960x540.jpeg 960w, https:\/\/mkv.miun.se\/skvaderbladet\/wp-content\/uploads\/2024\/03\/nyhetssvallet-nyhetssvallet-collagevillor-300x169.jpeg 300w, https:\/\/mkv.miun.se\/skvaderbladet\/wp-content\/uploads\/2024\/03\/nyhetssvallet-nyhetssvallet-collagevillor-725x408.jpeg 725w, https:\/\/mkv.miun.se\/skvaderbladet\/wp-content\/uploads\/2024\/03\/nyhetssvallet-nyhetssvallet-collagevillor-768x432.jpeg 768w, https:\/\/mkv.miun.se\/skvaderbladet\/wp-content\/uploads\/2024\/03\/nyhetssvallet-nyhetssvallet-collagevillor-1536x864.jpeg 1536w, https:\/\/mkv.miun.se\/skvaderbladet\/wp-content\/uploads\/2024\/03\/nyhetssvallet-nyhetssvallet-collagevillor-730x411.jpeg 730w, https:\/\/mkv.miun.se\/skvaderbladet\/wp-content\/uploads\/2024\/03\/nyhetssvallet-nyhetssvallet-collagevillor-325x183.jpeg 325w, https:\/\/mkv.miun.se\/skvaderbladet\/wp-content\/uploads\/2024\/03\/nyhetssvallet-nyhetssvallet-collagevillor-650x366.jpeg 650w, https:\/\/mkv.miun.se\/skvaderbladet\/wp-content\/uploads\/2024\/03\/nyhetssvallet-nyhetssvallet-collagevillor.jpeg 1920w\" sizes=\"auto, (max-width: 720px) 100vw, 720px\" \/><figcaption id=\"caption-attachment-10697\" class=\"wp-caption-text\">N\u00e5gra av husen som har s\u00e5lts i Torsboda. Foto: Hanna K\u00e4rrstr\u00f6m, Sophie Jalkesten<\/figcaption><\/figure>\n<p><span class=\"ingress\">Torsbodabolaget har k\u00f6pt villor f\u00f6r \u00f6ver\u00a0 20 miljoner kronor i utkanten av det t\u00e4nkta fabriksomr\u00e5det.\u00a0<\/span><\/p>\n<p><span class=\"ingress\">Tv\u00e5 av de dyraste villorna har frusit s\u00f6nder &#8211; f\u00f6r att bolaget gl\u00f6mde skaffa elabonnemang.<\/span><\/p>\n<p><span class=\"ingress\">\u2013 Det f\u00f6ll mellan stolarna hos oss och det kan vi bara beklaga, skriver Lena Landar, kommunikationsansvarig p\u00e5 Torsboda Industrial Park AB.<\/span><\/p>\n<p><span style=\"font-weight: 400;\">Det handlar om nio villafastigheter i Gryttjom och Torsboda. De ligger precis intill omr\u00e5det d\u00e4r kinesiska PLT vill bygga batterifabriken som kan bli en vinstlott f\u00f6r hela regionen &#8211; om milj\u00f6- och s\u00e4kerhetspr\u00f6vningarna g\u00e5r igenom..<\/span><\/p>\n<p><span style=\"font-weight: 400;\">Torsboda Industrial Park har k\u00f6pt nio fastigheter f\u00f6r sammanlagt 20,2 miljoner kronor. Men f\u00f6retagets f\u00f6rsta \u00e5r som villa\u00e4gare har inte g\u00e5tt s\u00e5 bra. Tv\u00e5 av de nio villorna \u00e4r nu f\u00f6rst\u00f6rda av vattenl\u00e4ckor, hus som kostat bolaget en summa p\u00e5 7 miljoner skattekronor att k\u00f6pa.<\/span><\/p>\n<p><span style=\"font-weight: 400;\">Sundsvallspressen och Skvaderbladet har, genom Lantm\u00e4teriets databas, kartlagt vilka fastigheter som Torsbodabolaget har k\u00f6pt. Lena Landar, kommunikationsansvarig p\u00e5 Torsbodabolaget skriver i ett mejl att de nu ser \u00f6ver omfattningen av skadorna och som \u00e5tg\u00e4rd har de st\u00e4llt in byggfl\u00e4ktar i de drabbade husen.<\/span><\/p>\n<p><span style=\"font-weight: 400;\">\u2013 Det \u00e4r inte klart vad husen ska anv\u00e4ndas till. Vi vet d\u00e4rf\u00f6r inte om eller i s\u00e5 fall i vilken omfattning de beh\u00f6ver repareras. Fastigheterna kan bli exempelvis projektkontor, tillf\u00e4lliga boenden, eller m\u00f6jligen rivas, skriver Lena Landar.<\/span><\/p>\n<figure id=\"attachment_10698\" aria-describedby=\"caption-attachment-10698\" style=\"width: 466px\" class=\"wp-caption alignright\"><img loading=\"lazy\" decoding=\"async\" class=\" wp-image-10698\" src=\"https:\/\/mkv.miun.se\/skvaderbladet\/wp-content\/uploads\/2024\/03\/nyhetssvallet-karta2-960x540.jpg\" alt=\"En karta som markerar ut omr\u00e5det d\u00e4r villor har k\u00f6pts.\" width=\"466\" height=\"262\" srcset=\"https:\/\/mkv.miun.se\/skvaderbladet\/wp-content\/uploads\/2024\/03\/nyhetssvallet-karta2-960x540.jpg 960w, https:\/\/mkv.miun.se\/skvaderbladet\/wp-content\/uploads\/2024\/03\/nyhetssvallet-karta2-300x169.jpg 300w, https:\/\/mkv.miun.se\/skvaderbladet\/wp-content\/uploads\/2024\/03\/nyhetssvallet-karta2-725x408.jpg 725w, https:\/\/mkv.miun.se\/skvaderbladet\/wp-content\/uploads\/2024\/03\/nyhetssvallet-karta2-768x432.jpg 768w, https:\/\/mkv.miun.se\/skvaderbladet\/wp-content\/uploads\/2024\/03\/nyhetssvallet-karta2-1536x864.jpg 1536w, https:\/\/mkv.miun.se\/skvaderbladet\/wp-content\/uploads\/2024\/03\/nyhetssvallet-karta2-730x411.jpg 730w, https:\/\/mkv.miun.se\/skvaderbladet\/wp-content\/uploads\/2024\/03\/nyhetssvallet-karta2-325x183.jpg 325w, https:\/\/mkv.miun.se\/skvaderbladet\/wp-content\/uploads\/2024\/03\/nyhetssvallet-karta2-650x366.jpg 650w, https:\/\/mkv.miun.se\/skvaderbladet\/wp-content\/uploads\/2024\/03\/nyhetssvallet-karta2.jpg 1920w\" sizes=\"auto, (max-width: 466px) 100vw, 466px\" \/><figcaption id=\"caption-attachment-10698\" class=\"wp-caption-text\">I detta omr\u00e5de har villorna k\u00f6pts. Bild: Emil Hammarstr\u00f6m<\/figcaption><\/figure>\n<p><span style=\"font-weight: 400;\">\u2013 Det \u00e4r ytterst och otroligt tragiskt om det \u00e4r s\u00e5 att de har missk\u00f6tt och l\u00e5tit det fina huset ha blivit f\u00f6rst\u00f6rt, s\u00e4ger en av <\/span><span style=\"font-weight: 400;\">de f\u00f6rra \u00e4garna till ett av de vattenskadade husen.<\/span><\/p>\n<p><span style=\"font-weight: 400;\">Men problemen slutar inte h\u00e4r. Ett hus som \u00e4gs av Timr\u00e5 Invest har ocks\u00e5 skadats i vinter, trots att elektriciteten varit\u00a0 p\u00e5kopplad..<\/span><\/p>\n<p><span style=\"font-weight: 400;\">\u2013 Det tros ha varit f\u00f6r kallt i huset och vattenledningarna har frusit s\u00f6nder. \u00c4ven det torkar vi nu ut f\u00f6r att kunna bed\u00f6ma behovet av reparationer, skriver Lena Landar.<\/span><\/p>\n<p><span class=\"mellanrubrik1\"><b>Valde att d\u00f6lja uppgifter p\u00e5 grund av inbrott<\/b><\/span><\/p>\n<p><span style=\"font-weight: 400;\">Efter inbrott i fastigheterna i Torsboda och Gryttjom patrullerar nu vakter i omr\u00e5det f\u00f6r att motverka st\u00f6lder. Det var ocks\u00e5 f\u00f6r att f\u00f6rhindra inbrott som styrelseprotokollet fr\u00e5n januari tidigare \u00e5r maskerades.\u00a0<\/span><\/p>\n<p>&nbsp;<\/p>\n<p><span style=\"font-weight: 400;\">\u2013 Vakter ronderar i omr\u00e5det ibland efter tidigare inbrott, s\u00e4ger Christian S\u00f6derberg, vd f\u00f6r Torsboda industrial park.<\/span><\/p>\n<p><span style=\"font-weight: 400;\">S\u00f6derberg menar vidare att inbrotten kostar skattebetalarnas pengar och att det \u00e4r d\u00e4rf\u00f6r Torsboda AB sekretessbelagt vilka fastigheter som \u00e4r k\u00f6pta och som nu st\u00e5r \u00f6de.\u00a0<\/span><\/p>\n<p><span style=\"font-weight: 400;\">P4 V\u00e4sternorrland nekades uppgifter om \u201cp\u00e5b\u00f6rjad uthyrning\u201d av villorna i b\u00f6rjan av mars. Nu ber\u00e4ttar Torsbodabolagets administrativa chef, Linda Thuresson, att de \u00e4nnu inte hyr ut n\u00e5gra av husen.<\/span><\/p>\n<p><span style=\"font-weight: 400;\">\u2013Vi har p\u00e5b\u00f6rjat arbetet med att se \u00f6ver villorna och funderat p\u00e5 vad och om vi beh\u00f6ver g\u00f6ra n\u00e5got i dessa f\u00f6r att m\u00f6jligg\u00f6ra uthyrning. Vidare s\u00e5 ing\u00e5r \u00e4ven i ordet \u201dp\u00e5b\u00f6rjats\u201d att f\u00f6ra dialog med intressenter och best\u00e4mma oss f\u00f6r vilka ev. hyresg\u00e4ster kommer att vara. Vi t\u00e4nker oss att projektkontor f\u00f6r entrepren\u00f6rer \u00e4r ett m\u00f6jligt scenario, skriver Linda Thuresson i ett mail.<\/span><\/p>\n","protected":false},"excerpt":{"rendered":"<p>Torsboda\/Gryttjom 14 mars 2024 Torsbodabolaget har k\u00f6pt villor f\u00f6r \u00f6ver\u00a0 20 miljoner kronor i utkanten av det t\u00e4nkta fabriksomr\u00e5det.\u00a0 Tv\u00e5 [&hellip;]<\/p>\n","protected":false},"author":287,"featured_media":0,"comment_status":"open","ping_status":"open","sticky":false,"template":"","format":"standard","meta":{"_acf_changed":false,"site-sidebar-layout":"default","site-content-layout":"","ast-site-content-layout":"default","site-content-style":"default","site-sidebar-style":"default","ast-global-header-display":"","ast-banner-title-visibility":"","ast-main-header-display":"","ast-hfb-above-header-display":"","ast-hfb-below-header-display":"","ast-hfb-mobile-header-display":"","site-post-title":"","ast-breadcrumbs-content":"","ast-featured-img":"","footer-sml-layout":"","ast-disable-related-posts":"","theme-transparent-header-meta":"","adv-header-id-meta":"","stick-header-meta":"","header-above-stick-meta":"","header-main-stick-meta":"","header-below-stick-meta":"","astra-migrate-meta-layouts":"default","ast-page-background-enabled":"default","ast-page-background-meta":{"desktop":{"background-color":"var(--ast-global-color-5)","background-image":"","background-repeat":"repeat","background-position":"center center","background-size":"auto","background-attachment":"scroll","background-type":"","background-media":"","overlay-type":"","overlay-color":"","overlay-opacity":"","overlay-gradient":""},"tablet":{"background-color":"","background-image":"","background-repeat":"repeat","background-position":"center center","background-size":"auto","background-attachment":"scroll","background-type":"","background-media":"","overlay-type":"","overlay-color":"","overlay-opacity":"","overlay-gradient":""},"mobile":{"background-color":"","background-image":"","background-repeat":"repeat","background-position":"center center","background-size":"auto","background-attachment":"scroll","background-type":"","background-media":"","overlay-type":"","overlay-color":"","overlay-opacity":"","overlay-gradient":""}},"ast-content-background-meta":{"desktop":{"background-color":"var(--ast-global-color-4)","background-image":"","background-repeat":"repeat","background-position":"center center","background-size":"auto","background-attachment":"scroll","background-type":"","background-media":"","overlay-type":"","overlay-color":"","overlay-opacity":"","overlay-gradient":""},"tablet":{"background-color":"var(--ast-global-color-4)","background-image":"","background-repeat":"repeat","background-position":"center center","background-size":"auto","background-attachment":"scroll","background-type":"","background-media":"","overlay-type":"","overlay-color":"","overlay-opacity":"","overlay-gradient":""},"mobile":{"background-color":"var(--ast-global-color-4)","background-image":"","background-repeat":"repeat","background-position":"center center","background-size":"auto","background-attachment":"scroll","background-type":"","background-media":"","overlay-type":"","overlay-color":"","overlay-opacity":"","overlay-gradient":""}},"footnotes":""},"categories":[2],"tags":[199],"class_list":["post-10696","post","type-post","status-publish","format-standard","hentry","category-nyheter","tag-torsboda"],"acf":[],"_links":{"self":[{"href":"https:\/\/mkv.miun.se\/skvaderbladet\/wp-json\/wp\/v2\/posts\/10696","targetHints":{"allow":["GET"]}}],"collection":[{"href":"https:\/\/mkv.miun.se\/skvaderbladet\/wp-json\/wp\/v2\/posts"}],"about":[{"href":"https:\/\/mkv.miun.se\/skvaderbladet\/wp-json\/wp\/v2\/types\/post"}],"author":[{"embeddable":true,"href":"https:\/\/mkv.miun.se\/skvaderbladet\/wp-json\/wp\/v2\/users\/287"}],"replies":[{"embeddable":true,"href":"https:\/\/mkv.miun.se\/skvaderbladet\/wp-json\/wp\/v2\/comments?post=10696"}],"version-history":[{"count":0,"href":"https:\/\/mkv.miun.se\/skvaderbladet\/wp-json\/wp\/v2\/posts\/10696\/revisions"}],"wp:attachment":[{"href":"https:\/\/mkv.miun.se\/skvaderbladet\/wp-json\/wp\/v2\/media?parent=10696"}],"wp:term":[{"taxonomy":"category","embeddable":true,"href":"https:\/\/mkv.miun.se\/skvaderbladet\/wp-json\/wp\/v2\/categories?post=10696"},{"taxonomy":"post_tag","embeddable":true,"href":"https:\/\/mkv.miun.se\/skvaderbladet\/wp-json\/wp\/v2\/tags?post=10696"}],"curies":[{"name":"wp","href":"https:\/\/api.w.org\/{rel}","templated":true}]}}