{"id":10693,"date":"2024-03-14T12:41:26","date_gmt":"2024-03-14T11:41:26","guid":{"rendered":"https:\/\/mkv.miun.se\/skvaderbladet\/?p=10693"},"modified":"2026-03-12T11:33:41","modified_gmt":"2026-03-12T10:33:41","slug":"alla-hans-grannar-forsvann","status":"publish","type":"post","link":"https:\/\/mkv.miun.se\/skvaderbladet\/alla-hans-grannar-forsvann\/","title":{"rendered":"Alla hans grannar f\u00f6rsvann"},"content":{"rendered":"\n<figure class=\"wp-block-image alignnone size-fullstory wp-image-10694\"><img loading=\"lazy\" decoding=\"async\" width=\"960\" height=\"540\" src=\"https:\/\/mkv.miun.se\/skvaderbladet\/wp-content\/uploads\/2024\/03\/nyhetssvallet-knut-sodergren-960x540.jpg\" alt=\"\u00c4ldre man st\u00e5r framf\u00f6r sitt r\u00f6da hus\" class=\"wp-image-10694\" srcset=\"https:\/\/mkv.miun.se\/skvaderbladet\/wp-content\/uploads\/2024\/03\/nyhetssvallet-knut-sodergren-960x540.jpg 960w, https:\/\/mkv.miun.se\/skvaderbladet\/wp-content\/uploads\/2024\/03\/nyhetssvallet-knut-sodergren-300x169.jpg 300w, https:\/\/mkv.miun.se\/skvaderbladet\/wp-content\/uploads\/2024\/03\/nyhetssvallet-knut-sodergren-725x408.jpg 725w, https:\/\/mkv.miun.se\/skvaderbladet\/wp-content\/uploads\/2024\/03\/nyhetssvallet-knut-sodergren-768x432.jpg 768w, https:\/\/mkv.miun.se\/skvaderbladet\/wp-content\/uploads\/2024\/03\/nyhetssvallet-knut-sodergren-1536x864.jpg 1536w, https:\/\/mkv.miun.se\/skvaderbladet\/wp-content\/uploads\/2024\/03\/nyhetssvallet-knut-sodergren-730x411.jpg 730w, https:\/\/mkv.miun.se\/skvaderbladet\/wp-content\/uploads\/2024\/03\/nyhetssvallet-knut-sodergren-325x183.jpg 325w, https:\/\/mkv.miun.se\/skvaderbladet\/wp-content\/uploads\/2024\/03\/nyhetssvallet-knut-sodergren-650x366.jpg 650w, https:\/\/mkv.miun.se\/skvaderbladet\/wp-content\/uploads\/2024\/03\/nyhetssvallet-knut-sodergren.jpg 1920w\" sizes=\"auto, (max-width: 960px) 100vw, 960px\" \/><figcaption class=\"wp-element-caption\">Knut S\u00f6derberg \u00e4r tveksam til att fabriken kommer att byggas Foto: Hanna K\u00e4rrstr\u00f6m, Sophie Jalkesten<\/figcaption><\/figure>\n\n\n\n<p><span class=\"ingress\">Stora delar av byn Gryttjom har k\u00f6pts upp, och bara enstaka boende finns kvar d\u00e4r.<\/span> <span class=\"ingress\">En av dem \u00e4r Knut S\u00f6dergren, som v\u00e4grat s\u00e4lja och inte tror p\u00e5 n\u00e5gon batterifabrik.<\/span><\/p>\n\n\n\n<p><span style=\"font-weight: 400;\">Vi rullar in p\u00e5 Gryttjomsv\u00e4gen i Torsboda, en ensam v\u00e4g som slingrar sig genom skogen. Hus d\u00e4r lampor tidigare lyste i f\u00f6nstren och bilar stod p\u00e5 uppfarten, men som nu \u00e4r nedsl\u00e4ckta och tomma p\u00e5 liv och r\u00f6relse. Men ett hus dyker upp som st\u00e5r ut fr\u00e5n m\u00e4ngden, det lyser i f\u00f6nstren, hundskall h\u00e4lsar oss v\u00e4lkomna n\u00e4r vi kommer in p\u00e5 tomten.&nbsp;<\/span><\/p>\n\n\n\n<p><span style=\"font-weight: 400;\">Vi knackar p\u00e5, och ut genom d\u00f6rren kommer Knut <\/span><span style=\"font-weight: 400;\">S\u00f6dergren<\/span><span style=\"font-weight: 400;\">, 82 \u00e5r. Han b\u00e4r bl\u00e5 arbetskl\u00e4der och stora svarta st\u00f6vlar. Han h\u00e4lsar trevligt men lite skeptiskt. Vi pratar med honom om projektet och att m\u00e5nga av hans grannar har flyttat.<\/span><\/p>\n\n\n\n<p><span style=\"font-weight: 400;\">\u2013 Det \u00e4r f\u00f6rj\u00e4vligt. De blev n\u00e4stan tvingade, de ska bygga fabriken som det inte blir, det tror jag inte p\u00e5. Vi har ocks\u00e5 blivit erbjudna att s\u00e4lja men vi ville inte, s\u00e4ger Knut S\u00f6dergren.<\/span><\/p>\n\n\n\n<p><span style=\"font-weight: 400;\">Han ber\u00e4ttar att han har bott d\u00e4r sedan 1982 och att det 1990 skulle ha varit planer p\u00e5 att bygga en stor soptipp l\u00e4ngre ner l\u00e4ngs v\u00e4gen, men att det aldrig blev av. Han tror d\u00e4rf\u00f6r inte att batterifabriken kommer att bli av heller.\u00a0<\/span><\/p>\n\n\n\n<p><span style=\"font-weight: 400;\">\u2013Jag tror inte p\u00e5 det h\u00e4r, s\u00e4ger Knut S\u00f6dergren.<\/span><\/p>\n\n\n\n<p><span style=\"font-weight: 400;\">Torsbodabolaget har k\u00f6pt upp stora delar av byn Gryttjom. Vad som ska h\u00e4nda med byn \u00e4r p\u00e5 m\u00e5nga s\u00e4tt os\u00e4kert. Christian S\u00f6derberg som \u00e4r vd f\u00f6r Torsbodabolaget s\u00e4ger att det \u00e4nnu inte finns n\u00e5gra detaljerade planer f\u00f6r framtiden. F\u00f6rst m\u00e5ste Timr\u00e5 kommun besluta om det i en ny detaljplan f\u00f6r omr\u00e5det.<\/span><\/p>\n","protected":false},"excerpt":{"rendered":"<p>Stora delar av byn Gryttjom har k\u00f6pts upp, och bara enstaka boende finns kvar d\u00e4r. En av dem \u00e4r Knut [&hellip;]<\/p>\n","protected":false},"author":287,"featured_media":0,"comment_status":"open","ping_status":"open","sticky":false,"template":"","format":"standard","meta":{"_acf_changed":false,"site-sidebar-layout":"default","site-content-layout":"","ast-site-content-layout":"default","site-content-style":"default","site-sidebar-style":"default","ast-global-header-display":"","ast-banner-title-visibility":"","ast-main-header-display":"","ast-hfb-above-header-display":"","ast-hfb-below-header-display":"","ast-hfb-mobile-header-display":"","site-post-title":"","ast-breadcrumbs-content":"","ast-featured-img":"","footer-sml-layout":"","ast-disable-related-posts":"","theme-transparent-header-meta":"","adv-header-id-meta":"","stick-header-meta":"","header-above-stick-meta":"","header-main-stick-meta":"","header-below-stick-meta":"","astra-migrate-meta-layouts":"default","ast-page-background-enabled":"default","ast-page-background-meta":{"desktop":{"background-color":"var(--ast-global-color-5)","background-image":"","background-repeat":"repeat","background-position":"center center","background-size":"auto","background-attachment":"scroll","background-type":"","background-media":"","overlay-type":"","overlay-color":"","overlay-opacity":"","overlay-gradient":""},"tablet":{"background-color":"","background-image":"","background-repeat":"repeat","background-position":"center center","background-size":"auto","background-attachment":"scroll","background-type":"","background-media":"","overlay-type":"","overlay-color":"","overlay-opacity":"","overlay-gradient":""},"mobile":{"background-color":"","background-image":"","background-repeat":"repeat","background-position":"center center","background-size":"auto","background-attachment":"scroll","background-type":"","background-media":"","overlay-type":"","overlay-color":"","overlay-opacity":"","overlay-gradient":""}},"ast-content-background-meta":{"desktop":{"background-color":"var(--ast-global-color-4)","background-image":"","background-repeat":"repeat","background-position":"center center","background-size":"auto","background-attachment":"scroll","background-type":"","background-media":"","overlay-type":"","overlay-color":"","overlay-opacity":"","overlay-gradient":""},"tablet":{"background-color":"var(--ast-global-color-4)","background-image":"","background-repeat":"repeat","background-position":"center center","background-size":"auto","background-attachment":"scroll","background-type":"","background-media":"","overlay-type":"","overlay-color":"","overlay-opacity":"","overlay-gradient":""},"mobile":{"background-color":"var(--ast-global-color-4)","background-image":"","background-repeat":"repeat","background-position":"center center","background-size":"auto","background-attachment":"scroll","background-type":"","background-media":"","overlay-type":"","overlay-color":"","overlay-opacity":"","overlay-gradient":""}},"footnotes":""},"categories":[2],"tags":[199],"class_list":["post-10693","post","type-post","status-publish","format-standard","hentry","category-nyheter","tag-torsboda"],"acf":[],"_links":{"self":[{"href":"https:\/\/mkv.miun.se\/skvaderbladet\/wp-json\/wp\/v2\/posts\/10693","targetHints":{"allow":["GET"]}}],"collection":[{"href":"https:\/\/mkv.miun.se\/skvaderbladet\/wp-json\/wp\/v2\/posts"}],"about":[{"href":"https:\/\/mkv.miun.se\/skvaderbladet\/wp-json\/wp\/v2\/types\/post"}],"author":[{"embeddable":true,"href":"https:\/\/mkv.miun.se\/skvaderbladet\/wp-json\/wp\/v2\/users\/287"}],"replies":[{"embeddable":true,"href":"https:\/\/mkv.miun.se\/skvaderbladet\/wp-json\/wp\/v2\/comments?post=10693"}],"version-history":[{"count":3,"href":"https:\/\/mkv.miun.se\/skvaderbladet\/wp-json\/wp\/v2\/posts\/10693\/revisions"}],"predecessor-version":[{"id":10962,"href":"https:\/\/mkv.miun.se\/skvaderbladet\/wp-json\/wp\/v2\/posts\/10693\/revisions\/10962"}],"wp:attachment":[{"href":"https:\/\/mkv.miun.se\/skvaderbladet\/wp-json\/wp\/v2\/media?parent=10693"}],"wp:term":[{"taxonomy":"category","embeddable":true,"href":"https:\/\/mkv.miun.se\/skvaderbladet\/wp-json\/wp\/v2\/categories?post=10693"},{"taxonomy":"post_tag","embeddable":true,"href":"https:\/\/mkv.miun.se\/skvaderbladet\/wp-json\/wp\/v2\/tags?post=10693"}],"curies":[{"name":"wp","href":"https:\/\/api.w.org\/{rel}","templated":true}]}}