{"id":10668,"date":"2024-03-14T11:04:21","date_gmt":"2024-03-14T10:04:21","guid":{"rendered":"https:\/\/mkv.miun.se\/skvaderbladet\/?p=10668"},"modified":"2024-03-14T18:14:02","modified_gmt":"2024-03-14T17:14:02","slug":"jag-kanner-mig-som-20-arne-fyller-100-ar","status":"publish","type":"post","link":"https:\/\/mkv.miun.se\/skvaderbladet\/jag-kanner-mig-som-20-arne-fyller-100-ar\/","title":{"rendered":"Blev inkallad under andra v\u00e4rldskriget &#8211; Arne fyller 100 \u00e5r"},"content":{"rendered":"<p><span class=\"ortsdatering\">Sundsvall 14-03-2024<\/span><\/p>\n<p><b>Han har upplevt en v\u00e4rldsdepression, ett v\u00e4rldskrig, ett kallt krig och ett millenniumskifte . Nu p\u00e5 fredag den 15:e mars 2024, fyller Sundsvallskillen Arne Oliver Burman 100 \u00e5r<\/b><\/p>\n<p><span style=\"font-weight: 400;\">\u201cJag k\u00e4nner mig som 20\u201d inleder Arne Burman med n\u00e4r Skvaderbladets reportrar kliver in i hans rum p\u00e5 Skottsunds \u00e4ldreboende, s\u00f6der om Sundsvall. Arne Burman, 99 \u00e5r bor h\u00e4r, tillsammans med hans fru Birgit, 93 \u00e5r. De har bott p\u00e5 \u00e4ldreboendet sedan oktober 2023 efter att ha s\u00e5lt deras l\u00e4genhet i Kvissleby. Paret s\u00e4ger att de trivs bra p\u00e5 boendet och i deras rum finns det bland annat ett vardagsrum med k\u00f6k och toalett. Deras sovrum ligger i rummet mittemot. Nu p\u00e5 fredag den 15:e mars fyller Arne 100 \u00e5r. Han s\u00e4ger att han har problem med h\u00f6rsel och synen nuf\u00f6rtiden.\u00a0<\/span><\/p>\n<p><span style=\"font-weight: 400;\">&#8211; Jag h\u00f6r s\u00e5 d\u00e5ligt, och jag har inte f\u00e5tt mina glas\u00f6gon \u00e4n s\u00e4ger Arne\u00a0<\/span><\/p>\n<p><span style=\"font-weight: 400;\">Han ger en kort beskrivning om hans liv till tidningen, ger bland annat r\u00e5d till den yngre generationen hur de kan leva ett l\u00e5ngt liv och hur han ska fira p\u00e5 fredag.\u00a0\u00a0<\/span><\/p>\n<figure id=\"attachment_10673\" aria-describedby=\"caption-attachment-10673\" style=\"width: 720px\" class=\"wp-caption alignnone\"><img loading=\"lazy\" decoding=\"async\" class=\"size-fullstory wp-image-10673\" src=\"https:\/\/mkv.miun.se\/skvaderbladet\/wp-content\/uploads\/2024\/03\/nyhetssvallet-arne-1-960x641.jpg\" alt=\"Arne sitter och ber\u00e4ttar f\u00f6r Skvaderbladet\" width=\"720\" height=\"481\" srcset=\"https:\/\/mkv.miun.se\/skvaderbladet\/wp-content\/uploads\/2024\/03\/nyhetssvallet-arne-1-960x641.jpg 960w, https:\/\/mkv.miun.se\/skvaderbladet\/wp-content\/uploads\/2024\/03\/nyhetssvallet-arne-1-300x200.jpg 300w, https:\/\/mkv.miun.se\/skvaderbladet\/wp-content\/uploads\/2024\/03\/nyhetssvallet-arne-1-725x484.jpg 725w, https:\/\/mkv.miun.se\/skvaderbladet\/wp-content\/uploads\/2024\/03\/nyhetssvallet-arne-1-145x96.jpg 145w, https:\/\/mkv.miun.se\/skvaderbladet\/wp-content\/uploads\/2024\/03\/nyhetssvallet-arne-1-768x513.jpg 768w, https:\/\/mkv.miun.se\/skvaderbladet\/wp-content\/uploads\/2024\/03\/nyhetssvallet-arne-1-1536x1025.jpg 1536w, https:\/\/mkv.miun.se\/skvaderbladet\/wp-content\/uploads\/2024\/03\/nyhetssvallet-arne-1-2048x1367.jpg 2048w, https:\/\/mkv.miun.se\/skvaderbladet\/wp-content\/uploads\/2024\/03\/nyhetssvallet-arne-1-730x487.jpg 730w, https:\/\/mkv.miun.se\/skvaderbladet\/wp-content\/uploads\/2024\/03\/nyhetssvallet-arne-1-325x217.jpg 325w, https:\/\/mkv.miun.se\/skvaderbladet\/wp-content\/uploads\/2024\/03\/nyhetssvallet-arne-1-650x434.jpg 650w\" sizes=\"auto, (max-width: 720px) 100vw, 720px\" \/><figcaption id=\"caption-attachment-10673\" class=\"wp-caption-text\">Arne Burman, 99 \u00e5r. Foto av: Johannes Sv\u00e4rd<\/figcaption><\/figure>\n<p><b>Fick 31 \u00f6re i timl\u00f6n<\/b><\/p>\n<p><span style=\"font-weight: 400;\">Arne f\u00f6ddes 1924 i Sundsvall. Han \u00e4r os\u00e4ker p\u00e5 exakt vart han f\u00f6ddes, men han tror att det kan ha varit i Indal, strax norr om Sundsvall. Hans mamma var piga och var hemma mycket med barnen. Arne s\u00e4ger att han inte kommer ih\u00e5g mycket fr\u00e5n hans barndom och s\u00e4rskilt 30-talet. Han s\u00e4ger att de hade ingen tv eller radio hemma p\u00e5 den tiden, som alla har idag men han minns s\u00e4rskilt n\u00e4r han fick lyssna p\u00e5 radion. Han ber\u00e4ttar att han fick turas om med de andra barnen f\u00f6r att lyssna p\u00e5 radion. P\u00e5 tiden gick det bara att lyssna p\u00e5 radio med h\u00f6rlurar.<\/span><\/p>\n<p><span style=\"font-weight: 400;\">&#8211; N\u00e4r jag var runt sju, \u00e5tta \u00e5r hade vi ingen tv eller radio hemma utan vi hade radio med h\u00f6rlurar, d\u00e4r fick vi barn turas om att lyssna, s\u00e4ger Arne\u00a0<\/span><\/p>\n<p><span style=\"font-weight: 400;\">N\u00e4r Arne var sju \u00e5r flyttade han till sin stuga i Hemmanet, Kvissleby med sin mor och styvpappa. D\u00e4r skulle han bo de kommande 78 \u00e5ren. Efter studierna fick han jobb p\u00e5 Svartviks sulfitfabrik d\u00e4r han jobbade bland annat med blekning av pappersmassa. Till en b\u00f6rjan fick han en timl\u00f6n p\u00e5 31 \u00f6re. Det var en fabrik som han skulle jobba fram tills fabriken st\u00e4ngdes 1974, d\u00e4refter bytte han jobb och jobbade i ett labratorium. Arne gick i pension 1988, d\u00e5 han var 64 \u00e5r gammal.\u00a0<\/span><\/p>\n<p><span style=\"font-weight: 400;\">&#8211; Jod\u00e5 p\u00e5 tiden gick vi pension n\u00e4r vi blev 64, men idag \u00e4r det lite annorlunda s\u00e4ger Arne<\/span><\/p>\n<p>&nbsp;<\/p>\n<p><b>Blev inkallad under andra v\u00e4rldskriget<\/b><\/p>\n<p><span style=\"font-weight: 400;\">\u00c5ret var 1944, n\u00e4ra andra v\u00e4rldskrigets slut blev Arne, d\u00e5 20 \u00e5r gammal, inkallad till milit\u00e4ren efter att ha genomf\u00f6rt v\u00e4rnplikten i Sundsvall. Han blev placerad p\u00e5 flottan i Stockholm och d\u00e4r fick han bo p\u00e5 milit\u00e4renb\u00e5ten. Arne ber\u00e4ttar att han fick arbeta som en sj\u00f6m\u00e4tare p\u00e5 flottan och p\u00e5 kv\u00e4llarna drog han och hans kamrater ut p\u00e5 stan f\u00f6r att dansa bland annat. P\u00e5 slutet av kriget var Arne n\u00e4ra att bege sig ut till havs p\u00e5 uppdrag, tills gl\u00e4djebeskedet kom.<\/span><\/p>\n<p><span style=\"font-weight: 400;\">&#8211; Vi skulle ut till havet precis efter en ub\u00e5tsolycka. En svensk ub\u00e5t hade sjunkit och fem personer omkom i olyckan. Vi var oroliga att \u00e5ka ut och eventuell hamna i samma \u00f6de. Strax innan vi skulle bege oss ut sl\u00f6ts v\u00e4rldsfreden och vi slapp att \u00e5ka ut, s\u00e4ger Arne<\/span><\/p>\n<p><span style=\"font-weight: 400;\">Efter Berlins fall och Tysklands kapitulation maj 1945, kom freden och Arne fick l\u00e4mna flottan och \u00e5terv\u00e4nde hem.\u00a0<\/span><\/p>\n<figure id=\"attachment_10674\" aria-describedby=\"caption-attachment-10674\" style=\"width: 720px\" class=\"wp-caption alignnone\"><img loading=\"lazy\" decoding=\"async\" class=\"size-fullstory wp-image-10674\" src=\"https:\/\/mkv.miun.se\/skvaderbladet\/wp-content\/uploads\/2024\/03\/nyhetssvallet-arne-2-960x641.jpg\" alt=\"Arne sitter och ber\u00e4ttar f\u00f6r Skvaderbladet\" width=\"720\" height=\"481\" srcset=\"https:\/\/mkv.miun.se\/skvaderbladet\/wp-content\/uploads\/2024\/03\/nyhetssvallet-arne-2-960x641.jpg 960w, https:\/\/mkv.miun.se\/skvaderbladet\/wp-content\/uploads\/2024\/03\/nyhetssvallet-arne-2-300x200.jpg 300w, https:\/\/mkv.miun.se\/skvaderbladet\/wp-content\/uploads\/2024\/03\/nyhetssvallet-arne-2-725x484.jpg 725w, https:\/\/mkv.miun.se\/skvaderbladet\/wp-content\/uploads\/2024\/03\/nyhetssvallet-arne-2-145x96.jpg 145w, https:\/\/mkv.miun.se\/skvaderbladet\/wp-content\/uploads\/2024\/03\/nyhetssvallet-arne-2-768x513.jpg 768w, https:\/\/mkv.miun.se\/skvaderbladet\/wp-content\/uploads\/2024\/03\/nyhetssvallet-arne-2-1536x1025.jpg 1536w, https:\/\/mkv.miun.se\/skvaderbladet\/wp-content\/uploads\/2024\/03\/nyhetssvallet-arne-2-2048x1367.jpg 2048w, https:\/\/mkv.miun.se\/skvaderbladet\/wp-content\/uploads\/2024\/03\/nyhetssvallet-arne-2-730x487.jpg 730w, https:\/\/mkv.miun.se\/skvaderbladet\/wp-content\/uploads\/2024\/03\/nyhetssvallet-arne-2-325x217.jpg 325w, https:\/\/mkv.miun.se\/skvaderbladet\/wp-content\/uploads\/2024\/03\/nyhetssvallet-arne-2-650x434.jpg 650w\" sizes=\"auto, (max-width: 720px) 100vw, 720px\" \/><figcaption id=\"caption-attachment-10674\" class=\"wp-caption-text\">Arne tj\u00e4nstgjorde i flottan i Stockholm fr\u00e5n 1944 till 1945 under andra v\u00e4rldskriget. Foto av: Johannes Sv\u00e4rd<\/figcaption><\/figure>\n<p><b>Gifte sig 1949<\/b><\/p>\n<p><span style=\"font-weight: 400;\">Efter kriget \u00e5terv\u00e4nde Arne, d\u00e5 21 \u00e5r gammal, till Sundsvall och gick tillbaka till sitt arbete p\u00e5 fabriken i Svartvik. Nu ber\u00e4ttar Arne hur han och hans hustru Birgit tr\u00e4ffades. B\u00e5da tr\u00e4ffades p\u00e5 dans i V\u00e4rstaborgs samlingslokal i Njurunda, en lokal som finns \u00e4nnu idag. 1949 giftes Arne och Birgit och flyttade tillsammans till hans stuga i Hemmanet d\u00e4r de skulle bo tillsammans de kommande 60 \u00e5ren. I slutet p\u00e5 00-talet flyttade paret tillsammans till en trea i Kvissleby, d\u00e4r de skulle bo de kommande 15 \u00e5ren.<\/span><\/p>\n<figure id=\"attachment_10677\" aria-describedby=\"caption-attachment-10677\" style=\"width: 720px\" class=\"wp-caption alignnone\"><img loading=\"lazy\" decoding=\"async\" class=\"size-fullstory wp-image-10677\" src=\"https:\/\/mkv.miun.se\/skvaderbladet\/wp-content\/uploads\/2024\/03\/nyhetssvallet-arne-8-960x641.jpg\" alt=\"Portr\u00e4tt p\u00e5 Arne och hustru Birgits giftem\u00e5l 1949\" width=\"720\" height=\"481\" srcset=\"https:\/\/mkv.miun.se\/skvaderbladet\/wp-content\/uploads\/2024\/03\/nyhetssvallet-arne-8-960x641.jpg 960w, https:\/\/mkv.miun.se\/skvaderbladet\/wp-content\/uploads\/2024\/03\/nyhetssvallet-arne-8-300x200.jpg 300w, https:\/\/mkv.miun.se\/skvaderbladet\/wp-content\/uploads\/2024\/03\/nyhetssvallet-arne-8-725x484.jpg 725w, https:\/\/mkv.miun.se\/skvaderbladet\/wp-content\/uploads\/2024\/03\/nyhetssvallet-arne-8-145x96.jpg 145w, https:\/\/mkv.miun.se\/skvaderbladet\/wp-content\/uploads\/2024\/03\/nyhetssvallet-arne-8-768x513.jpg 768w, https:\/\/mkv.miun.se\/skvaderbladet\/wp-content\/uploads\/2024\/03\/nyhetssvallet-arne-8-1536x1025.jpg 1536w, https:\/\/mkv.miun.se\/skvaderbladet\/wp-content\/uploads\/2024\/03\/nyhetssvallet-arne-8-2048x1367.jpg 2048w, https:\/\/mkv.miun.se\/skvaderbladet\/wp-content\/uploads\/2024\/03\/nyhetssvallet-arne-8-730x487.jpg 730w, https:\/\/mkv.miun.se\/skvaderbladet\/wp-content\/uploads\/2024\/03\/nyhetssvallet-arne-8-325x217.jpg 325w, https:\/\/mkv.miun.se\/skvaderbladet\/wp-content\/uploads\/2024\/03\/nyhetssvallet-arne-8-650x434.jpg 650w\" sizes=\"auto, (max-width: 720px) 100vw, 720px\" \/><figcaption id=\"caption-attachment-10677\" class=\"wp-caption-text\">Arne och Birgit firar deras 75 \u00e5rs br\u00f6llopsdag i \u00e5r Foto av: Johannes Sv\u00e4rd<\/figcaption><\/figure>\n<p><b>Nyckeln till 100 och r\u00e5det till de yngre<\/b><\/p>\n<p><span style=\"font-weight: 400;\">Nu inf\u00f6r hans kommande f\u00f6delsedag reflekterar Arne \u00f6ver sitt liv, hans livsvanor och ger r\u00e5d till den yngre generationen. Han ber\u00e4ttar nyckeln varf\u00f6r han har levt s\u00e5 l\u00e4nge och om hans goda vanor.\u00a0<\/span><\/p>\n<p><span style=\"font-weight: 400;\">&#8211; Det g\u00e4ller att leva sunt, och det tycker att jag har gjort. Jag har promenerat n\u00e4stan varje dag i mitt liv. Sen har jag alltid tyckt om friluftsliv, fiska och plocka b\u00e4r i skogen med Birgit. Till er unga vill jag tipsa er om att g\u00e5 ut mycket, promenera! Helst varje dag skrattar till Arne<\/span><\/p>\n<figure id=\"attachment_10679\" aria-describedby=\"caption-attachment-10679\" style=\"width: 720px\" class=\"wp-caption alignnone\"><img loading=\"lazy\" decoding=\"async\" class=\"size-fullstory wp-image-10679\" src=\"https:\/\/mkv.miun.se\/skvaderbladet\/wp-content\/uploads\/2024\/03\/nyhetssvallet-arne-3-960x641.jpg\" alt=\"Arne med fru Birgit ber\u00e4ttar \" width=\"720\" height=\"481\" srcset=\"https:\/\/mkv.miun.se\/skvaderbladet\/wp-content\/uploads\/2024\/03\/nyhetssvallet-arne-3-960x641.jpg 960w, https:\/\/mkv.miun.se\/skvaderbladet\/wp-content\/uploads\/2024\/03\/nyhetssvallet-arne-3-300x200.jpg 300w, https:\/\/mkv.miun.se\/skvaderbladet\/wp-content\/uploads\/2024\/03\/nyhetssvallet-arne-3-725x484.jpg 725w, https:\/\/mkv.miun.se\/skvaderbladet\/wp-content\/uploads\/2024\/03\/nyhetssvallet-arne-3-145x96.jpg 145w, https:\/\/mkv.miun.se\/skvaderbladet\/wp-content\/uploads\/2024\/03\/nyhetssvallet-arne-3-768x513.jpg 768w, https:\/\/mkv.miun.se\/skvaderbladet\/wp-content\/uploads\/2024\/03\/nyhetssvallet-arne-3-1536x1025.jpg 1536w, https:\/\/mkv.miun.se\/skvaderbladet\/wp-content\/uploads\/2024\/03\/nyhetssvallet-arne-3-2048x1367.jpg 2048w, https:\/\/mkv.miun.se\/skvaderbladet\/wp-content\/uploads\/2024\/03\/nyhetssvallet-arne-3-730x487.jpg 730w, https:\/\/mkv.miun.se\/skvaderbladet\/wp-content\/uploads\/2024\/03\/nyhetssvallet-arne-3-325x217.jpg 325w, https:\/\/mkv.miun.se\/skvaderbladet\/wp-content\/uploads\/2024\/03\/nyhetssvallet-arne-3-650x434.jpg 650w\" sizes=\"auto, (max-width: 720px) 100vw, 720px\" \/><figcaption id=\"caption-attachment-10679\" class=\"wp-caption-text\">Arne med fru Birgit Burman, 93 \u00e5r Foto av: Johannes Sv\u00e4rd<\/figcaption><\/figure>\n<p>&nbsp;<\/p>\n<p><b>Tv\u00e5 dagars firande\u00a0<\/b><\/p>\n<p><span style=\"font-weight: 400;\">Nu p\u00e5 fredag v\u00e4ntas det f\u00f6delsedagsfirande. Arnes hustru Birgit s\u00e4ger att det kommer komma fr\u00e4mmande p\u00e5 bes\u00f6k bland annat familjemedlemmar. Hon s\u00e4ger att de har en stor familj tillsammans.\u00a0<\/span><\/p>\n<p><span style=\"font-weight: 400;\">&#8211; Vi har tre barn, tv\u00e5 s\u00f6ner och en dotter. Vi har \u00e4ven sex stycken barnbarn och samma lika barnbarnsbarn, s\u00e4ger Birgit<\/span><\/p>\n<p><span style=\"font-weight: 400;\">Birgit s\u00e4ger att de ska fira p\u00e5 \u00e4ldreboendet i tv\u00e5 dagar. Sl\u00e4kt och fr\u00e4mmande kommer p\u00e5 bes\u00f6k och en trubadur kommer och ska spela.\u00a0<\/span><\/p>\n<p><span style=\"font-weight: 400;\">-Vi kommer att vara h\u00e4r p\u00e5 Skottsund. Det finns en stor sal med bord och stolar d\u00e4r vi alla kommer f\u00e5 plats. Det kommer ocks\u00e5 en trubadur och han kommer att vara p\u00e5 fredag och l\u00f6rdag. Vi kommer att fira Arne i tv\u00e5 dagar, avslutar Birgit intervjun med.\u00a0<\/span><\/p>\n<figure id=\"attachment_10680\" aria-describedby=\"caption-attachment-10680\" style=\"width: 720px\" class=\"wp-caption alignnone\"><img loading=\"lazy\" decoding=\"async\" class=\"size-fullstory wp-image-10680\" src=\"https:\/\/mkv.miun.se\/skvaderbladet\/wp-content\/uploads\/2024\/03\/nyhetssvallet-arne-4-960x641.jpg\" alt=\"Bild p\u00e5 parets rum, rullator, hyllor\" width=\"720\" height=\"481\" srcset=\"https:\/\/mkv.miun.se\/skvaderbladet\/wp-content\/uploads\/2024\/03\/nyhetssvallet-arne-4-960x641.jpg 960w, https:\/\/mkv.miun.se\/skvaderbladet\/wp-content\/uploads\/2024\/03\/nyhetssvallet-arne-4-300x200.jpg 300w, https:\/\/mkv.miun.se\/skvaderbladet\/wp-content\/uploads\/2024\/03\/nyhetssvallet-arne-4-725x484.jpg 725w, https:\/\/mkv.miun.se\/skvaderbladet\/wp-content\/uploads\/2024\/03\/nyhetssvallet-arne-4-145x96.jpg 145w, https:\/\/mkv.miun.se\/skvaderbladet\/wp-content\/uploads\/2024\/03\/nyhetssvallet-arne-4-768x513.jpg 768w, https:\/\/mkv.miun.se\/skvaderbladet\/wp-content\/uploads\/2024\/03\/nyhetssvallet-arne-4-1536x1025.jpg 1536w, https:\/\/mkv.miun.se\/skvaderbladet\/wp-content\/uploads\/2024\/03\/nyhetssvallet-arne-4-2048x1367.jpg 2048w, https:\/\/mkv.miun.se\/skvaderbladet\/wp-content\/uploads\/2024\/03\/nyhetssvallet-arne-4-730x487.jpg 730w, https:\/\/mkv.miun.se\/skvaderbladet\/wp-content\/uploads\/2024\/03\/nyhetssvallet-arne-4-325x217.jpg 325w, https:\/\/mkv.miun.se\/skvaderbladet\/wp-content\/uploads\/2024\/03\/nyhetssvallet-arne-4-650x434.jpg 650w\" sizes=\"auto, (max-width: 720px) 100vw, 720px\" \/><figcaption id=\"caption-attachment-10680\" class=\"wp-caption-text\">P\u00e5 fredag vankas det f\u00f6delsedagsfirande Foto av: Johannes Sv\u00e4rd<\/figcaption><\/figure>\n","protected":false},"excerpt":{"rendered":"<p>Sundsvall 14-03-2024 Han har upplevt en v\u00e4rldsdepression, ett v\u00e4rldskrig, ett kallt krig och ett millenniumskifte . Nu p\u00e5 fredag den [&hellip;]<\/p>\n","protected":false},"author":287,"featured_media":0,"comment_status":"open","ping_status":"open","sticky":false,"template":"","format":"standard","meta":{"_acf_changed":false,"site-sidebar-layout":"default","site-content-layout":"","ast-site-content-layout":"default","site-content-style":"default","site-sidebar-style":"default","ast-global-header-display":"","ast-banner-title-visibility":"","ast-main-header-display":"","ast-hfb-above-header-display":"","ast-hfb-below-header-display":"","ast-hfb-mobile-header-display":"","site-post-title":"","ast-breadcrumbs-content":"","ast-featured-img":"","footer-sml-layout":"","ast-disable-related-posts":"","theme-transparent-header-meta":"","adv-header-id-meta":"","stick-header-meta":"","header-above-stick-meta":"","header-main-stick-meta":"","header-below-stick-meta":"","astra-migrate-meta-layouts":"default","ast-page-background-enabled":"default","ast-page-background-meta":{"desktop":{"background-color":"var(--ast-global-color-5)","background-image":"","background-repeat":"repeat","background-position":"center center","background-size":"auto","background-attachment":"scroll","background-type":"","background-media":"","overlay-type":"","overlay-color":"","overlay-opacity":"","overlay-gradient":""},"tablet":{"background-color":"","background-image":"","background-repeat":"repeat","background-position":"center center","background-size":"auto","background-attachment":"scroll","background-type":"","background-media":"","overlay-type":"","overlay-color":"","overlay-opacity":"","overlay-gradient":""},"mobile":{"background-color":"","background-image":"","background-repeat":"repeat","background-position":"center center","background-size":"auto","background-attachment":"scroll","background-type":"","background-media":"","overlay-type":"","overlay-color":"","overlay-opacity":"","overlay-gradient":""}},"ast-content-background-meta":{"desktop":{"background-color":"var(--ast-global-color-4)","background-image":"","background-repeat":"repeat","background-position":"center center","background-size":"auto","background-attachment":"scroll","background-type":"","background-media":"","overlay-type":"","overlay-color":"","overlay-opacity":"","overlay-gradient":""},"tablet":{"background-color":"var(--ast-global-color-4)","background-image":"","background-repeat":"repeat","background-position":"center center","background-size":"auto","background-attachment":"scroll","background-type":"","background-media":"","overlay-type":"","overlay-color":"","overlay-opacity":"","overlay-gradient":""},"mobile":{"background-color":"var(--ast-global-color-4)","background-image":"","background-repeat":"repeat","background-position":"center center","background-size":"auto","background-attachment":"scroll","background-type":"","background-media":"","overlay-type":"","overlay-color":"","overlay-opacity":"","overlay-gradient":""}},"footnotes":""},"categories":[2],"tags":[],"class_list":["post-10668","post","type-post","status-publish","format-standard","hentry","category-nyheter"],"acf":[],"_links":{"self":[{"href":"https:\/\/mkv.miun.se\/skvaderbladet\/wp-json\/wp\/v2\/posts\/10668","targetHints":{"allow":["GET"]}}],"collection":[{"href":"https:\/\/mkv.miun.se\/skvaderbladet\/wp-json\/wp\/v2\/posts"}],"about":[{"href":"https:\/\/mkv.miun.se\/skvaderbladet\/wp-json\/wp\/v2\/types\/post"}],"author":[{"embeddable":true,"href":"https:\/\/mkv.miun.se\/skvaderbladet\/wp-json\/wp\/v2\/users\/287"}],"replies":[{"embeddable":true,"href":"https:\/\/mkv.miun.se\/skvaderbladet\/wp-json\/wp\/v2\/comments?post=10668"}],"version-history":[{"count":0,"href":"https:\/\/mkv.miun.se\/skvaderbladet\/wp-json\/wp\/v2\/posts\/10668\/revisions"}],"wp:attachment":[{"href":"https:\/\/mkv.miun.se\/skvaderbladet\/wp-json\/wp\/v2\/media?parent=10668"}],"wp:term":[{"taxonomy":"category","embeddable":true,"href":"https:\/\/mkv.miun.se\/skvaderbladet\/wp-json\/wp\/v2\/categories?post=10668"},{"taxonomy":"post_tag","embeddable":true,"href":"https:\/\/mkv.miun.se\/skvaderbladet\/wp-json\/wp\/v2\/tags?post=10668"}],"curies":[{"name":"wp","href":"https:\/\/api.w.org\/{rel}","templated":true}]}}