{"id":10625,"date":"2024-03-13T14:09:08","date_gmt":"2024-03-13T13:09:08","guid":{"rendered":"https:\/\/mkv.miun.se\/skvaderbladet\/?p=10625"},"modified":"2024-03-14T10:16:31","modified_gmt":"2024-03-14T09:16:31","slug":"vad-kan-du-om-sundsvalls-historia","status":"publish","type":"post","link":"https:\/\/mkv.miun.se\/skvaderbladet\/vad-kan-du-om-sundsvalls-historia\/","title":{"rendered":"Vad kan du om Sundsvalls historia?"},"content":{"rendered":"<p style=\"text-align: left;\"><span class=\"ortsdatering\">Sundsvall 13-03-2024<\/span><\/p>\n<p style=\"text-align: center;\"><strong><img loading=\"lazy\" decoding=\"async\" class=\"alignnone  wp-image-10630\" src=\"https:\/\/mkv.miun.se\/skvaderbladet\/wp-content\/uploads\/2024\/03\/nyhetssvallet-img-0156-300x225.jpg\" alt=\"\" width=\"372\" height=\"279\" srcset=\"https:\/\/mkv.miun.se\/skvaderbladet\/wp-content\/uploads\/2024\/03\/nyhetssvallet-img-0156-300x225.jpg 300w, https:\/\/mkv.miun.se\/skvaderbladet\/wp-content\/uploads\/2024\/03\/nyhetssvallet-img-0156-725x544.jpg 725w, https:\/\/mkv.miun.se\/skvaderbladet\/wp-content\/uploads\/2024\/03\/nyhetssvallet-img-0156-768x576.jpg 768w, https:\/\/mkv.miun.se\/skvaderbladet\/wp-content\/uploads\/2024\/03\/nyhetssvallet-img-0156-1536x1152.jpg 1536w, https:\/\/mkv.miun.se\/skvaderbladet\/wp-content\/uploads\/2024\/03\/nyhetssvallet-img-0156-2048x1536.jpg 2048w, https:\/\/mkv.miun.se\/skvaderbladet\/wp-content\/uploads\/2024\/03\/nyhetssvallet-img-0156-730x548.jpg 730w, https:\/\/mkv.miun.se\/skvaderbladet\/wp-content\/uploads\/2024\/03\/nyhetssvallet-img-0156-325x244.jpg 325w, https:\/\/mkv.miun.se\/skvaderbladet\/wp-content\/uploads\/2024\/03\/nyhetssvallet-img-0156-650x488.jpg 650w, https:\/\/mkv.miun.se\/skvaderbladet\/wp-content\/uploads\/2024\/03\/nyhetssvallet-img-0156-960x720.jpg 960w\" sizes=\"auto, (max-width: 372px) 100vw, 372px\" \/><\/strong><\/p>\n<p style=\"text-align: center;\"><strong>Sundsvall fyller 400 \u00e5r!<\/strong><\/p>\n<p style=\"text-align: justify;\">Sunsdvall grundades som stad 1621, men det var inte f\u00f6rr\u00e4n 1624 som staden fick sina officiella stadsprivilegier. Det var f\u00f6rst d\u00e5 kungen Gustav II Adolf kunde underteckna privilegiebrevet och Sundsvall s\u00e5gs som en stad, p\u00e5 riktigt. Sedan dess har flera viktiga men ocks\u00e5 f\u00f6r\u00f6dande h\u00e4ndelser format staden till s\u00e5 som vi ser den idag. P\u00e5 ny\u00e5rsaftonen 2023 startade de festligheter som kommer vara genomg\u00e5ende f\u00f6r jubileums\u00e5ret. Fullsp\u00e4ckad evenemangskalender med datum \u00f6ver \u00e5ret finns, d\u00e4r det g\u00e5r att fira tillsammans med andra Sundsvallsbor.\u00a0<\/p>\n<p style=\"text-align: justify;\">Vad kan du om Sundsvalls historia?<span class=\"Apple-converted-space\"> Vad kan du om Sundsvalls historia? Kika in v\u00e5r tidslinje f\u00f6r att se viktiga \u00e5rtal f\u00f6r stadens historia.<br \/>\nGrattis Sundsvall 400 \u00e5r!\u00a0<\/span><\/p>\n<p><span class=\"ingress\"><strong>8000 \u00e5r f.Kr<\/strong><\/span><\/p>\n<p style=\"text-align: justify;\">Inlandsisen sm\u00e4lter och omkring \u00e5r 8 000 ar f.Kr kom de f\u00f6rsta m\u00e4nniskorna till V\u00e4sternorrland via Norge.\u00a0<\/p>\n<p><span class=\"ingress\"><strong>1621<\/strong><\/span><\/p>\n<p>\u00c5r 1621 fick Sundsvall sina stadsprivilegier, men d\u00e5 kungen Gustaf Il Adolf var i Ryssland och krigade kunde han inte underteckna privilegiebrevet., men Sundsvall s\u00e5g som en &#8221;tillf\u00e4llig stad&#8221;.<\/p>\n<p><span class=\"ingress\"><strong>1624<\/strong><\/span><\/p>\n<p>15 april 1624 kunde Gustaf II Adolf underteckna privilegiebrevet f\u00f6r Sundsvalls stad och nu \u00e4r interimsprivilegierna giltiga.<\/p>\n<p><span class=\"ingress\"><strong>1648<\/strong><\/span><\/p>\n<p>\u00c5r 1648 flyttades Sundsvall till den plats d\u00e4r staden ligger nu. Sundsvall v\u00e4xte s\u00e5 sm\u00e5ningom fram till en k\u00f6pstad och fiskehamn.<\/p>\n<p><span class=\"ingress\"><strong>1721<\/strong><\/span><\/p>\n<p>1721 br\u00e4ndes och plundrades staden av ryska trupper.<br \/>\n\u00c5terh\u00e4mtningen var snabb och befolkningsm\u00e4ngden v\u00e4xte och vid vid 1700-talets mitt hade Sundsvall ca. 1 200 inv\u00e5nare.<\/p>\n<p><span class=\"ingress\"><strong>1888<\/strong><\/span><\/p>\n<p>1880 \u00f6del\u00e4ggs n\u00e4stan hela centrala Sundsvall av en omfattande brand. De gamla tr\u00e4husbebyggelserna ers\u00e4tts nu av en modern<br \/>\nstenstad.<\/p>\n<p><span class=\"ingress\"><strong>1944<\/strong><\/span><\/p>\n<p>1944 invigdes Sundsvall-Timra Airport efter decennier av diskussioner och f\u00f6rslag. Efter en t\u00e4vling i Sundsvalls Tidning d\u00e4r inv\u00e5narna fick skicka in f\u00f6rslag om vad flygplatsen skulle heta, vann<br \/>\nnamnet Midlanda.<\/p>\n<p><span class=\"ingress\"><strong>1977<\/strong><\/span><\/p>\n<p>Genom h\u00f6gskolereformen 1977 uppf\u00f6rdes 11 nya h\u00f6gskolor runt om i Sverige. Bland annat bildades H\u00f6gskolan Sundsvall\/H\u00e4rn\u00f6sand, nuvarande Mittuniversitetet.<\/p>\n<p><span class=\"ingress\"><strong>2014<\/strong><\/span><\/p>\n<p>Sundsvallsbron invigdes f\u00f6r trafik den 18 december 2014, och blir en del av motorv\u00e4gen E4:an.<\/p>\n<p><span class=\"ingress\"><strong>2017<\/strong><\/span><\/p>\n<p>2017 korades Sundsvall till Sveriges vackraste stad i en omr\u00f6stning ordnad av Arkitekturupproret.<\/p>\n<p><span class=\"ingress\"><strong>2024<\/strong><\/span><\/p>\n<p>Sundsvall firar 400 \u00e5r som stad!<\/p>\n<p>&nbsp;<\/p>\n<p><img loading=\"lazy\" decoding=\"async\" class=\" wp-image-10626\" src=\"https:\/\/mkv.miun.se\/skvaderbladet\/wp-content\/uploads\/2024\/03\/nyhetssvallet-2.0-sundsvalls-historia-120x300.jpg\" alt=\"\" width=\"137\" height=\"343\" srcset=\"https:\/\/mkv.miun.se\/skvaderbladet\/wp-content\/uploads\/2024\/03\/nyhetssvallet-2.0-sundsvalls-historia-120x300.jpg 120w, https:\/\/mkv.miun.se\/skvaderbladet\/wp-content\/uploads\/2024\/03\/nyhetssvallet-2.0-sundsvalls-historia-290x725.jpg 290w, https:\/\/mkv.miun.se\/skvaderbladet\/wp-content\/uploads\/2024\/03\/nyhetssvallet-2.0-sundsvalls-historia-768x1920.jpg 768w, https:\/\/mkv.miun.se\/skvaderbladet\/wp-content\/uploads\/2024\/03\/nyhetssvallet-2.0-sundsvalls-historia-614x1536.jpg 614w, https:\/\/mkv.miun.se\/skvaderbladet\/wp-content\/uploads\/2024\/03\/nyhetssvallet-2.0-sundsvalls-historia-400x999.jpg 400w, https:\/\/mkv.miun.se\/skvaderbladet\/wp-content\/uploads\/2024\/03\/nyhetssvallet-2.0-sundsvalls-historia-325x813.jpg 325w, https:\/\/mkv.miun.se\/skvaderbladet\/wp-content\/uploads\/2024\/03\/nyhetssvallet-2.0-sundsvalls-historia.jpg 800w\" sizes=\"auto, (max-width: 137px) 100vw, 137px\" \/><\/p>\n<p>&nbsp;<\/p>\n<p>&nbsp;<\/p>\n<p>&nbsp;<\/p>\n<p>&nbsp;<\/p>\n<p>&nbsp;<\/p>\n<p>&nbsp;<\/p>\n<p>&nbsp;<\/p>\n<p>&nbsp;<\/p>\n<p>&nbsp;<\/p>\n<p style=\"text-align: justify;\"><span style=\"font-size: 14px;\">L\u00e4s mer om evenemangen p\u00e5 sundsvall400.se<\/span><\/p>\n<p>&nbsp;<\/p>\n","protected":false},"excerpt":{"rendered":"<p>Sundsvall 13-03-2024 Sundsvall fyller 400 \u00e5r! Sunsdvall grundades som stad 1621, men det var inte f\u00f6rr\u00e4n 1624 som staden fick [&hellip;]<\/p>\n","protected":false},"author":287,"featured_media":0,"comment_status":"open","ping_status":"open","sticky":false,"template":"","format":"standard","meta":{"_acf_changed":false,"site-sidebar-layout":"default","site-content-layout":"","ast-site-content-layout":"default","site-content-style":"default","site-sidebar-style":"default","ast-global-header-display":"","ast-banner-title-visibility":"","ast-main-header-display":"","ast-hfb-above-header-display":"","ast-hfb-below-header-display":"","ast-hfb-mobile-header-display":"","site-post-title":"","ast-breadcrumbs-content":"","ast-featured-img":"","footer-sml-layout":"","ast-disable-related-posts":"","theme-transparent-header-meta":"","adv-header-id-meta":"","stick-header-meta":"","header-above-stick-meta":"","header-main-stick-meta":"","header-below-stick-meta":"","astra-migrate-meta-layouts":"default","ast-page-background-enabled":"default","ast-page-background-meta":{"desktop":{"background-color":"var(--ast-global-color-5)","background-image":"","background-repeat":"repeat","background-position":"center center","background-size":"auto","background-attachment":"scroll","background-type":"","background-media":"","overlay-type":"","overlay-color":"","overlay-opacity":"","overlay-gradient":""},"tablet":{"background-color":"","background-image":"","background-repeat":"repeat","background-position":"center center","background-size":"auto","background-attachment":"scroll","background-type":"","background-media":"","overlay-type":"","overlay-color":"","overlay-opacity":"","overlay-gradient":""},"mobile":{"background-color":"","background-image":"","background-repeat":"repeat","background-position":"center center","background-size":"auto","background-attachment":"scroll","background-type":"","background-media":"","overlay-type":"","overlay-color":"","overlay-opacity":"","overlay-gradient":""}},"ast-content-background-meta":{"desktop":{"background-color":"var(--ast-global-color-4)","background-image":"","background-repeat":"repeat","background-position":"center center","background-size":"auto","background-attachment":"scroll","background-type":"","background-media":"","overlay-type":"","overlay-color":"","overlay-opacity":"","overlay-gradient":""},"tablet":{"background-color":"var(--ast-global-color-4)","background-image":"","background-repeat":"repeat","background-position":"center center","background-size":"auto","background-attachment":"scroll","background-type":"","background-media":"","overlay-type":"","overlay-color":"","overlay-opacity":"","overlay-gradient":""},"mobile":{"background-color":"var(--ast-global-color-4)","background-image":"","background-repeat":"repeat","background-position":"center center","background-size":"auto","background-attachment":"scroll","background-type":"","background-media":"","overlay-type":"","overlay-color":"","overlay-opacity":"","overlay-gradient":""}},"footnotes":""},"categories":[9,4,2],"tags":[197,196,37],"class_list":["post-10625","post","type-post","status-publish","format-standard","hentry","category-familj","category-kultur","category-nyheter","tag-400ar","tag-historia","tag-sundsvall"],"acf":[],"_links":{"self":[{"href":"https:\/\/mkv.miun.se\/skvaderbladet\/wp-json\/wp\/v2\/posts\/10625","targetHints":{"allow":["GET"]}}],"collection":[{"href":"https:\/\/mkv.miun.se\/skvaderbladet\/wp-json\/wp\/v2\/posts"}],"about":[{"href":"https:\/\/mkv.miun.se\/skvaderbladet\/wp-json\/wp\/v2\/types\/post"}],"author":[{"embeddable":true,"href":"https:\/\/mkv.miun.se\/skvaderbladet\/wp-json\/wp\/v2\/users\/287"}],"replies":[{"embeddable":true,"href":"https:\/\/mkv.miun.se\/skvaderbladet\/wp-json\/wp\/v2\/comments?post=10625"}],"version-history":[{"count":0,"href":"https:\/\/mkv.miun.se\/skvaderbladet\/wp-json\/wp\/v2\/posts\/10625\/revisions"}],"wp:attachment":[{"href":"https:\/\/mkv.miun.se\/skvaderbladet\/wp-json\/wp\/v2\/media?parent=10625"}],"wp:term":[{"taxonomy":"category","embeddable":true,"href":"https:\/\/mkv.miun.se\/skvaderbladet\/wp-json\/wp\/v2\/categories?post=10625"},{"taxonomy":"post_tag","embeddable":true,"href":"https:\/\/mkv.miun.se\/skvaderbladet\/wp-json\/wp\/v2\/tags?post=10625"}],"curies":[{"name":"wp","href":"https:\/\/api.w.org\/{rel}","templated":true}]}}