{"id":10611,"date":"2024-03-13T12:23:47","date_gmt":"2024-03-13T11:23:47","guid":{"rendered":"https:\/\/mkv.miun.se\/skvaderbladet\/?p=10611"},"modified":"2024-03-13T14:07:58","modified_gmt":"2024-03-13T13:07:58","slug":"jon-dahl-tomasson-slapper-sin-forsta-landslagstrupp-ingen-bergvall-eller-bardghji","status":"publish","type":"post","link":"https:\/\/mkv.miun.se\/skvaderbladet\/jon-dahl-tomasson-slapper-sin-forsta-landslagstrupp-ingen-bergvall-eller-bardghji\/","title":{"rendered":"Jon Dahl Tomasson sl\u00e4pper sin f\u00f6rsta landslagstrupp &#8211; Ingen Bergvall eller Bardghji"},"content":{"rendered":"<p><span class=\"ortsdatering\">Solna 13-03-2024<\/span><\/p>\n<figure id=\"attachment_10618\" aria-describedby=\"caption-attachment-10618\" style=\"width: 720px\" class=\"wp-caption alignnone\"><img loading=\"lazy\" decoding=\"async\" class=\"wp-image-10618 size-fullstory\" src=\"https:\/\/mkv.miun.se\/skvaderbladet\/wp-content\/uploads\/2024\/03\/nyhetssvallet-jon-dahl-960x540.jpeg\" alt=\"Jon Dahl Tomasson med den SvFFs logotyp bakom sig.\" width=\"720\" height=\"405\" srcset=\"https:\/\/mkv.miun.se\/skvaderbladet\/wp-content\/uploads\/2024\/03\/nyhetssvallet-jon-dahl-960x540.jpeg 960w, https:\/\/mkv.miun.se\/skvaderbladet\/wp-content\/uploads\/2024\/03\/nyhetssvallet-jon-dahl-300x169.jpeg 300w, https:\/\/mkv.miun.se\/skvaderbladet\/wp-content\/uploads\/2024\/03\/nyhetssvallet-jon-dahl-725x408.jpeg 725w, https:\/\/mkv.miun.se\/skvaderbladet\/wp-content\/uploads\/2024\/03\/nyhetssvallet-jon-dahl-768x432.jpeg 768w, https:\/\/mkv.miun.se\/skvaderbladet\/wp-content\/uploads\/2024\/03\/nyhetssvallet-jon-dahl-1536x864.jpeg 1536w, https:\/\/mkv.miun.se\/skvaderbladet\/wp-content\/uploads\/2024\/03\/nyhetssvallet-jon-dahl-730x411.jpeg 730w, https:\/\/mkv.miun.se\/skvaderbladet\/wp-content\/uploads\/2024\/03\/nyhetssvallet-jon-dahl-325x183.jpeg 325w, https:\/\/mkv.miun.se\/skvaderbladet\/wp-content\/uploads\/2024\/03\/nyhetssvallet-jon-dahl-650x366.jpeg 650w, https:\/\/mkv.miun.se\/skvaderbladet\/wp-content\/uploads\/2024\/03\/nyhetssvallet-jon-dahl.jpeg 1920w\" sizes=\"auto, (max-width: 720px) 100vw, 720px\" \/><figcaption id=\"caption-attachment-10618\" class=\"wp-caption-text\">Jon Dahl Tomasson \u00e4r den f\u00f6rsta utl\u00e4ndske f\u00f6rbundskapten i svenska landslaget historia. Foto: Fotbollskanalen<\/figcaption><\/figure>\n<p><span class=\"ingress\">Under onsdagen tog Jon Dahl Tomasson ut sin f\u00f6rsta landslagstrupp som svensk f\u00f6rbundskapten. Roony Bardghji, Sebastian Nanasi och Lucas Bergvalls debuter i det &#8221;riktiga&#8221; landslaget f\u00e5r v\u00e4nta. De b\u00e5da \u00e4r ist\u00e4llet uttagna till Daniel B\u00e4ckstr\u00f6ms U21-landslag. Sverige spelar mot Portugal den 21 mars och den 25 mars kommer Albanien till Solna.<\/span><\/p>\n<p>Truppen i sin helhet:<\/p>\n<p><strong>M\u00e5lvakter:<\/strong><\/p>\n<p>Robin Olsen, Aston Villa<\/p>\n<p>Viktor Johansson, Rotherham<\/p>\n<p>Kristoffer Nordfeldt, AIK<\/p>\n<p><strong>F\u00f6rsvarare:<\/strong><\/p>\n<p>Victor Nilsson Lindel\u00f6f, Manchester United<\/p>\n<p>Carl Starfelt, Celta Vigo<\/p>\n<p>Isak Hien, Atalanta<\/p>\n<p>Emil Krafth, Newcastle United<\/p>\n<p>Emil Holm, Atalanta<\/p>\n<p>Gabriel Gudmundsson, LOSC Lille<\/p>\n<p>Hjalmar Ekdal, Burnley<\/p>\n<p>Ludwig Augustinsson, Anderlecht<\/p>\n<p>Linus Wahlqvist Egnell, Pogon Szczecin<\/p>\n<p><strong>Mittf\u00e4ltare:<\/strong><\/p>\n<p>Jens Cajuste, Napoli<\/p>\n<p>Mattias Svanberg, Wolfsburg<\/p>\n<p>Emil Forsberg, New York Red Bulls<\/p>\n<p>Hugo Larsson, Eintracht Frankfurt<\/p>\n<p>Dejan Kulusevski, Tottenham<\/p>\n<p>Samuel Gustafson, Urawa Red Diamonds<\/p>\n<p>Jesper Karlstr\u00f6m, Lech Poznan<\/p>\n<p>Simon Olsson, SC Heerenveen<\/p>\n<p>Anton Sal\u00e9tros, AIK<\/p>\n<p><strong>Anfallare:<\/strong><\/p>\n<p>Alexander Isak, Newcastle United<\/p>\n<p>Viktor Gy\u00f6keres, Sporting CP<\/p>\n<p>Anthony Elanga, Nottingham Forest<\/p>\n<p>Gustaf Nilsson, Royal Saint-Gilloise<\/p>\n<p>Jacob Ondrejka, Royal Antwerp<\/p>\n<p>&nbsp;<\/p>\n<p>&nbsp;<\/p>\n","protected":false},"excerpt":{"rendered":"<p>Solna 13-03-2024 Under onsdagen tog Jon Dahl Tomasson ut sin f\u00f6rsta landslagstrupp som svensk f\u00f6rbundskapten. Roony Bardghji, Sebastian Nanasi och [&hellip;]<\/p>\n","protected":false},"author":287,"featured_media":0,"comment_status":"open","ping_status":"open","sticky":false,"template":"","format":"standard","meta":{"_acf_changed":false,"site-sidebar-layout":"default","site-content-layout":"","ast-site-content-layout":"default","site-content-style":"default","site-sidebar-style":"default","ast-global-header-display":"","ast-banner-title-visibility":"","ast-main-header-display":"","ast-hfb-above-header-display":"","ast-hfb-below-header-display":"","ast-hfb-mobile-header-display":"","site-post-title":"","ast-breadcrumbs-content":"","ast-featured-img":"","footer-sml-layout":"","ast-disable-related-posts":"","theme-transparent-header-meta":"","adv-header-id-meta":"","stick-header-meta":"","header-above-stick-meta":"","header-main-stick-meta":"","header-below-stick-meta":"","astra-migrate-meta-layouts":"default","ast-page-background-enabled":"default","ast-page-background-meta":{"desktop":{"background-color":"var(--ast-global-color-5)","background-image":"","background-repeat":"repeat","background-position":"center center","background-size":"auto","background-attachment":"scroll","background-type":"","background-media":"","overlay-type":"","overlay-color":"","overlay-opacity":"","overlay-gradient":""},"tablet":{"background-color":"","background-image":"","background-repeat":"repeat","background-position":"center center","background-size":"auto","background-attachment":"scroll","background-type":"","background-media":"","overlay-type":"","overlay-color":"","overlay-opacity":"","overlay-gradient":""},"mobile":{"background-color":"","background-image":"","background-repeat":"repeat","background-position":"center center","background-size":"auto","background-attachment":"scroll","background-type":"","background-media":"","overlay-type":"","overlay-color":"","overlay-opacity":"","overlay-gradient":""}},"ast-content-background-meta":{"desktop":{"background-color":"var(--ast-global-color-4)","background-image":"","background-repeat":"repeat","background-position":"center center","background-size":"auto","background-attachment":"scroll","background-type":"","background-media":"","overlay-type":"","overlay-color":"","overlay-opacity":"","overlay-gradient":""},"tablet":{"background-color":"var(--ast-global-color-4)","background-image":"","background-repeat":"repeat","background-position":"center center","background-size":"auto","background-attachment":"scroll","background-type":"","background-media":"","overlay-type":"","overlay-color":"","overlay-opacity":"","overlay-gradient":""},"mobile":{"background-color":"var(--ast-global-color-4)","background-image":"","background-repeat":"repeat","background-position":"center center","background-size":"auto","background-attachment":"scroll","background-type":"","background-media":"","overlay-type":"","overlay-color":"","overlay-opacity":"","overlay-gradient":""}},"footnotes":""},"categories":[2,5],"tags":[],"class_list":["post-10611","post","type-post","status-publish","format-standard","hentry","category-nyheter","category-sport"],"acf":[],"_links":{"self":[{"href":"https:\/\/mkv.miun.se\/skvaderbladet\/wp-json\/wp\/v2\/posts\/10611","targetHints":{"allow":["GET"]}}],"collection":[{"href":"https:\/\/mkv.miun.se\/skvaderbladet\/wp-json\/wp\/v2\/posts"}],"about":[{"href":"https:\/\/mkv.miun.se\/skvaderbladet\/wp-json\/wp\/v2\/types\/post"}],"author":[{"embeddable":true,"href":"https:\/\/mkv.miun.se\/skvaderbladet\/wp-json\/wp\/v2\/users\/287"}],"replies":[{"embeddable":true,"href":"https:\/\/mkv.miun.se\/skvaderbladet\/wp-json\/wp\/v2\/comments?post=10611"}],"version-history":[{"count":0,"href":"https:\/\/mkv.miun.se\/skvaderbladet\/wp-json\/wp\/v2\/posts\/10611\/revisions"}],"wp:attachment":[{"href":"https:\/\/mkv.miun.se\/skvaderbladet\/wp-json\/wp\/v2\/media?parent=10611"}],"wp:term":[{"taxonomy":"category","embeddable":true,"href":"https:\/\/mkv.miun.se\/skvaderbladet\/wp-json\/wp\/v2\/categories?post=10611"},{"taxonomy":"post_tag","embeddable":true,"href":"https:\/\/mkv.miun.se\/skvaderbladet\/wp-json\/wp\/v2\/tags?post=10611"}],"curies":[{"name":"wp","href":"https:\/\/api.w.org\/{rel}","templated":true}]}}