{"id":10605,"date":"2024-03-13T12:07:19","date_gmt":"2024-03-13T11:07:19","guid":{"rendered":"https:\/\/mkv.miun.se\/skvaderbladet\/?p=10605"},"modified":"2024-03-13T12:16:22","modified_gmt":"2024-03-13T11:16:22","slug":"det-gor-vard-och-omsorgsnamnden-for-att-framja-psykisk-halsa-i-sundsvall","status":"publish","type":"post","link":"https:\/\/mkv.miun.se\/skvaderbladet\/det-gor-vard-och-omsorgsnamnden-for-att-framja-psykisk-halsa-i-sundsvall\/","title":{"rendered":"Det g\u00f6r v\u00e5rd- och omsorgsn\u00e4mnden f\u00f6r att fr\u00e4mja psykisk h\u00e4lsa i Sundsvall"},"content":{"rendered":"<p><span class=\"ortsdatering\">Sundsvall 13-03-24<\/span><\/p>\n<figure id=\"attachment_9621\" aria-describedby=\"caption-attachment-9621\" style=\"width: 650px\" class=\"wp-caption alignnone\"><img loading=\"lazy\" decoding=\"async\" class=\"size-fullstoryhela wp-image-9621\" src=\"https:\/\/mkv.miun.se\/skvaderbladet\/wp-content\/uploads\/2024\/03\/nyhetssvallet-sundsvalls-kommunhus-650x431.jpg\" alt=\"Bild p\u00e5 Sundsvalls kommunhus. Huset \u00e4r oranget. Det syns lite sn\u00f6 ute.\" width=\"650\" height=\"431\" srcset=\"https:\/\/mkv.miun.se\/skvaderbladet\/wp-content\/uploads\/2024\/03\/nyhetssvallet-sundsvalls-kommunhus-650x431.jpg 650w, https:\/\/mkv.miun.se\/skvaderbladet\/wp-content\/uploads\/2024\/03\/nyhetssvallet-sundsvalls-kommunhus-300x199.jpg 300w, https:\/\/mkv.miun.se\/skvaderbladet\/wp-content\/uploads\/2024\/03\/nyhetssvallet-sundsvalls-kommunhus-725x480.jpg 725w, https:\/\/mkv.miun.se\/skvaderbladet\/wp-content\/uploads\/2024\/03\/nyhetssvallet-sundsvalls-kommunhus-145x96.jpg 145w, https:\/\/mkv.miun.se\/skvaderbladet\/wp-content\/uploads\/2024\/03\/nyhetssvallet-sundsvalls-kommunhus-768x509.jpg 768w, https:\/\/mkv.miun.se\/skvaderbladet\/wp-content\/uploads\/2024\/03\/nyhetssvallet-sundsvalls-kommunhus-730x484.jpg 730w, https:\/\/mkv.miun.se\/skvaderbladet\/wp-content\/uploads\/2024\/03\/nyhetssvallet-sundsvalls-kommunhus-325x215.jpg 325w, https:\/\/mkv.miun.se\/skvaderbladet\/wp-content\/uploads\/2024\/03\/nyhetssvallet-sundsvalls-kommunhus-960x636.jpg 960w, https:\/\/mkv.miun.se\/skvaderbladet\/wp-content\/uploads\/2024\/03\/nyhetssvallet-sundsvalls-kommunhus.jpg 1512w\" sizes=\"auto, (max-width: 650px) 100vw, 650px\" \/><figcaption id=\"caption-attachment-9621\" class=\"wp-caption-text\">V\u00e5rd- och omsorgsn\u00e4mnden har anst\u00e4llt aktivitetshandledare, \u00f6ppnat fler tr\u00e4ffpunkter f\u00f6r \u00e4ldre och b\u00f6rjat arbeta upps\u00f6kande mot de \u00e4ldre som \u00e4r ensamma. Foto: Tindra Jansson<\/figcaption><\/figure>\n<p>&nbsp;<\/p>\n<p><span class=\"ingress\">Psykisk oh\u00e4lsa kan ha f\u00f6r\u00f6dande konsekvenser f\u00f6r den drabbade. Men det skapar \u00e4ven problem f\u00f6r samh\u00e4llet. Psykisk oh\u00e4lsa kan vara allt fr\u00e5n tillf\u00e4llig oro till sv\u00e5ra psykiska sjukdomar som depression och \u00e5ngest.<\/span><\/p>\n<p>V\u00e5rd- och omsorgsn\u00e4mnden i Sundsvall ansvarar f\u00f6r \u00e4ldreomsorgen, h\u00e4lso- och sjukv\u00e5rden och omsorg f\u00f6r m\u00e4nniskor med en funktionsneds\u00e4ttning. Mikael Westin (S), ordf\u00f6rande f\u00f6r v\u00e5rd- och omsorgsn\u00e4mnden ber\u00e4ttar om deras resurser f\u00f6r att fr\u00e4mja psykisk h\u00e4lsa.<\/p>\n<p>&#8221;Det finns f\u00f6r lite tid f\u00f6r \u00e5terh\u00e4mtning och vila&#8221;, Mikael Westin (S).<\/p>\n<p><span class=\"mellanrubrik1\"><strong>\u00a0<\/strong>Hur mycket tid och resurser l\u00e4gger v\u00e5rd- och omsorgsn\u00e4mnden p\u00e5 att fr\u00e4mja psykisk h\u00e4lsa?<\/span><\/p>\n<p>\u2014 Det \u00e4r sv\u00e5rt att r\u00e4kna p\u00e5 den exakta tiden och resurserna, men de senaste \u00e5ren s\u00e5 har vi kraftigt \u00f6kat olika verksamheter f\u00f6r att arbeta mot t.ex. ensamhet. Vi har anst\u00e4llt aktivitetshandledare, \u00f6ppnat fler tr\u00e4ffpunkter f\u00f6r \u00e4ldre och b\u00f6rjat arbeta upps\u00f6kande mot de \u00e4ldre som \u00e4r ensamma.<\/p>\n<p><span class=\"mellanrubrik1\">Hur jobbar ni h\u00e4r i Sundsvall f\u00f6r att minska p\u00e5 psykisk oh\u00e4lsa?<\/span><\/p>\n<p>\u2014 F\u00f6rutom det som sker inom \u00e4ldreomsorgen, s\u00e5 har vi gjort en s\u00e4rskild satsning d\u00e4r vi anst\u00e4ller nya skolkuratorer. Vi utvecklar \u00e4ven en \u00f6vergripande strategi mot suicid.<\/p>\n<p><span class=\"mellanrubrik1\" style=\"font-style: inherit; font-weight: inherit;\">Hur tycker du sj\u00e4lv att psykisk oh\u00e4lsa p\u00e5verkar samh\u00e4llet?<\/span><\/p>\n<p>\u2014 Otroligt mycket. Det kostar b\u00e5de m\u00e4nskligt lidande och pengar f\u00f6r samh\u00e4llet. Psykisk oh\u00e4lsa \u00e4r den dominerande anledningen till att f\u00e5 sjukpenning enligt f\u00f6rs\u00e4kringskassan. Vi beh\u00f6ver bryta den utveckling b\u00e5de f\u00f6r samh\u00e4llet och individens skull.<\/p>\n<p><span class=\"mellanrubrik1\">Vad tror du anledningen \u00e4r till att s\u00e5 m\u00e5nga m\u00e4nniskor lider av psykisk oh\u00e4lsa i samh\u00e4llet just nu?<\/span><\/p>\n<p>\u2014 H\u00f6gre krav p\u00e5 m\u00e4nniskor p\u00e5 att f\u00e5 ihop livspusslet. Unga har \u00e4ven sociala medier som g\u00f6r att kraven och f\u00f6rv\u00e4ntningar \u00f6kar. Det finns inte tid f\u00f6r \u00e5terh\u00e4mning och vila.<\/p>\n","protected":false},"excerpt":{"rendered":"<p>Sundsvall 13-03-24 &nbsp; Psykisk oh\u00e4lsa kan ha f\u00f6r\u00f6dande konsekvenser f\u00f6r den drabbade. Men det skapar \u00e4ven problem f\u00f6r samh\u00e4llet. Psykisk [&hellip;]<\/p>\n","protected":false},"author":287,"featured_media":0,"comment_status":"open","ping_status":"open","sticky":false,"template":"","format":"standard","meta":{"_acf_changed":false,"site-sidebar-layout":"default","site-content-layout":"","ast-site-content-layout":"default","site-content-style":"default","site-sidebar-style":"default","ast-global-header-display":"","ast-banner-title-visibility":"","ast-main-header-display":"","ast-hfb-above-header-display":"","ast-hfb-below-header-display":"","ast-hfb-mobile-header-display":"","site-post-title":"","ast-breadcrumbs-content":"","ast-featured-img":"","footer-sml-layout":"","ast-disable-related-posts":"","theme-transparent-header-meta":"","adv-header-id-meta":"","stick-header-meta":"","header-above-stick-meta":"","header-main-stick-meta":"","header-below-stick-meta":"","astra-migrate-meta-layouts":"default","ast-page-background-enabled":"default","ast-page-background-meta":{"desktop":{"background-color":"var(--ast-global-color-5)","background-image":"","background-repeat":"repeat","background-position":"center center","background-size":"auto","background-attachment":"scroll","background-type":"","background-media":"","overlay-type":"","overlay-color":"","overlay-opacity":"","overlay-gradient":""},"tablet":{"background-color":"","background-image":"","background-repeat":"repeat","background-position":"center center","background-size":"auto","background-attachment":"scroll","background-type":"","background-media":"","overlay-type":"","overlay-color":"","overlay-opacity":"","overlay-gradient":""},"mobile":{"background-color":"","background-image":"","background-repeat":"repeat","background-position":"center center","background-size":"auto","background-attachment":"scroll","background-type":"","background-media":"","overlay-type":"","overlay-color":"","overlay-opacity":"","overlay-gradient":""}},"ast-content-background-meta":{"desktop":{"background-color":"var(--ast-global-color-4)","background-image":"","background-repeat":"repeat","background-position":"center center","background-size":"auto","background-attachment":"scroll","background-type":"","background-media":"","overlay-type":"","overlay-color":"","overlay-opacity":"","overlay-gradient":""},"tablet":{"background-color":"var(--ast-global-color-4)","background-image":"","background-repeat":"repeat","background-position":"center center","background-size":"auto","background-attachment":"scroll","background-type":"","background-media":"","overlay-type":"","overlay-color":"","overlay-opacity":"","overlay-gradient":""},"mobile":{"background-color":"var(--ast-global-color-4)","background-image":"","background-repeat":"repeat","background-position":"center center","background-size":"auto","background-attachment":"scroll","background-type":"","background-media":"","overlay-type":"","overlay-color":"","overlay-opacity":"","overlay-gradient":""}},"footnotes":""},"categories":[2],"tags":[],"class_list":["post-10605","post","type-post","status-publish","format-standard","hentry","category-nyheter"],"acf":[],"_links":{"self":[{"href":"https:\/\/mkv.miun.se\/skvaderbladet\/wp-json\/wp\/v2\/posts\/10605","targetHints":{"allow":["GET"]}}],"collection":[{"href":"https:\/\/mkv.miun.se\/skvaderbladet\/wp-json\/wp\/v2\/posts"}],"about":[{"href":"https:\/\/mkv.miun.se\/skvaderbladet\/wp-json\/wp\/v2\/types\/post"}],"author":[{"embeddable":true,"href":"https:\/\/mkv.miun.se\/skvaderbladet\/wp-json\/wp\/v2\/users\/287"}],"replies":[{"embeddable":true,"href":"https:\/\/mkv.miun.se\/skvaderbladet\/wp-json\/wp\/v2\/comments?post=10605"}],"version-history":[{"count":0,"href":"https:\/\/mkv.miun.se\/skvaderbladet\/wp-json\/wp\/v2\/posts\/10605\/revisions"}],"wp:attachment":[{"href":"https:\/\/mkv.miun.se\/skvaderbladet\/wp-json\/wp\/v2\/media?parent=10605"}],"wp:term":[{"taxonomy":"category","embeddable":true,"href":"https:\/\/mkv.miun.se\/skvaderbladet\/wp-json\/wp\/v2\/categories?post=10605"},{"taxonomy":"post_tag","embeddable":true,"href":"https:\/\/mkv.miun.se\/skvaderbladet\/wp-json\/wp\/v2\/tags?post=10605"}],"curies":[{"name":"wp","href":"https:\/\/api.w.org\/{rel}","templated":true}]}}