{"id":10571,"date":"2024-03-12T16:44:21","date_gmt":"2024-03-12T15:44:21","guid":{"rendered":"https:\/\/mkv.miun.se\/skvaderbladet\/?p=10571"},"modified":"2024-03-13T15:28:59","modified_gmt":"2024-03-13T14:28:59","slug":"skyddshjalmar-och-kameraovervakning-sahar-vill-politikerna-gora-kommunens-sarskilda-boenden-tryggare","status":"publish","type":"post","link":"https:\/\/mkv.miun.se\/skvaderbladet\/skyddshjalmar-och-kameraovervakning-sahar-vill-politikerna-gora-kommunens-sarskilda-boenden-tryggare\/","title":{"rendered":"Skyddshj\u00e4lmar och kamera\u00f6vervakning &#8211; \u00f6ka tryggheten p\u00e5 SoL-boenden"},"content":{"rendered":"<p><span class=\"mellanrubrik1 ortsdatering\">Sundsvall 12-03-2024<\/span><\/p>\n<figure id=\"attachment_10575\" aria-describedby=\"caption-attachment-10575\" style=\"width: 720px\" class=\"wp-caption alignnone\"><img loading=\"lazy\" decoding=\"async\" class=\"wp-image-10575 size-fullstory\" src=\"https:\/\/mkv.miun.se\/skvaderbladet\/wp-content\/uploads\/2024\/03\/nyhetssvallet-jfs-8250-960x540.jpg\" alt=\"\" width=\"720\" height=\"405\" srcset=\"https:\/\/mkv.miun.se\/skvaderbladet\/wp-content\/uploads\/2024\/03\/nyhetssvallet-jfs-8250-960x540.jpg 960w, https:\/\/mkv.miun.se\/skvaderbladet\/wp-content\/uploads\/2024\/03\/nyhetssvallet-jfs-8250-300x169.jpg 300w, https:\/\/mkv.miun.se\/skvaderbladet\/wp-content\/uploads\/2024\/03\/nyhetssvallet-jfs-8250-725x408.jpg 725w, https:\/\/mkv.miun.se\/skvaderbladet\/wp-content\/uploads\/2024\/03\/nyhetssvallet-jfs-8250-768x432.jpg 768w, https:\/\/mkv.miun.se\/skvaderbladet\/wp-content\/uploads\/2024\/03\/nyhetssvallet-jfs-8250-1536x864.jpg 1536w, https:\/\/mkv.miun.se\/skvaderbladet\/wp-content\/uploads\/2024\/03\/nyhetssvallet-jfs-8250-2048x1152.jpg 2048w, https:\/\/mkv.miun.se\/skvaderbladet\/wp-content\/uploads\/2024\/03\/nyhetssvallet-jfs-8250-730x411.jpg 730w, https:\/\/mkv.miun.se\/skvaderbladet\/wp-content\/uploads\/2024\/03\/nyhetssvallet-jfs-8250-325x183.jpg 325w, https:\/\/mkv.miun.se\/skvaderbladet\/wp-content\/uploads\/2024\/03\/nyhetssvallet-jfs-8250-650x366.jpg 650w\" sizes=\"auto, (max-width: 720px) 100vw, 720px\" \/><figcaption id=\"caption-attachment-10575\" class=\"wp-caption-text\">Kommunhuset i Sundsvall. Foto: Fredrik Ehnberg<\/figcaption><\/figure>\n<p><strong>Skvaderbladet har tr\u00e4ffat politiker i individ- och arbetsmarknadsn\u00e4mnden.\u00a0<\/strong><\/p>\n<p><b>\u00c5tg\u00e4rder f\u00f6r att \u00f6ka tryggheten p\u00e5 SoL-boenden spekuleras i allra h\u00f6gsta grad, bland annat skyddshj\u00e4lmar och skyddsv\u00e4star till personal med \u00f6kad risk att uts\u00e4ttas f\u00f6r v\u00e5ld.<\/b><\/p>\n<div class=\"mceTemp\">\u00a0<\/div>\n<figure id=\"attachment_10573\" aria-describedby=\"caption-attachment-10573\" style=\"width: 720px\" class=\"wp-caption alignnone\"><img loading=\"lazy\" decoding=\"async\" class=\"wp-image-10573 size-large\" src=\"https:\/\/mkv.miun.se\/skvaderbladet\/wp-content\/uploads\/2024\/03\/nyhetssvallet-bild-pa-oskar-till-artikel--725x481.jpg\" alt=\"\" width=\"720\" height=\"478\" srcset=\"https:\/\/mkv.miun.se\/skvaderbladet\/wp-content\/uploads\/2024\/03\/nyhetssvallet-bild-pa-oskar-till-artikel--725x481.jpg 725w, https:\/\/mkv.miun.se\/skvaderbladet\/wp-content\/uploads\/2024\/03\/nyhetssvallet-bild-pa-oskar-till-artikel--300x199.jpg 300w, https:\/\/mkv.miun.se\/skvaderbladet\/wp-content\/uploads\/2024\/03\/nyhetssvallet-bild-pa-oskar-till-artikel--145x96.jpg 145w, https:\/\/mkv.miun.se\/skvaderbladet\/wp-content\/uploads\/2024\/03\/nyhetssvallet-bild-pa-oskar-till-artikel--768x510.jpg 768w, https:\/\/mkv.miun.se\/skvaderbladet\/wp-content\/uploads\/2024\/03\/nyhetssvallet-bild-pa-oskar-till-artikel--1536x1020.jpg 1536w, https:\/\/mkv.miun.se\/skvaderbladet\/wp-content\/uploads\/2024\/03\/nyhetssvallet-bild-pa-oskar-till-artikel--730x485.jpg 730w, https:\/\/mkv.miun.se\/skvaderbladet\/wp-content\/uploads\/2024\/03\/nyhetssvallet-bild-pa-oskar-till-artikel--325x216.jpg 325w, https:\/\/mkv.miun.se\/skvaderbladet\/wp-content\/uploads\/2024\/03\/nyhetssvallet-bild-pa-oskar-till-artikel--650x432.jpg 650w, https:\/\/mkv.miun.se\/skvaderbladet\/wp-content\/uploads\/2024\/03\/nyhetssvallet-bild-pa-oskar-till-artikel--960x637.jpg 960w, https:\/\/mkv.miun.se\/skvaderbladet\/wp-content\/uploads\/2024\/03\/nyhetssvallet-bild-pa-oskar-till-artikel-.jpg 1628w\" sizes=\"auto, (max-width: 720px) 100vw, 720px\" \/><figcaption id=\"caption-attachment-10573\" class=\"wp-caption-text\">Oskar Brusell, Gruppledare f\u00f6r moderaterna i Sundsvall. Foto: Fredrik Ehnberg<\/figcaption><\/figure>\n<p>&nbsp;<\/p>\n<p>F\u00f6rra fredagen rapporterade vi om missf\u00f6rh\u00e5llanden p\u00e5 LSS- och SOL-boenden.\u00a0<\/p>\n<p><b>Oskar Brusell, <\/b><span style=\"font-weight: 400;\">ledamot i n\u00e4mnden och gruppledare f\u00f6r Moderaterna i Sundsvall, har pratat med oss p\u00e5 Skvaderbladet om sina tankar \u00f6ver hur arbetet f\u00f6r att \u00f6ka tryggheten p\u00e5 boendena kan f\u00f6rb\u00e4ttras.<\/span><\/p>\n<p><span style=\"font-weight: 400;\">\u2013 Vi vet att det finns problem som str\u00e4cker sig \u00f6ver olika omr\u00e5den inom verksamheten och f\u00f6rvaltningen, inte bara n\u00e4r det g\u00e4ller s\u00e4kerheten f\u00f6r boende och personal. Det \u00e4r positivt att konkreta fall nu har kommit i ljuset, s\u00e4ger han.<\/span><\/p>\n<p><b>Han uttrycker oro \u00f6ver situationen p\u00e5 boendena och har i samarbete med Kristdemokraterna och Sverigedemokraterna tagit fram f\u00f6rslag till skydds\u00e5tg\u00e4rder, bland annat att ge personalen skyddshj\u00e4lmar och skyddsv\u00e4star.<\/b><\/p>\n<p><span style=\"font-weight: 400;\">\u2013 Vi har anslutit oss till ett \u00e5tg\u00e4rdspaket som Sverigedemokraterna har f\u00f6reslagit f\u00f6r att \u00f6ka s\u00e4kerheten p\u00e5 boendena. Vi f\u00f6resl\u00e5r begr\u00e4nsade bes\u00f6kstider, personlarm som kopplas direkt till SOS-alarm, skyddsutbildning och skyddsutrustning f\u00f6r personalen, f\u00f6rklarar Brusell.<\/span><\/p>\n<p><strong>Kommunal sl\u00e5r larm om ett problem d\u00e4r personer med funktionsneds\u00e4ttningar tvingas bo tillsammans med individer som har sv\u00e5rhanterliga diagnoser och de som aktivt missbrukar narkotika. Detta skapar en orolig situation f\u00f6r b\u00e5de boende och f\u00f6r personalen p\u00e5 boendena.<\/strong><\/p>\n<p><span style=\"font-weight: 400;\">\u2013 Det \u00e4r inte rimligt att personer med funktionsneds\u00e4ttningar ska beh\u00f6va bo under samma tak som personer med aktivt missbruk. Det visar sig nu att placeringen av personer p\u00e5 olika boenden har skapat problem. Det \u00e4r inte s\u00e4kert f\u00f6r varken personalen eller brukarna att situationen ser ut s\u00e5 h\u00e4r, kommenterar Brusell.<\/span><\/p>\n<p><span style=\"font-weight: 400;\">\u2013 H\u00e4r handlar det om att bryta missbruk. Det \u00e4r viktigt att flytta personer fr\u00e5n destruktiva milj\u00f6er. Kriminella personer beh\u00f6ver fortfarande v\u00e5rd och rehabilitering b\u00f6r alltid vara i fokus, till\u00e4gger han.<\/span><\/p>\n<p><b>Personalen har \u00e4ven rapporterat om kriminell verksamhet p\u00e5 vissa av kommunens boenden. Langare kommer och g\u00e5r och personalen k\u00e4nner sig maktl\u00f6s och medberoende till v\u00e5rdtagarnas problem.<\/b><\/p>\n<p><span style=\"font-weight: 400;\">\u2013 Det verkar finnas sekretesshinder som hindrar personal fr\u00e5n att polisanm\u00e4la vissa h\u00e4ndelser. Det \u00e4r n\u00e4stan obegripligt att vi har den h\u00e4r diskussionen nu och inte tidigare. F\u00f6r att vara en r\u00e4ttsstat m\u00e5ste vi anm\u00e4la kriminalitet n\u00e4r den intr\u00e4ffar, s\u00e4ger Brusell.<\/span><\/p>\n<figure style=\"width: 992px\" class=\"wp-caption alignnone\"><img loading=\"lazy\" decoding=\"async\" class=\"bn6k9b\" role=\"none\" src=\"https:\/\/www.svtstatic.se\/image-news\/992\/16:9\/0.55\/0.53\/f3bc5f593d8e257e3385b753f6ecd5f4a6b14dbcdb679c04e681296d102425e8\" alt=\"\" width=\"992\" height=\"558\" aria-hidden=\"true\" data-iml=\"53138\" \/><figcaption class=\"wp-caption-text\">Jonas V\u00e4st (V), ordf\u00f6rande i individ- och arbetsmarknadsn\u00e4mnden. Foto: Svt<\/figcaption><\/figure>\n<p><b>Vi har \u00e4ven pratat med Jonas V\u00e4st, <\/b><span style=\"font-weight: 400;\">ordf\u00f6rande i individ- och arbetsmarknadsn\u00e4mnden.<\/span><\/p>\n<p><span style=\"font-weight: 400;\">Jonas har f\u00e5tt kommentera l\u00e4get och om hur n\u00e4mnden planerar att f\u00f6rb\u00e4ttra arbetssituationen f\u00f6r personalen p\u00e5 SOL-boendena.\u00a0<\/span><\/p>\n<p><b>Oppositionen i Sundsvall har lagt fram ett \u00e5tg\u00e4rdspaket, och vi undrar d\u00e5 hur ni st\u00e4ller er till det?<\/b><\/p>\n<p><span style=\"font-weight: 400;\">\u2013 Jag vet inte hur det strider med g\u00e4llande lagstiftning, men personalens trygghet \u00e4r s\u00e5klart viktigt. Nu vet jag inte huruvida deras \u00e5tg\u00e4rder \u00e4r r\u00e4tt f\u00f6r det, s\u00e4ger Jonas.<\/span><\/p>\n<p><b>Vid fr\u00e5gan om att personer med missbruksproblematik har placerats till att bo ihop med personer som har funktionsneds\u00e4ttning, s\u00e4tter sig V\u00e4st p\u00e5 tv\u00e4ren.<\/b><\/p>\n<p><span style=\"font-weight: 400;\">\u2013 Vi har inte blandat missbrukare med personer som har en funktionsneds\u00e4ttning. Det \u00e4r personer med funktionsneds\u00e4ttning som har missbruksproblematik. Vi har inte medvetet placerat knarkare p\u00e5 SOL-boenden, s\u00e4ger V\u00e4st.\u00a0<\/span><\/p>\n<p><b>Hur ser du sj\u00e4lv p\u00e5 situationen?<\/b><\/p>\n<p><span style=\"font-weight: 400;\">\u2013 Jag har bes\u00f6kt flera SOL-boenden och \u00e4r bekant med problematiken. De boende \u00e4r inte alltid mottagliga f\u00f6r den v\u00e5rd och st\u00f6d vi erbjuder. \u00c4r man fast i ett drogberoende \u00e4r det inte l\u00e4tt att ta sig ur. Personerna i fr\u00e5ga har ett gynnande beslut och g\u00e5r inte bara flytta hur som helst, s\u00e4ger V\u00e4st.<\/span><\/p>\n<p><span style=\"font-weight: 400;\">\u2013 Det ska inte vara okej att anv\u00e4nda sig av narkotika p\u00e5 ett kommunalt boende. Men det \u00e4r tv\u00e5 lagstiftningar som krockar med varandra vid rapportering av brott.<\/span><\/p>\n<p><strong>Personalen p\u00e5 boendena har tagit upp med Skvaderbladet att de \u00e4r begr\u00e4nsade n\u00e4r det g\u00e4ller att polisanm\u00e4la vissa typer av brott. De p\u00e5pekar att de endast kan rapportera till polisen om brotten n\u00e5r upp till en viss straffskala.<\/strong><\/p>\n<p><span style=\"font-weight: 400;\">\u2013 Det \u00e4r h\u00f6rs\u00e4gen, vi m\u00e5ste bli b\u00e4ttre p\u00e5 att ringa polisen n\u00e4r brott intr\u00e4ffar, s\u00e4ger V\u00e4st.<\/span><\/p>\n<p><b>Hur kommer ni i majoriteten agera f\u00f6r att \u00f6ka tryggheten f\u00f6r personal p\u00e5 s\u00e4rskilda boenden?<\/b><\/p>\n<p><span style=\"font-weight: 400;\">\u2013 Jag har delegerat det h\u00e4r \u00e4rendet till verksamhetschefen p\u00e5 individ- och arbetsmarknadsf\u00f6rvaltningen, som rapporterar till mig om hur arbetet kommer att se ut, s\u00e4ger V\u00e4st.<\/span><\/p>\n<p><span style=\"font-weight: 400;\">\u00a0<\/span><\/p>\n<p><br style=\"font-weight: 400;\" \/><br \/>\n<br style=\"font-weight: 400;\" \/><\/p>\n","protected":false},"excerpt":{"rendered":"<p>Sundsvall 12-03-2024 Skvaderbladet har tr\u00e4ffat politiker i individ- och arbetsmarknadsn\u00e4mnden.\u00a0 \u00c5tg\u00e4rder f\u00f6r att \u00f6ka tryggheten p\u00e5 SoL-boenden spekuleras i allra [&hellip;]<\/p>\n","protected":false},"author":313,"featured_media":0,"comment_status":"open","ping_status":"open","sticky":false,"template":"","format":"standard","meta":{"_acf_changed":false,"site-sidebar-layout":"default","site-content-layout":"","ast-site-content-layout":"default","site-content-style":"default","site-sidebar-style":"default","ast-global-header-display":"","ast-banner-title-visibility":"","ast-main-header-display":"","ast-hfb-above-header-display":"","ast-hfb-below-header-display":"","ast-hfb-mobile-header-display":"","site-post-title":"","ast-breadcrumbs-content":"","ast-featured-img":"","footer-sml-layout":"","ast-disable-related-posts":"","theme-transparent-header-meta":"","adv-header-id-meta":"","stick-header-meta":"","header-above-stick-meta":"","header-main-stick-meta":"","header-below-stick-meta":"","astra-migrate-meta-layouts":"default","ast-page-background-enabled":"default","ast-page-background-meta":{"desktop":{"background-color":"var(--ast-global-color-5)","background-image":"","background-repeat":"repeat","background-position":"center center","background-size":"auto","background-attachment":"scroll","background-type":"","background-media":"","overlay-type":"","overlay-color":"","overlay-opacity":"","overlay-gradient":""},"tablet":{"background-color":"","background-image":"","background-repeat":"repeat","background-position":"center center","background-size":"auto","background-attachment":"scroll","background-type":"","background-media":"","overlay-type":"","overlay-color":"","overlay-opacity":"","overlay-gradient":""},"mobile":{"background-color":"","background-image":"","background-repeat":"repeat","background-position":"center center","background-size":"auto","background-attachment":"scroll","background-type":"","background-media":"","overlay-type":"","overlay-color":"","overlay-opacity":"","overlay-gradient":""}},"ast-content-background-meta":{"desktop":{"background-color":"var(--ast-global-color-4)","background-image":"","background-repeat":"repeat","background-position":"center center","background-size":"auto","background-attachment":"scroll","background-type":"","background-media":"","overlay-type":"","overlay-color":"","overlay-opacity":"","overlay-gradient":""},"tablet":{"background-color":"var(--ast-global-color-4)","background-image":"","background-repeat":"repeat","background-position":"center center","background-size":"auto","background-attachment":"scroll","background-type":"","background-media":"","overlay-type":"","overlay-color":"","overlay-opacity":"","overlay-gradient":""},"mobile":{"background-color":"var(--ast-global-color-4)","background-image":"","background-repeat":"repeat","background-position":"center center","background-size":"auto","background-attachment":"scroll","background-type":"","background-media":"","overlay-type":"","overlay-color":"","overlay-opacity":"","overlay-gradient":""}},"footnotes":""},"categories":[2],"tags":[],"class_list":["post-10571","post","type-post","status-publish","format-standard","hentry","category-nyheter"],"acf":[],"_links":{"self":[{"href":"https:\/\/mkv.miun.se\/skvaderbladet\/wp-json\/wp\/v2\/posts\/10571","targetHints":{"allow":["GET"]}}],"collection":[{"href":"https:\/\/mkv.miun.se\/skvaderbladet\/wp-json\/wp\/v2\/posts"}],"about":[{"href":"https:\/\/mkv.miun.se\/skvaderbladet\/wp-json\/wp\/v2\/types\/post"}],"author":[{"embeddable":true,"href":"https:\/\/mkv.miun.se\/skvaderbladet\/wp-json\/wp\/v2\/users\/313"}],"replies":[{"embeddable":true,"href":"https:\/\/mkv.miun.se\/skvaderbladet\/wp-json\/wp\/v2\/comments?post=10571"}],"version-history":[{"count":0,"href":"https:\/\/mkv.miun.se\/skvaderbladet\/wp-json\/wp\/v2\/posts\/10571\/revisions"}],"wp:attachment":[{"href":"https:\/\/mkv.miun.se\/skvaderbladet\/wp-json\/wp\/v2\/media?parent=10571"}],"wp:term":[{"taxonomy":"category","embeddable":true,"href":"https:\/\/mkv.miun.se\/skvaderbladet\/wp-json\/wp\/v2\/categories?post=10571"},{"taxonomy":"post_tag","embeddable":true,"href":"https:\/\/mkv.miun.se\/skvaderbladet\/wp-json\/wp\/v2\/tags?post=10571"}],"curies":[{"name":"wp","href":"https:\/\/api.w.org\/{rel}","templated":true}]}}