{"id":10548,"date":"2024-03-13T09:33:31","date_gmt":"2024-03-13T08:33:31","guid":{"rendered":"https:\/\/mkv.miun.se\/skvaderbladet\/?p=10548"},"modified":"2024-03-13T14:54:05","modified_gmt":"2024-03-13T13:54:05","slug":"personalen-om-kommunens-forslag-vi-ar-inga-kravallpoliser","status":"publish","type":"post","link":"https:\/\/mkv.miun.se\/skvaderbladet\/personalen-om-kommunens-forslag-vi-ar-inga-kravallpoliser\/","title":{"rendered":"Personalen om kommunens f\u00f6rslag &#8211; &#8221;vi \u00e4r inga kravallpoliser&#8221;"},"content":{"rendered":"<p><span class=\"ortsdatering\">Sundsvall 12-03-2024<\/span><\/p>\n<figure id=\"attachment_10547\" aria-describedby=\"caption-attachment-10547\" style=\"width: 1920px\" class=\"wp-caption alignnone\"><img loading=\"lazy\" decoding=\"async\" class=\"size-full wp-image-10547\" src=\"https:\/\/mkv.miun.se\/skvaderbladet\/wp-content\/uploads\/2024\/03\/nyhetssvallet-nyhetssvallet-micke2-scaled-1.jpg\" alt=\"En man som arbetar p\u00e5 ett st\u00f6dboende \" width=\"1920\" height=\"1080\" srcset=\"https:\/\/mkv.miun.se\/skvaderbladet\/wp-content\/uploads\/2024\/03\/nyhetssvallet-nyhetssvallet-micke2-scaled-1.jpg 1920w, https:\/\/mkv.miun.se\/skvaderbladet\/wp-content\/uploads\/2024\/03\/nyhetssvallet-nyhetssvallet-micke2-scaled-1-300x169.jpg 300w, https:\/\/mkv.miun.se\/skvaderbladet\/wp-content\/uploads\/2024\/03\/nyhetssvallet-nyhetssvallet-micke2-scaled-1-725x408.jpg 725w, https:\/\/mkv.miun.se\/skvaderbladet\/wp-content\/uploads\/2024\/03\/nyhetssvallet-nyhetssvallet-micke2-scaled-1-768x432.jpg 768w, https:\/\/mkv.miun.se\/skvaderbladet\/wp-content\/uploads\/2024\/03\/nyhetssvallet-nyhetssvallet-micke2-scaled-1-1536x864.jpg 1536w, https:\/\/mkv.miun.se\/skvaderbladet\/wp-content\/uploads\/2024\/03\/nyhetssvallet-nyhetssvallet-micke2-scaled-1-730x411.jpg 730w, https:\/\/mkv.miun.se\/skvaderbladet\/wp-content\/uploads\/2024\/03\/nyhetssvallet-nyhetssvallet-micke2-scaled-1-325x183.jpg 325w, https:\/\/mkv.miun.se\/skvaderbladet\/wp-content\/uploads\/2024\/03\/nyhetssvallet-nyhetssvallet-micke2-scaled-1-650x366.jpg 650w, https:\/\/mkv.miun.se\/skvaderbladet\/wp-content\/uploads\/2024\/03\/nyhetssvallet-nyhetssvallet-micke2-scaled-1-960x540.jpg 960w\" sizes=\"auto, (max-width: 1920px) 100vw, 1920px\" \/><figcaption id=\"caption-attachment-10547\" class=\"wp-caption-text\">Michael &#8221;Micke&#8221; Aronsson arbetar p\u00e5 ett st\u00f6dboende i Sundsvall. Han beskriver problemen fr\u00e5n sitt perspektiv. Foto: Sonia N\u00e4ss\u00e8n.<\/figcaption><\/figure>\n<p><span class=\"ingress\"><span style=\"font-weight: 400;\">\u2014<\/span>Skyddsv\u00e4st och hj\u00e4lm kan vi inte ha, s\u00e4ger Michael Aronsson som jobbar p\u00e5 ett av st\u00f6dboenden i Sundsvall. Han tycker politikernas f\u00f6rslag \u00e4r skrattretande. Nu har han ledsnat p\u00e5 att kommunen inte kan l\u00f6sa problemen och planerar att byta bransch.\u00a0<\/span><\/p>\n<p>P\u00e5 boendets balkongerna st\u00e5r en crosstrainer och en motionscyklar som inte g\u00e5r att anv\u00e4nda l\u00e4ngre, det h\u00e4nger tomma tv\u00e4ttlinor \u00f6ver. De flesta f\u00f6nster har neddragna persienner. Precis intill ett boende med st\u00f6d enligt socialtj\u00e4nstlagen. D\u00e4r bor personer med neuropsykiatriska problem och det finns h\u00f6g kriminalitet.<\/p>\n<p>N\u00e4r Skvaderbladet kommer till platsen m\u00f6ts vi av en anst\u00e4lld som \u00e4r r\u00e4dd f\u00f6r att uttala sig i media. Personen h\u00e4nvisar oss till kollegan Michael som till en b\u00f6rjan \u00e4r skeptisk. Efter en l\u00e5ng konversation om problemen st\u00e4ller han upp p\u00e5 intervju.<\/p>\n<p><span style=\"font-weight: 400;\">\u2014Jag sj\u00e4lv k\u00e4nner ingen r\u00e4dsla och oro att prata om detta,<\/span><span style=\"font-weight: 400;\"> men jag kan f\u00f6rst\u00e5 att det finns personal som \u00e4r det. Jag sj\u00e4lv kommer s\u00e4ga upp mig fr\u00e5n jobbet, delvis p\u00e5 grund av den h\u00e4r problematiken. Jag t\u00e4nker byta bransch, s\u00e4ger Michael Aronsson till tidningen.<\/span><\/p>\n<p>Boendet startades 1996 och d\u00e5 var grundtanken att enbart personer med beslut enligt LSS kommer f\u00e5 bo p\u00e5 dessa boenden. Idag blandas personer med funktionshinder av olika slag med m\u00e4nniskor som har andra psykiska problem. Detta har inneburit att personer med aktiva missbruk flyttat in och de anst\u00e4llda ser g\u00e4ngkriminalitet. Mer i \u00a0<a href=\"https:\/\/mkv.miun.se\/skvaderbladet\/blod-och-droger-pa-stodboenden-maskerade-man-i-lyxbilar\/\">&#8221;droger o blod p\u00e5 kommunens boenden &#8211; vittnar om &#8221;maskerade m\u00e4n i lyxbilar&#8221;\u00a0<\/a><\/p>\n<p><span style=\"font-weight: 400;\">\u2014Det har absolut blivit s\u00e4mre, idag blandar kommunen folk med helt olika behov av st\u00f6r och omsorg till oss. Det \u00e4r en m\u00e4rkbar skillnad, s\u00e4ger Michael till Skvaderbladet.\u00a0<\/span><\/p>\n<p>&nbsp;<\/p>\n<figure id=\"attachment_10576\" aria-describedby=\"caption-attachment-10576\" style=\"width: 1920px\" class=\"wp-caption alignnone\"><img loading=\"lazy\" decoding=\"async\" class=\"size-full wp-image-10576\" src=\"https:\/\/mkv.miun.se\/skvaderbladet\/wp-content\/uploads\/2024\/03\/nyhetssvallet-del-4.jpg\" alt=\"\" width=\"1920\" height=\"1080\" srcset=\"https:\/\/mkv.miun.se\/skvaderbladet\/wp-content\/uploads\/2024\/03\/nyhetssvallet-del-4.jpg 1920w, https:\/\/mkv.miun.se\/skvaderbladet\/wp-content\/uploads\/2024\/03\/nyhetssvallet-del-4-300x169.jpg 300w, https:\/\/mkv.miun.se\/skvaderbladet\/wp-content\/uploads\/2024\/03\/nyhetssvallet-del-4-725x408.jpg 725w, https:\/\/mkv.miun.se\/skvaderbladet\/wp-content\/uploads\/2024\/03\/nyhetssvallet-del-4-768x432.jpg 768w, https:\/\/mkv.miun.se\/skvaderbladet\/wp-content\/uploads\/2024\/03\/nyhetssvallet-del-4-1536x864.jpg 1536w, https:\/\/mkv.miun.se\/skvaderbladet\/wp-content\/uploads\/2024\/03\/nyhetssvallet-del-4-730x411.jpg 730w, https:\/\/mkv.miun.se\/skvaderbladet\/wp-content\/uploads\/2024\/03\/nyhetssvallet-del-4-325x183.jpg 325w, https:\/\/mkv.miun.se\/skvaderbladet\/wp-content\/uploads\/2024\/03\/nyhetssvallet-del-4-650x366.jpg 650w, https:\/\/mkv.miun.se\/skvaderbladet\/wp-content\/uploads\/2024\/03\/nyhetssvallet-del-4-960x540.jpg 960w\" sizes=\"auto, (max-width: 1920px) 100vw, 1920px\" \/><figcaption id=\"caption-attachment-10576\" class=\"wp-caption-text\">Det finns flera st\u00f6dboenden i Sundsvall d\u00e4r personalen upplever oro och r\u00e4dsla. Foto: Johannes Sv\u00e4rd<\/figcaption><\/figure>\n<p><span class=\"mellanrubrik1\">Hj\u00e4lm och skyddsv\u00e4st\u00a0<\/span><\/p>\n<p>N\u00e4r fackf\u00f6rbundet Kommunal i februari skrev ett brev till kommunen om problemen f\u00f6rklarade de att &#8221;personalen saknar utbildning och utrustning&#8221;. Politikern Oscar Brusell (M) var med och la fram f\u00f6rslaget om att personalen ska ha hj\u00e4lm och sktddsv\u00e4st.<\/p>\n<p>Michael Aronsson som \u00e4r personal p\u00e5 ett av dessa boendet skrattar h\u00f6gt \u00e5t f\u00f6rslaget.<\/p>\n<p><span style=\"font-weight: 400;\">\u2014Vi kan inte springa runt h\u00e4r med hj\u00e4lm och skyddsv\u00e4st. Vi finns f\u00f6r att hj\u00e4lpa de boende med vardagssysslor, vi \u00e4r inte kravallpoliser, s\u00e4ger Michael till tidningen.<\/span><\/p>\n<p>N\u00e5gra fler f\u00f6rslag \u00e4r kamera\u00f6vervakning och ett \u00f6vernattningsf\u00f6rbud f\u00f6r anh\u00f6riga. Vi l\u00e5ter Michael kommentera f\u00f6rslaget.<\/p>\n<p><span style=\"font-weight: 400;\">\u2014Detta \u00e4r v\u00e4rdel\u00f6sa f\u00f6rlag. Kamera\u00f6vervakning inskr\u00e4nker p\u00e5 m\u00e4nniskors integritet. Att tillskriva ett \u00f6vernattningsf\u00f6rbud skulle kr\u00e4va en \u00e4ndring i lagen om st\u00f6d och service till vissa funktionshindrade. Som idag inte har n\u00e5gra skyldigheter, bara r\u00e4ttigheter, s\u00e4ger Michael till Skvaderbladet.\u00a0<\/span><\/p>\n<p>Fler f\u00f6rslag finns att l\u00e4sa om i artikeln <a href=\"https:\/\/mkv.miun.se\/skvaderbladet\/skyddshjalmar-och-kameraovervakning-sahar-vill-politikerna-gora-kommunens-sarskilda-boenden-tryggare\/\">&#8221;Skyddshj\u00e4lm och och kamera\u00f6vervakning &#8211; \u00f6ka tryggheten p\u00e5 SoL boenden&#8221;.<\/a><\/p>\n<p><span class=\"mellanrubrik1\">Vad anser du att kommunen ska g\u00f6ra?<\/span><\/p>\n<p><span style=\"font-weight: 400;\">\u2014Den viktigaste l\u00f6sningen borde vara att h\u00e5lla koll p\u00e5 vilka som f\u00e5r dessa beslut och att de hamnar p\u00e5 r\u00e4tt boende. I<\/span><span style=\"font-weight: 400;\">dag kan folk som inte har en funktionsneds\u00e4ttning f\u00e5 beslut om LSS och flytta in bredvid n\u00e5gon som har till exempel Downs syndrom.<\/span><\/p>\n<p><span class=\"mellanrubrik1\"><br style=\"font-weight: 400;\" \/><br \/>\n<br style=\"font-weight: 400;\" \/><br \/>\n<\/span><\/p>\n<p>&nbsp;<\/p>\n<p>&nbsp;<\/p>\n<p>&nbsp;<\/p>\n<p>&nbsp;<\/p>\n<p>&nbsp;<\/p>\n<p>&nbsp;<\/p>\n<p>&nbsp;<\/p>\n","protected":false},"excerpt":{"rendered":"<p>Sundsvall 12-03-2024 \u2014Skyddsv\u00e4st och hj\u00e4lm kan vi inte ha, s\u00e4ger Michael Aronsson som jobbar p\u00e5 ett av st\u00f6dboenden i Sundsvall. [&hellip;]<\/p>\n","protected":false},"author":287,"featured_media":0,"comment_status":"open","ping_status":"open","sticky":false,"template":"","format":"standard","meta":{"_acf_changed":false,"site-sidebar-layout":"default","site-content-layout":"","ast-site-content-layout":"default","site-content-style":"default","site-sidebar-style":"default","ast-global-header-display":"","ast-banner-title-visibility":"","ast-main-header-display":"","ast-hfb-above-header-display":"","ast-hfb-below-header-display":"","ast-hfb-mobile-header-display":"","site-post-title":"","ast-breadcrumbs-content":"","ast-featured-img":"","footer-sml-layout":"","ast-disable-related-posts":"","theme-transparent-header-meta":"","adv-header-id-meta":"","stick-header-meta":"","header-above-stick-meta":"","header-main-stick-meta":"","header-below-stick-meta":"","astra-migrate-meta-layouts":"default","ast-page-background-enabled":"default","ast-page-background-meta":{"desktop":{"background-color":"var(--ast-global-color-5)","background-image":"","background-repeat":"repeat","background-position":"center center","background-size":"auto","background-attachment":"scroll","background-type":"","background-media":"","overlay-type":"","overlay-color":"","overlay-opacity":"","overlay-gradient":""},"tablet":{"background-color":"","background-image":"","background-repeat":"repeat","background-position":"center center","background-size":"auto","background-attachment":"scroll","background-type":"","background-media":"","overlay-type":"","overlay-color":"","overlay-opacity":"","overlay-gradient":""},"mobile":{"background-color":"","background-image":"","background-repeat":"repeat","background-position":"center center","background-size":"auto","background-attachment":"scroll","background-type":"","background-media":"","overlay-type":"","overlay-color":"","overlay-opacity":"","overlay-gradient":""}},"ast-content-background-meta":{"desktop":{"background-color":"var(--ast-global-color-4)","background-image":"","background-repeat":"repeat","background-position":"center center","background-size":"auto","background-attachment":"scroll","background-type":"","background-media":"","overlay-type":"","overlay-color":"","overlay-opacity":"","overlay-gradient":""},"tablet":{"background-color":"var(--ast-global-color-4)","background-image":"","background-repeat":"repeat","background-position":"center center","background-size":"auto","background-attachment":"scroll","background-type":"","background-media":"","overlay-type":"","overlay-color":"","overlay-opacity":"","overlay-gradient":""},"mobile":{"background-color":"var(--ast-global-color-4)","background-image":"","background-repeat":"repeat","background-position":"center center","background-size":"auto","background-attachment":"scroll","background-type":"","background-media":"","overlay-type":"","overlay-color":"","overlay-opacity":"","overlay-gradient":""}},"footnotes":""},"categories":[18,2],"tags":[],"class_list":["post-10548","post","type-post","status-publish","format-standard","hentry","category-blaljus","category-nyheter"],"acf":[],"_links":{"self":[{"href":"https:\/\/mkv.miun.se\/skvaderbladet\/wp-json\/wp\/v2\/posts\/10548","targetHints":{"allow":["GET"]}}],"collection":[{"href":"https:\/\/mkv.miun.se\/skvaderbladet\/wp-json\/wp\/v2\/posts"}],"about":[{"href":"https:\/\/mkv.miun.se\/skvaderbladet\/wp-json\/wp\/v2\/types\/post"}],"author":[{"embeddable":true,"href":"https:\/\/mkv.miun.se\/skvaderbladet\/wp-json\/wp\/v2\/users\/287"}],"replies":[{"embeddable":true,"href":"https:\/\/mkv.miun.se\/skvaderbladet\/wp-json\/wp\/v2\/comments?post=10548"}],"version-history":[{"count":0,"href":"https:\/\/mkv.miun.se\/skvaderbladet\/wp-json\/wp\/v2\/posts\/10548\/revisions"}],"wp:attachment":[{"href":"https:\/\/mkv.miun.se\/skvaderbladet\/wp-json\/wp\/v2\/media?parent=10548"}],"wp:term":[{"taxonomy":"category","embeddable":true,"href":"https:\/\/mkv.miun.se\/skvaderbladet\/wp-json\/wp\/v2\/categories?post=10548"},{"taxonomy":"post_tag","embeddable":true,"href":"https:\/\/mkv.miun.se\/skvaderbladet\/wp-json\/wp\/v2\/tags?post=10548"}],"curies":[{"name":"wp","href":"https:\/\/api.w.org\/{rel}","templated":true}]}}