{"id":10519,"date":"2024-03-12T11:27:36","date_gmt":"2024-03-12T10:27:36","guid":{"rendered":"https:\/\/mkv.miun.se\/skvaderbladet\/?p=10519"},"modified":"2024-03-14T10:15:48","modified_gmt":"2024-03-14T09:15:48","slug":"snart-sista-anmalningsdagen-till-musikschlaget","status":"publish","type":"post","link":"https:\/\/mkv.miun.se\/skvaderbladet\/snart-sista-anmalningsdagen-till-musikschlaget\/","title":{"rendered":"Snart sista anm\u00e4lningsdagen till Musikschlaget"},"content":{"rendered":"<p><span class=\"ortsdatering\">Sundsvall &#8211; 12.03.24<\/span><\/p>\n<figure id=\"attachment_10527\" aria-describedby=\"caption-attachment-10527\" style=\"width: 650px\" class=\"wp-caption alignnone\"><img loading=\"lazy\" decoding=\"async\" class=\"size-fullstoryhela wp-image-10527\" src=\"https:\/\/mkv.miun.se\/skvaderbladet\/wp-content\/uploads\/2024\/03\/nyhetssvallet-417544144-1000232065069496-4840462687527312220-n-650x366.jpg\" alt=\"\" width=\"650\" height=\"366\" srcset=\"https:\/\/mkv.miun.se\/skvaderbladet\/wp-content\/uploads\/2024\/03\/nyhetssvallet-417544144-1000232065069496-4840462687527312220-n-650x366.jpg 650w, https:\/\/mkv.miun.se\/skvaderbladet\/wp-content\/uploads\/2024\/03\/nyhetssvallet-417544144-1000232065069496-4840462687527312220-n-300x169.jpg 300w, https:\/\/mkv.miun.se\/skvaderbladet\/wp-content\/uploads\/2024\/03\/nyhetssvallet-417544144-1000232065069496-4840462687527312220-n-725x408.jpg 725w, https:\/\/mkv.miun.se\/skvaderbladet\/wp-content\/uploads\/2024\/03\/nyhetssvallet-417544144-1000232065069496-4840462687527312220-n-768x432.jpg 768w, https:\/\/mkv.miun.se\/skvaderbladet\/wp-content\/uploads\/2024\/03\/nyhetssvallet-417544144-1000232065069496-4840462687527312220-n-1536x864.jpg 1536w, https:\/\/mkv.miun.se\/skvaderbladet\/wp-content\/uploads\/2024\/03\/nyhetssvallet-417544144-1000232065069496-4840462687527312220-n-730x411.jpg 730w, https:\/\/mkv.miun.se\/skvaderbladet\/wp-content\/uploads\/2024\/03\/nyhetssvallet-417544144-1000232065069496-4840462687527312220-n-325x183.jpg 325w, https:\/\/mkv.miun.se\/skvaderbladet\/wp-content\/uploads\/2024\/03\/nyhetssvallet-417544144-1000232065069496-4840462687527312220-n-960x540.jpg 960w, https:\/\/mkv.miun.se\/skvaderbladet\/wp-content\/uploads\/2024\/03\/nyhetssvallet-417544144-1000232065069496-4840462687527312220-n.jpg 2048w\" sizes=\"auto, (max-width: 650px) 100vw, 650px\" \/><figcaption id=\"caption-attachment-10527\" class=\"wp-caption-text\">Riksfinalen h\u00e5lls i \u00e5r i Sundsvall. Foto: Bild fr\u00e5n musikschlagers facebooksida.<\/figcaption><\/figure>\n<p><span class=\"ingress\">T\u00e4vlingen musikschalget \u00e4r en musikfestival som ger chans till en plats i rampljuset, f\u00f6r de som annars kanske inte alltid f\u00e5r det.\u00a0<\/span><\/p>\n<p>Musikschalget \u00e4r en stor musikfest f\u00f6r m\u00e4nniskor med funktionsneds\u00e4ttningar d\u00e4r gemenskap och gl\u00e4dje st\u00e5r i centrum och att alla ska f\u00e5 bidra p\u00e5 sitt eget s\u00e4tt.\u00a0<\/p>\n<p>Musikschlaget har \u00e5tta delt\u00e4vlingar under v\u00e5ren runt om i Sverige i olika delt\u00e4vlingar. 25 maj h\u00e5lls en av delt\u00e4vlingarna i Sundsvall i Birsta city, men \u00e4ven den stora riksfinalen \u00e4r i Sundsvall 9 november. I varje delt\u00e4vling g\u00e5r ett bidrag vidare till finalen som v\u00e4ljs ut av en jury. De andra bidragen kommer p\u00e5 delad andra plats och f\u00e5r ett diplom utifr\u00e5n sin speciella talang p\u00e5 scenen. Det \u00e4r fritt fram att medverka med eget material eller covers i band eller som soloartist. Artisterna f\u00e5r f\u00f6ruts\u00e4ttningar att framf\u00f6ra sina bidrag precis som de sj\u00e4lva vill. Sista dagen att anm\u00e4la sig \u00e4r 31 mars.\u00a0<\/p>\n<p>I finalen i Sundsvall t\u00e4vlar tio bidrag, och \u00e4ven h\u00e4r v\u00e4ljs vinnaren ut av en jury. Musikverksamheten Maitraiders, daglig verksamhet inom LSS, arbetar med finalen tillsammans med Studief\u00f6rbundet Bilda. Det viktigaste med festivalen \u00e4r att alla ska k\u00e4nna gl\u00e4dje.<\/p>\n<p>Om du vill l\u00e4sa mer om festivalen finns l\u00e4nk nedan. \u00a0<\/p>\n<p>https:\/\/www.bilda.nu\/projekt-och-initiativ\/musikschlaget\u00a0<\/p>\n<p>&nbsp;<\/p>\n","protected":false},"excerpt":{"rendered":"<p>Sundsvall &#8211; 12.03.24 T\u00e4vlingen musikschalget \u00e4r en musikfestival som ger chans till en plats i rampljuset, f\u00f6r de som annars [&hellip;]<\/p>\n","protected":false},"author":287,"featured_media":0,"comment_status":"open","ping_status":"open","sticky":false,"template":"","format":"standard","meta":{"_acf_changed":false,"site-sidebar-layout":"default","site-content-layout":"","ast-site-content-layout":"default","site-content-style":"default","site-sidebar-style":"default","ast-global-header-display":"","ast-banner-title-visibility":"","ast-main-header-display":"","ast-hfb-above-header-display":"","ast-hfb-below-header-display":"","ast-hfb-mobile-header-display":"","site-post-title":"","ast-breadcrumbs-content":"","ast-featured-img":"","footer-sml-layout":"","ast-disable-related-posts":"","theme-transparent-header-meta":"","adv-header-id-meta":"","stick-header-meta":"","header-above-stick-meta":"","header-main-stick-meta":"","header-below-stick-meta":"","astra-migrate-meta-layouts":"default","ast-page-background-enabled":"default","ast-page-background-meta":{"desktop":{"background-color":"var(--ast-global-color-5)","background-image":"","background-repeat":"repeat","background-position":"center center","background-size":"auto","background-attachment":"scroll","background-type":"","background-media":"","overlay-type":"","overlay-color":"","overlay-opacity":"","overlay-gradient":""},"tablet":{"background-color":"","background-image":"","background-repeat":"repeat","background-position":"center center","background-size":"auto","background-attachment":"scroll","background-type":"","background-media":"","overlay-type":"","overlay-color":"","overlay-opacity":"","overlay-gradient":""},"mobile":{"background-color":"","background-image":"","background-repeat":"repeat","background-position":"center center","background-size":"auto","background-attachment":"scroll","background-type":"","background-media":"","overlay-type":"","overlay-color":"","overlay-opacity":"","overlay-gradient":""}},"ast-content-background-meta":{"desktop":{"background-color":"var(--ast-global-color-4)","background-image":"","background-repeat":"repeat","background-position":"center center","background-size":"auto","background-attachment":"scroll","background-type":"","background-media":"","overlay-type":"","overlay-color":"","overlay-opacity":"","overlay-gradient":""},"tablet":{"background-color":"var(--ast-global-color-4)","background-image":"","background-repeat":"repeat","background-position":"center center","background-size":"auto","background-attachment":"scroll","background-type":"","background-media":"","overlay-type":"","overlay-color":"","overlay-opacity":"","overlay-gradient":""},"mobile":{"background-color":"var(--ast-global-color-4)","background-image":"","background-repeat":"repeat","background-position":"center center","background-size":"auto","background-attachment":"scroll","background-type":"","background-media":"","overlay-type":"","overlay-color":"","overlay-opacity":"","overlay-gradient":""}},"footnotes":""},"categories":[2],"tags":[195,163,194],"class_list":["post-10519","post","type-post","status-publish","format-standard","hentry","category-nyheter","tag-birsta-city","tag-lss","tag-musikfestival"],"acf":[],"_links":{"self":[{"href":"https:\/\/mkv.miun.se\/skvaderbladet\/wp-json\/wp\/v2\/posts\/10519","targetHints":{"allow":["GET"]}}],"collection":[{"href":"https:\/\/mkv.miun.se\/skvaderbladet\/wp-json\/wp\/v2\/posts"}],"about":[{"href":"https:\/\/mkv.miun.se\/skvaderbladet\/wp-json\/wp\/v2\/types\/post"}],"author":[{"embeddable":true,"href":"https:\/\/mkv.miun.se\/skvaderbladet\/wp-json\/wp\/v2\/users\/287"}],"replies":[{"embeddable":true,"href":"https:\/\/mkv.miun.se\/skvaderbladet\/wp-json\/wp\/v2\/comments?post=10519"}],"version-history":[{"count":0,"href":"https:\/\/mkv.miun.se\/skvaderbladet\/wp-json\/wp\/v2\/posts\/10519\/revisions"}],"wp:attachment":[{"href":"https:\/\/mkv.miun.se\/skvaderbladet\/wp-json\/wp\/v2\/media?parent=10519"}],"wp:term":[{"taxonomy":"category","embeddable":true,"href":"https:\/\/mkv.miun.se\/skvaderbladet\/wp-json\/wp\/v2\/categories?post=10519"},{"taxonomy":"post_tag","embeddable":true,"href":"https:\/\/mkv.miun.se\/skvaderbladet\/wp-json\/wp\/v2\/tags?post=10519"}],"curies":[{"name":"wp","href":"https:\/\/api.w.org\/{rel}","templated":true}]}}