{"id":10510,"date":"2024-03-12T10:10:14","date_gmt":"2024-03-12T09:10:14","guid":{"rendered":"https:\/\/mkv.miun.se\/skvaderbladet\/?p=10510"},"modified":"2024-03-12T12:53:34","modified_gmt":"2024-03-12T11:53:34","slug":"full-hog-och-utan-korkort-man-doms-till-fangelse","status":"publish","type":"post","link":"https:\/\/mkv.miun.se\/skvaderbladet\/full-hog-och-utan-korkort-man-doms-till-fangelse\/","title":{"rendered":"Full, h\u00f6g och utan k\u00f6rkort &#8211; k\u00f6rde in i en lyktstople"},"content":{"rendered":"<p><span class=\"ortsdatering\">S\u00f6r\u00e5ker, Timr\u00e5 kommun 12-03-2024<\/span><\/p>\n<figure id=\"attachment_9768\" aria-describedby=\"caption-attachment-9768\" style=\"width: 720px\" class=\"wp-caption alignnone\"><img loading=\"lazy\" decoding=\"async\" class=\"size-fullstory wp-image-9768\" src=\"https:\/\/mkv.miun.se\/skvaderbladet\/wp-content\/uploads\/2024\/03\/nyhetssvallet-namnlos-design-960x540.jpg\" alt=\"\" width=\"720\" height=\"405\" srcset=\"https:\/\/mkv.miun.se\/skvaderbladet\/wp-content\/uploads\/2024\/03\/nyhetssvallet-namnlos-design-960x540.jpg 960w, https:\/\/mkv.miun.se\/skvaderbladet\/wp-content\/uploads\/2024\/03\/nyhetssvallet-namnlos-design-300x169.jpg 300w, https:\/\/mkv.miun.se\/skvaderbladet\/wp-content\/uploads\/2024\/03\/nyhetssvallet-namnlos-design-725x408.jpg 725w, https:\/\/mkv.miun.se\/skvaderbladet\/wp-content\/uploads\/2024\/03\/nyhetssvallet-namnlos-design-768x432.jpg 768w, https:\/\/mkv.miun.se\/skvaderbladet\/wp-content\/uploads\/2024\/03\/nyhetssvallet-namnlos-design-1536x864.jpg 1536w, https:\/\/mkv.miun.se\/skvaderbladet\/wp-content\/uploads\/2024\/03\/nyhetssvallet-namnlos-design-730x411.jpg 730w, https:\/\/mkv.miun.se\/skvaderbladet\/wp-content\/uploads\/2024\/03\/nyhetssvallet-namnlos-design-325x183.jpg 325w, https:\/\/mkv.miun.se\/skvaderbladet\/wp-content\/uploads\/2024\/03\/nyhetssvallet-namnlos-design-650x366.jpg 650w, https:\/\/mkv.miun.se\/skvaderbladet\/wp-content\/uploads\/2024\/03\/nyhetssvallet-namnlos-design.jpg 1920w\" sizes=\"auto, (max-width: 720px) 100vw, 720px\" \/><figcaption id=\"caption-attachment-9768\" class=\"wp-caption-text\">Foto: Sundsvalls Tidning.<\/figcaption><\/figure>\n<p><strong>K\u00f6rde bil l\u00e4ngs en g\u00e5ngbana.<\/strong><\/p>\n<p><strong>En vansinnesf\u00e4rd som slutade upp i en lyktstolpe.<\/strong><\/p>\n<p><strong>Nu har f\u00f6raren blivit d\u00f6md.<\/strong><\/p>\n<p>Den 10 januari tidigt p\u00e5 morgonen\u00a0kallades polisen till en trafikolycka i S\u00f6r\u00e5ker.\u00a0<\/p>\n<p>En kvinna l\u00e4mnar ett vittnesm\u00e5l om h\u00e4ndelsen fr\u00e5n n\u00e4r hon gick l\u00e4ngs strandpromenaden i S\u00f6r\u00e5ker, som \u00e4r en g\u00e5ng- och cykelv\u00e4g.<\/p>\n<p>Hon s\u00e5g en bil komma ner l\u00e4ngs v\u00e4gen mot henne. N\u00e4r bilen n\u00e4rmade sig, tutade f\u00f6raren p\u00e5 kvinnan. Hon gick fram till bilen och sa till f\u00f6raren att det inte var till\u00e5tet att k\u00f6ra d\u00e4r.<\/p>\n<p>Mannen sluddrade &#8221;Det l\u00e4t som han blivit stucken p\u00e5 tungan&#8221; s\u00e4ger kvinnan i sitt vittnesm\u00e5l.<\/p>\n<p>Bilen ska sedan k\u00f6rt vidare.<\/p>\n<p>Kvinnan st\u00f6tte senare p\u00e5 bilen igen. Den h\u00e4r g\u00e5ngen st\u00e5r den helt still f\u00f6r att f\u00f6raren har k\u00f6rt in i en lyktstolpe. Tre synligt p\u00e5verkade personer befann sig i och runt bilen. Kvinnan ringde till polisen.<\/p>\n<p>Vid ankomsten konstaterade polisen att f\u00f6raren var kraftigt berusad och hade 0,45 gram amfetamin p\u00e5 sig och blev omh\u00e4ndertagen. Prover p\u00e5 stationen kunde senare styrka att han var p\u00e5verkad av drogen. Dessutom visade en kontroll av k\u00f6rkortsregistret att f\u00f6raren saknade k\u00f6rkort. Det visade sig att f\u00f6raren var v\u00e4lk\u00e4nd av polisen med tidigare brott relaterade till olovlig k\u00f6rning och st\u00f6ld.<\/p>\n<p>Ig\u00e5r slog Sundsvalls tingsr\u00e4tt fast domen. F\u00f6raren har gjort sig skyldig till grov rattfylla, olovlig k\u00f6rning samt ringa narkotikabrott och d\u00f6ms till tv\u00e5 m\u00e5naders f\u00e4ngelse, d\u00e5 han avtj\u00e4nar en villkorlig dom.<\/p>\n<p>Mannen som \u00e4r i 30-\u00e5rs\u00e5ldern har erk\u00e4nt ringa narkotikabrott, men f\u00f6rnekar de andra tv\u00e5 anklagelserna.<\/p>\n<p>&nbsp;<\/p>\n<p>&nbsp;<\/p>\n","protected":false},"excerpt":{"rendered":"<p>S\u00f6r\u00e5ker, Timr\u00e5 kommun 12-03-2024 K\u00f6rde bil l\u00e4ngs en g\u00e5ngbana. En vansinnesf\u00e4rd som slutade upp i en lyktstolpe. Nu har f\u00f6raren [&hellip;]<\/p>\n","protected":false},"author":313,"featured_media":0,"comment_status":"open","ping_status":"open","sticky":false,"template":"","format":"standard","meta":{"_acf_changed":false,"site-sidebar-layout":"default","site-content-layout":"","ast-site-content-layout":"default","site-content-style":"default","site-sidebar-style":"default","ast-global-header-display":"","ast-banner-title-visibility":"","ast-main-header-display":"","ast-hfb-above-header-display":"","ast-hfb-below-header-display":"","ast-hfb-mobile-header-display":"","site-post-title":"","ast-breadcrumbs-content":"","ast-featured-img":"","footer-sml-layout":"","ast-disable-related-posts":"","theme-transparent-header-meta":"","adv-header-id-meta":"","stick-header-meta":"","header-above-stick-meta":"","header-main-stick-meta":"","header-below-stick-meta":"","astra-migrate-meta-layouts":"default","ast-page-background-enabled":"default","ast-page-background-meta":{"desktop":{"background-color":"var(--ast-global-color-5)","background-image":"","background-repeat":"repeat","background-position":"center center","background-size":"auto","background-attachment":"scroll","background-type":"","background-media":"","overlay-type":"","overlay-color":"","overlay-opacity":"","overlay-gradient":""},"tablet":{"background-color":"","background-image":"","background-repeat":"repeat","background-position":"center center","background-size":"auto","background-attachment":"scroll","background-type":"","background-media":"","overlay-type":"","overlay-color":"","overlay-opacity":"","overlay-gradient":""},"mobile":{"background-color":"","background-image":"","background-repeat":"repeat","background-position":"center center","background-size":"auto","background-attachment":"scroll","background-type":"","background-media":"","overlay-type":"","overlay-color":"","overlay-opacity":"","overlay-gradient":""}},"ast-content-background-meta":{"desktop":{"background-color":"var(--ast-global-color-4)","background-image":"","background-repeat":"repeat","background-position":"center center","background-size":"auto","background-attachment":"scroll","background-type":"","background-media":"","overlay-type":"","overlay-color":"","overlay-opacity":"","overlay-gradient":""},"tablet":{"background-color":"var(--ast-global-color-4)","background-image":"","background-repeat":"repeat","background-position":"center center","background-size":"auto","background-attachment":"scroll","background-type":"","background-media":"","overlay-type":"","overlay-color":"","overlay-opacity":"","overlay-gradient":""},"mobile":{"background-color":"var(--ast-global-color-4)","background-image":"","background-repeat":"repeat","background-position":"center center","background-size":"auto","background-attachment":"scroll","background-type":"","background-media":"","overlay-type":"","overlay-color":"","overlay-opacity":"","overlay-gradient":""}},"footnotes":""},"categories":[2],"tags":[180,178,44,37,179],"class_list":["post-10510","post","type-post","status-publish","format-standard","hentry","category-nyheter","tag-fangelse","tag-grov-rattfylla","tag-soraker","tag-sundsvall","tag-sundsvalls-tingsratt"],"acf":[],"_links":{"self":[{"href":"https:\/\/mkv.miun.se\/skvaderbladet\/wp-json\/wp\/v2\/posts\/10510","targetHints":{"allow":["GET"]}}],"collection":[{"href":"https:\/\/mkv.miun.se\/skvaderbladet\/wp-json\/wp\/v2\/posts"}],"about":[{"href":"https:\/\/mkv.miun.se\/skvaderbladet\/wp-json\/wp\/v2\/types\/post"}],"author":[{"embeddable":true,"href":"https:\/\/mkv.miun.se\/skvaderbladet\/wp-json\/wp\/v2\/users\/313"}],"replies":[{"embeddable":true,"href":"https:\/\/mkv.miun.se\/skvaderbladet\/wp-json\/wp\/v2\/comments?post=10510"}],"version-history":[{"count":0,"href":"https:\/\/mkv.miun.se\/skvaderbladet\/wp-json\/wp\/v2\/posts\/10510\/revisions"}],"wp:attachment":[{"href":"https:\/\/mkv.miun.se\/skvaderbladet\/wp-json\/wp\/v2\/media?parent=10510"}],"wp:term":[{"taxonomy":"category","embeddable":true,"href":"https:\/\/mkv.miun.se\/skvaderbladet\/wp-json\/wp\/v2\/categories?post=10510"},{"taxonomy":"post_tag","embeddable":true,"href":"https:\/\/mkv.miun.se\/skvaderbladet\/wp-json\/wp\/v2\/tags?post=10510"}],"curies":[{"name":"wp","href":"https:\/\/api.w.org\/{rel}","templated":true}]}}