{"id":10494,"date":"2024-03-11T13:52:42","date_gmt":"2024-03-11T12:52:42","guid":{"rendered":"https:\/\/mkv.miun.se\/skvaderbladet\/?p=10494"},"modified":"2024-03-12T13:43:07","modified_gmt":"2024-03-12T12:43:07","slug":"nu-har-svenska-flaggan-hissats-upp","status":"publish","type":"post","link":"https:\/\/mkv.miun.se\/skvaderbladet\/nu-har-svenska-flaggan-hissats-upp\/","title":{"rendered":"Nu har Svenska flaggan hissats upp"},"content":{"rendered":"<p><span class=\"ortsdatering\">Bryssel, Belgien 11-03-2024<\/span><\/p>\n<figure id=\"attachment_10511\" aria-describedby=\"caption-attachment-10511\" style=\"width: 720px\" class=\"wp-caption alignnone\"><img loading=\"lazy\" decoding=\"async\" class=\"size-fullstory wp-image-10511\" src=\"https:\/\/mkv.miun.se\/skvaderbladet\/wp-content\/uploads\/2024\/03\/nyhetssvallet-nyhetssvallet-240311-bryssel-16.jpg.icedkotgmqej-b9jybma.xzjtkrs6yi-960x540.jpg\" alt=\"Flera Natomedlemsl\u00e4nders flaggor vid h\u00f6gkvarteret i Bryssel. Framf\u00f6r flaggorna st\u00e5r representanterna fr\u00e5n Sverige och Nato.\" width=\"720\" height=\"405\" srcset=\"https:\/\/mkv.miun.se\/skvaderbladet\/wp-content\/uploads\/2024\/03\/nyhetssvallet-nyhetssvallet-240311-bryssel-16.jpg.icedkotgmqej-b9jybma.xzjtkrs6yi-960x540.jpg 960w, https:\/\/mkv.miun.se\/skvaderbladet\/wp-content\/uploads\/2024\/03\/nyhetssvallet-nyhetssvallet-240311-bryssel-16.jpg.icedkotgmqej-b9jybma.xzjtkrs6yi-300x169.jpg 300w, https:\/\/mkv.miun.se\/skvaderbladet\/wp-content\/uploads\/2024\/03\/nyhetssvallet-nyhetssvallet-240311-bryssel-16.jpg.icedkotgmqej-b9jybma.xzjtkrs6yi-725x408.jpg 725w, https:\/\/mkv.miun.se\/skvaderbladet\/wp-content\/uploads\/2024\/03\/nyhetssvallet-nyhetssvallet-240311-bryssel-16.jpg.icedkotgmqej-b9jybma.xzjtkrs6yi-768x432.jpg 768w, https:\/\/mkv.miun.se\/skvaderbladet\/wp-content\/uploads\/2024\/03\/nyhetssvallet-nyhetssvallet-240311-bryssel-16.jpg.icedkotgmqej-b9jybma.xzjtkrs6yi-1536x864.jpg 1536w, https:\/\/mkv.miun.se\/skvaderbladet\/wp-content\/uploads\/2024\/03\/nyhetssvallet-nyhetssvallet-240311-bryssel-16.jpg.icedkotgmqej-b9jybma.xzjtkrs6yi-730x411.jpg 730w, https:\/\/mkv.miun.se\/skvaderbladet\/wp-content\/uploads\/2024\/03\/nyhetssvallet-nyhetssvallet-240311-bryssel-16.jpg.icedkotgmqej-b9jybma.xzjtkrs6yi-325x183.jpg 325w, https:\/\/mkv.miun.se\/skvaderbladet\/wp-content\/uploads\/2024\/03\/nyhetssvallet-nyhetssvallet-240311-bryssel-16.jpg.icedkotgmqej-b9jybma.xzjtkrs6yi-650x366.jpg 650w, https:\/\/mkv.miun.se\/skvaderbladet\/wp-content\/uploads\/2024\/03\/nyhetssvallet-nyhetssvallet-240311-bryssel-16.jpg.icedkotgmqej-b9jybma.xzjtkrs6yi.jpg 1920w\" sizes=\"auto, (max-width: 720px) 100vw, 720px\" \/><figcaption id=\"caption-attachment-10511\" class=\"wp-caption-text\">Flaggan hissades medan Sveriges Nationals\u00e5ng spelades. D\u00e4refter spelads Natos hymn. Foto: Tom Samuelsson\/Regeringskansliet<\/figcaption><\/figure>\n<p><span style=\"font-family: Siri-SemiBold, Helvetica, Arial, Geneva, sans-serif;\"><span style=\"font-size: 18.4px;\">Svenska flaggan har nu hissats upp utanf\u00f6r Natos h\u00f6gkvarter under en ceremoni d\u00e4r bland andra kronprinsessan Victoria, statsminister Ulf Kristersson (M), \u00f6verbef\u00e4lhavare Micael Byd\u00e9n och Natos generalsekreterare Jens Stoltenberg n\u00e4rvarade.<\/span><\/span><\/p>\n<p>Sveriges flagga hissades under m\u00e5ndagen upp utanf\u00f6r Natos h\u00f6gkvarter i Bryssel medan den svenska nationals\u00e5ngen spelades. Detta efter att Sverige gick med i Nato i torsdags.<\/p>\n<p>Under dagen h\u00f6lls flera flaggceremonier vid de olika regementen runtom i Sverige\u00a0<\/p>\n","protected":false},"excerpt":{"rendered":"<p>Bryssel, Belgien 11-03-2024 Svenska flaggan har nu hissats upp utanf\u00f6r Natos h\u00f6gkvarter under en ceremoni d\u00e4r bland andra kronprinsessan Victoria, [&hellip;]<\/p>\n","protected":false},"author":287,"featured_media":0,"comment_status":"open","ping_status":"open","sticky":false,"template":"","format":"standard","meta":{"_acf_changed":false,"site-sidebar-layout":"default","site-content-layout":"","ast-site-content-layout":"default","site-content-style":"default","site-sidebar-style":"default","ast-global-header-display":"","ast-banner-title-visibility":"","ast-main-header-display":"","ast-hfb-above-header-display":"","ast-hfb-below-header-display":"","ast-hfb-mobile-header-display":"","site-post-title":"","ast-breadcrumbs-content":"","ast-featured-img":"","footer-sml-layout":"","ast-disable-related-posts":"","theme-transparent-header-meta":"","adv-header-id-meta":"","stick-header-meta":"","header-above-stick-meta":"","header-main-stick-meta":"","header-below-stick-meta":"","astra-migrate-meta-layouts":"default","ast-page-background-enabled":"default","ast-page-background-meta":{"desktop":{"background-color":"var(--ast-global-color-5)","background-image":"","background-repeat":"repeat","background-position":"center center","background-size":"auto","background-attachment":"scroll","background-type":"","background-media":"","overlay-type":"","overlay-color":"","overlay-opacity":"","overlay-gradient":""},"tablet":{"background-color":"","background-image":"","background-repeat":"repeat","background-position":"center center","background-size":"auto","background-attachment":"scroll","background-type":"","background-media":"","overlay-type":"","overlay-color":"","overlay-opacity":"","overlay-gradient":""},"mobile":{"background-color":"","background-image":"","background-repeat":"repeat","background-position":"center center","background-size":"auto","background-attachment":"scroll","background-type":"","background-media":"","overlay-type":"","overlay-color":"","overlay-opacity":"","overlay-gradient":""}},"ast-content-background-meta":{"desktop":{"background-color":"var(--ast-global-color-4)","background-image":"","background-repeat":"repeat","background-position":"center center","background-size":"auto","background-attachment":"scroll","background-type":"","background-media":"","overlay-type":"","overlay-color":"","overlay-opacity":"","overlay-gradient":""},"tablet":{"background-color":"var(--ast-global-color-4)","background-image":"","background-repeat":"repeat","background-position":"center center","background-size":"auto","background-attachment":"scroll","background-type":"","background-media":"","overlay-type":"","overlay-color":"","overlay-opacity":"","overlay-gradient":""},"mobile":{"background-color":"var(--ast-global-color-4)","background-image":"","background-repeat":"repeat","background-position":"center center","background-size":"auto","background-attachment":"scroll","background-type":"","background-media":"","overlay-type":"","overlay-color":"","overlay-opacity":"","overlay-gradient":""}},"footnotes":""},"categories":[2],"tags":[177,83,89],"class_list":["post-10494","post","type-post","status-publish","format-standard","hentry","category-nyheter","tag-bryssel","tag-nato","tag-ulf-kristersson"],"acf":[],"_links":{"self":[{"href":"https:\/\/mkv.miun.se\/skvaderbladet\/wp-json\/wp\/v2\/posts\/10494","targetHints":{"allow":["GET"]}}],"collection":[{"href":"https:\/\/mkv.miun.se\/skvaderbladet\/wp-json\/wp\/v2\/posts"}],"about":[{"href":"https:\/\/mkv.miun.se\/skvaderbladet\/wp-json\/wp\/v2\/types\/post"}],"author":[{"embeddable":true,"href":"https:\/\/mkv.miun.se\/skvaderbladet\/wp-json\/wp\/v2\/users\/287"}],"replies":[{"embeddable":true,"href":"https:\/\/mkv.miun.se\/skvaderbladet\/wp-json\/wp\/v2\/comments?post=10494"}],"version-history":[{"count":0,"href":"https:\/\/mkv.miun.se\/skvaderbladet\/wp-json\/wp\/v2\/posts\/10494\/revisions"}],"wp:attachment":[{"href":"https:\/\/mkv.miun.se\/skvaderbladet\/wp-json\/wp\/v2\/media?parent=10494"}],"wp:term":[{"taxonomy":"category","embeddable":true,"href":"https:\/\/mkv.miun.se\/skvaderbladet\/wp-json\/wp\/v2\/categories?post=10494"},{"taxonomy":"post_tag","embeddable":true,"href":"https:\/\/mkv.miun.se\/skvaderbladet\/wp-json\/wp\/v2\/tags?post=10494"}],"curies":[{"name":"wp","href":"https:\/\/api.w.org\/{rel}","templated":true}]}}