{"id":10358,"date":"2024-03-11T12:03:56","date_gmt":"2024-03-11T11:03:56","guid":{"rendered":"https:\/\/mkv.miun.se\/skvaderbladet\/?p=10358"},"modified":"2024-03-11T12:07:55","modified_gmt":"2024-03-11T11:07:55","slug":"dahlen-satte-forsta-malet-efter-langa-maltorkan","status":"publish","type":"post","link":"https:\/\/mkv.miun.se\/skvaderbladet\/dahlen-satte-forsta-malet-efter-langa-maltorkan\/","title":{"rendered":"Dahl\u00e9n satte f\u00f6rsta m\u00e5let efter l\u00e5nga m\u00e5ltorkan"},"content":{"rendered":"<p><span class=\"ortsdatering\">Timr\u00e5 24-03-11<\/span><\/p>\n<figure id=\"attachment_10399\" aria-describedby=\"caption-attachment-10399\" style=\"width: 720px\" class=\"wp-caption alignnone\"><img loading=\"lazy\" decoding=\"async\" class=\"size-fullstory wp-image-10399\" src=\"https:\/\/mkv.miun.se\/skvaderbladet\/wp-content\/uploads\/2024\/03\/nyhetssvallet-dsc7443-960x640.jpg\" alt=\"Jonathan Dahl\u00e9n visar sin gl\u00e4dje tillsammans med lagkamrater efter m\u00e5let. \" width=\"720\" height=\"480\" srcset=\"https:\/\/mkv.miun.se\/skvaderbladet\/wp-content\/uploads\/2024\/03\/nyhetssvallet-dsc7443-960x640.jpg 960w, https:\/\/mkv.miun.se\/skvaderbladet\/wp-content\/uploads\/2024\/03\/nyhetssvallet-dsc7443-300x200.jpg 300w, https:\/\/mkv.miun.se\/skvaderbladet\/wp-content\/uploads\/2024\/03\/nyhetssvallet-dsc7443-725x483.jpg 725w, https:\/\/mkv.miun.se\/skvaderbladet\/wp-content\/uploads\/2024\/03\/nyhetssvallet-dsc7443-145x96.jpg 145w, https:\/\/mkv.miun.se\/skvaderbladet\/wp-content\/uploads\/2024\/03\/nyhetssvallet-dsc7443-768x512.jpg 768w, https:\/\/mkv.miun.se\/skvaderbladet\/wp-content\/uploads\/2024\/03\/nyhetssvallet-dsc7443-1536x1024.jpg 1536w, https:\/\/mkv.miun.se\/skvaderbladet\/wp-content\/uploads\/2024\/03\/nyhetssvallet-dsc7443-2048x1365.jpg 2048w, https:\/\/mkv.miun.se\/skvaderbladet\/wp-content\/uploads\/2024\/03\/nyhetssvallet-dsc7443-730x487.jpg 730w, https:\/\/mkv.miun.se\/skvaderbladet\/wp-content\/uploads\/2024\/03\/nyhetssvallet-dsc7443-325x217.jpg 325w, https:\/\/mkv.miun.se\/skvaderbladet\/wp-content\/uploads\/2024\/03\/nyhetssvallet-dsc7443-650x433.jpg 650w\" sizes=\"auto, (max-width: 720px) 100vw, 720px\" \/><figcaption id=\"caption-attachment-10399\" class=\"wp-caption-text\">Dahl\u00e9n satte f\u00f6rsta m\u00e5let efter den l\u00e5nga m\u00e5ltorkan.<br \/>\nFoto: Adam Karlsson<\/figcaption><\/figure>\n<p><span class=\"ingress\"><b>Timr\u00e5 IK \u00e4r klara f\u00f6r \u00e5ttondelsfinal efter l\u00f6rdagens f\u00f6rlust mot Lule\u00e5 Hockey. Trots den bittra f\u00f6rlusten fick Timr\u00e5 det \u00e4ntligen att lossna i powerplay och dessutom genom Jonathan Dahl\u00e9n som haft den l\u00e4ngsta m\u00e5ltorkan hittills under hans tid i Timr\u00e5. <\/b>\u00a0<\/span><\/p>\n<p><span data-contrast=\"auto\">I l\u00f6rdagens match mot Lule\u00e5 kom det efterl\u00e4ngtade m\u00e5let f\u00f6r Jonathan Dahl\u00e9n, efter sju raka matcher utan m\u00e5l kunde han s\u00e4tta dit den. M\u00e5let kom dessutom i powerplay som Timr\u00e5 haft det riktigt tungt med. Laget har varit b\u00e4ttre i spel fem mot fem och s\u00e5 fort det blivit powerplay har det stj\u00e4lpt mer \u00e4n det hj\u00e4lpt. Men 17 minuter in i den andra perioden kommer powerplaym\u00e5let fr\u00e5n Jonathan. <\/span><span data-ccp-props=\"{&quot;201341983&quot;:0,&quot;335559739&quot;:160,&quot;335559740&quot;:259}\">\u00a0<\/span><\/p>\n<p><span data-contrast=\"auto\">Att det sitter mycket i huvudet kan man n\u00e4stan anta d\u00e5 Jonathan fick l\u00e4ge efter l\u00e4ge i resten av matchen efter sitt m\u00e5l. Powerplay var ocks\u00e5 n\u00e5got som fortsatte i en positiv anda i resten av matchen d\u00e4remot utan effektivitet. <\/span><span data-ccp-props=\"{&quot;201341983&quot;:0,&quot;335559739&quot;:160,&quot;335559740&quot;:259}\">\u00a0<\/span><\/p>\n<p><b><span data-contrast=\"auto\">K\u00e4ndes det som en l\u00e4ttnad att f\u00e5 g\u00f6ra m\u00e5l och s\u00e4rskilt i powerplay?<\/span><\/b><span data-ccp-props=\"{&quot;201341983&quot;:0,&quot;335559739&quot;:160,&quot;335559740&quot;:259}\">\u00a0<\/span><\/p>\n<p><span data-contrast=\"auto\">\u00a0\u2014 Ja, det \u00e4r klart att det var en l\u00e4ttnad. Det var v\u00e4ldigt sk\u00f6nt och framf\u00f6rallt i powerplay ocks\u00e5. Sen hade vi bra powerplay senare i matchen ocks\u00e5 men vi fick inte in pucken, s\u00e4ger Jonathan Dahl\u00e9n. <\/span><span data-ccp-props=\"{&quot;201341983&quot;:0,&quot;335559739&quot;:160,&quot;335559740&quot;:259}\">\u00a0<\/span><\/p>\n<p><b><span data-contrast=\"auto\">Vad k\u00e4nner du nu inf\u00f6r eran framtid? <\/span><\/b><span data-ccp-props=\"{&quot;201341983&quot;:0,&quot;335559739&quot;:160,&quot;335559740&quot;:259}\">\u00a0<\/span><\/p>\n<p><span data-contrast=\"auto\">\u00a0\u2014 Nu g\u00e4ller det att g\u00f6ra en bra sista match h\u00e4r och s\u00e4tta oss i en s\u00e5 bra situation som m\u00f6jligt inf\u00f6r \u00e5ttondelsfinalen, s\u00e4ger Jonathan Dahl\u00e9n. <\/span><span data-ccp-props=\"{&quot;201341983&quot;:0,&quot;335559739&quot;:160,&quot;335559740&quot;:259}\">\u00a0<\/span><\/p>\n<p><span class=\"mellanrubrik1\">Allt i egna h\u00e4nder<\/span><\/p>\n<p><span data-contrast=\"auto\">Att Timr\u00e5 fick det att lossna i powerplay \u00e4r viktigt inf\u00f6r det stundande slutspelet. Att inte ha ett fungerande powerplay \u00e4r lika med en biljett ut ur slutspelet. Att m\u00f6ta topplagen och inte kunna spela ett bra spel i numer\u00e4rt \u00f6verl\u00e4ge \u00e4r katastrof. Nu f\u00e5r Timr\u00e5 n\u00e5got att bygga vidare p\u00e5 n\u00e4r de har f\u00e5tt\u00a0sj\u00e4lvf\u00f6rtroende att de kan g\u00f6ra m\u00e5l i powerplay ocks\u00e5. <\/span><span data-ccp-props=\"{&quot;201341983&quot;:0,&quot;335559739&quot;:160,&quot;335559740&quot;:259}\">\u00a0<\/span><\/p>\n<p><span data-contrast=\"auto\">Det blev en f\u00f6rlust i l\u00f6rdagens match mot Lule\u00e5 och \u00e5ttondelsfinalen \u00e4r ett faktum. Vilka motst\u00e5ndarna blir \u00e4r inte klart och kommer inte att bli klart f\u00f6rens den sista grundseriematchen p\u00e5 tisdag. Oavsett vad ser spelschemat likadant ut. Bortamatch p\u00e5 torsdag och hemmamatch p\u00e5 l\u00f6rdag. Timr\u00e5s framtid i slutspelet ligger nu i deras egna h\u00e4nder. <\/span><span data-ccp-props=\"{&quot;201341983&quot;:0,&quot;335559739&quot;:160,&quot;335559740&quot;:259}\">\u00a0<\/span><\/p>\n","protected":false},"excerpt":{"rendered":"<p>Timr\u00e5 24-03-11 Timr\u00e5 IK \u00e4r klara f\u00f6r \u00e5ttondelsfinal efter l\u00f6rdagens f\u00f6rlust mot Lule\u00e5 Hockey. Trots den bittra f\u00f6rlusten fick Timr\u00e5 [&hellip;]<\/p>\n","protected":false},"author":287,"featured_media":0,"comment_status":"open","ping_status":"open","sticky":false,"template":"","format":"standard","meta":{"_acf_changed":false,"site-sidebar-layout":"default","site-content-layout":"","ast-site-content-layout":"default","site-content-style":"default","site-sidebar-style":"default","ast-global-header-display":"","ast-banner-title-visibility":"","ast-main-header-display":"","ast-hfb-above-header-display":"","ast-hfb-below-header-display":"","ast-hfb-mobile-header-display":"","site-post-title":"","ast-breadcrumbs-content":"","ast-featured-img":"","footer-sml-layout":"","ast-disable-related-posts":"","theme-transparent-header-meta":"","adv-header-id-meta":"","stick-header-meta":"","header-above-stick-meta":"","header-main-stick-meta":"","header-below-stick-meta":"","astra-migrate-meta-layouts":"default","ast-page-background-enabled":"default","ast-page-background-meta":{"desktop":{"background-color":"var(--ast-global-color-5)","background-image":"","background-repeat":"repeat","background-position":"center center","background-size":"auto","background-attachment":"scroll","background-type":"","background-media":"","overlay-type":"","overlay-color":"","overlay-opacity":"","overlay-gradient":""},"tablet":{"background-color":"","background-image":"","background-repeat":"repeat","background-position":"center center","background-size":"auto","background-attachment":"scroll","background-type":"","background-media":"","overlay-type":"","overlay-color":"","overlay-opacity":"","overlay-gradient":""},"mobile":{"background-color":"","background-image":"","background-repeat":"repeat","background-position":"center center","background-size":"auto","background-attachment":"scroll","background-type":"","background-media":"","overlay-type":"","overlay-color":"","overlay-opacity":"","overlay-gradient":""}},"ast-content-background-meta":{"desktop":{"background-color":"var(--ast-global-color-4)","background-image":"","background-repeat":"repeat","background-position":"center center","background-size":"auto","background-attachment":"scroll","background-type":"","background-media":"","overlay-type":"","overlay-color":"","overlay-opacity":"","overlay-gradient":""},"tablet":{"background-color":"var(--ast-global-color-4)","background-image":"","background-repeat":"repeat","background-position":"center center","background-size":"auto","background-attachment":"scroll","background-type":"","background-media":"","overlay-type":"","overlay-color":"","overlay-opacity":"","overlay-gradient":""},"mobile":{"background-color":"var(--ast-global-color-4)","background-image":"","background-repeat":"repeat","background-position":"center center","background-size":"auto","background-attachment":"scroll","background-type":"","background-media":"","overlay-type":"","overlay-color":"","overlay-opacity":"","overlay-gradient":""}},"footnotes":""},"categories":[2,5],"tags":[92,31],"class_list":["post-10358","post","type-post","status-publish","format-standard","hentry","category-nyheter","category-sport","tag-lulea-hockey","tag-timra-ik"],"acf":[],"_links":{"self":[{"href":"https:\/\/mkv.miun.se\/skvaderbladet\/wp-json\/wp\/v2\/posts\/10358","targetHints":{"allow":["GET"]}}],"collection":[{"href":"https:\/\/mkv.miun.se\/skvaderbladet\/wp-json\/wp\/v2\/posts"}],"about":[{"href":"https:\/\/mkv.miun.se\/skvaderbladet\/wp-json\/wp\/v2\/types\/post"}],"author":[{"embeddable":true,"href":"https:\/\/mkv.miun.se\/skvaderbladet\/wp-json\/wp\/v2\/users\/287"}],"replies":[{"embeddable":true,"href":"https:\/\/mkv.miun.se\/skvaderbladet\/wp-json\/wp\/v2\/comments?post=10358"}],"version-history":[{"count":0,"href":"https:\/\/mkv.miun.se\/skvaderbladet\/wp-json\/wp\/v2\/posts\/10358\/revisions"}],"wp:attachment":[{"href":"https:\/\/mkv.miun.se\/skvaderbladet\/wp-json\/wp\/v2\/media?parent=10358"}],"wp:term":[{"taxonomy":"category","embeddable":true,"href":"https:\/\/mkv.miun.se\/skvaderbladet\/wp-json\/wp\/v2\/categories?post=10358"},{"taxonomy":"post_tag","embeddable":true,"href":"https:\/\/mkv.miun.se\/skvaderbladet\/wp-json\/wp\/v2\/tags?post=10358"}],"curies":[{"name":"wp","href":"https:\/\/api.w.org\/{rel}","templated":true}]}}