{"id":10318,"date":"2024-03-08T14:29:23","date_gmt":"2024-03-08T13:29:23","guid":{"rendered":"https:\/\/mkv.miun.se\/skvaderbladet\/?p=10318"},"modified":"2024-03-11T10:27:36","modified_gmt":"2024-03-11T09:27:36","slug":"nya-vindkraftverksparker-planeras-lena-vadjar-till-kommunen","status":"publish","type":"post","link":"https:\/\/mkv.miun.se\/skvaderbladet\/nya-vindkraftverksparker-planeras-lena-vadjar-till-kommunen\/","title":{"rendered":"Nya vindkraftverksparker planeras \u2013 Lena v\u00e4djar till kommunen"},"content":{"rendered":"<p><span class=\"ortsdatering\">Sundsvall<\/span><\/p>\n<p><span class=\"ingress\">F\u00f6rslaget fr\u00e5n SCA om att bygga tv\u00e5 vindkraftsparker i H\u00f6gsvedjan och Tj\u00e4rdalsberget i Sundsvalls kommun har f\u00e5tt stark kritik fr\u00e5n m\u00e5nga h\u00e5ll. Lena Ytterstr\u00f6m \u00e4r en av alla som har riktat kritik mot kommunen och i ett \u00f6ppet brev v\u00e4nder hon sig till kommunpolitikern Jonas V\u00e4st i hopp om f\u00f6rst\u00e5else.<\/span><\/p>\n<p><span style=\"font-weight: 400;\">Lena Ytterstr\u00f6m bor tillsammans med sin man i Kovland och har \u00e4ven ett fritidshus vid <\/span><span style=\"font-weight: 400;\">Storhullsj\u00f6viken vid <\/span><span style=\"font-weight: 400;\">sj\u00f6n Navarn. Det \u00e4r fritidshuset vid Navarn som kommer f\u00e5 st\u00f6rst konsekvenser av projektet, menar hon. I januari tidigare i \u00e5r skrev hon ett \u00f6ppet brev till kommunalpolitiker Jonas V\u00e4st. I brevet ifr\u00e5gas\u00e4tter Lena hur hon och grannarna ska kunna leva lugnt och stilla utan att bli st\u00f6rda av skuggor och ljud samt andra milj\u00f6p\u00e5verkningar.<\/span><\/p>\n<figure id=\"attachment_10334\" aria-describedby=\"caption-attachment-10334\" style=\"width: 720px\" class=\"wp-caption alignnone\"><img loading=\"lazy\" decoding=\"async\" class=\"size-fullstory wp-image-10334\" src=\"https:\/\/mkv.miun.se\/skvaderbladet\/wp-content\/uploads\/2024\/03\/nyhetssvallet-nyhetssvallet-unnamed-1-960x540.png\" alt=\"Bild p\u00e5 en karta d\u00e4r H\u00f6gsvedjan och Tj\u00e4rdalsberget \u00e4r inringade\" width=\"720\" height=\"405\" srcset=\"https:\/\/mkv.miun.se\/skvaderbladet\/wp-content\/uploads\/2024\/03\/nyhetssvallet-nyhetssvallet-unnamed-1-960x540.png 960w, https:\/\/mkv.miun.se\/skvaderbladet\/wp-content\/uploads\/2024\/03\/nyhetssvallet-nyhetssvallet-unnamed-1-300x169.png 300w, https:\/\/mkv.miun.se\/skvaderbladet\/wp-content\/uploads\/2024\/03\/nyhetssvallet-nyhetssvallet-unnamed-1-725x408.png 725w, https:\/\/mkv.miun.se\/skvaderbladet\/wp-content\/uploads\/2024\/03\/nyhetssvallet-nyhetssvallet-unnamed-1-768x432.png 768w, https:\/\/mkv.miun.se\/skvaderbladet\/wp-content\/uploads\/2024\/03\/nyhetssvallet-nyhetssvallet-unnamed-1-1536x864.png 1536w, https:\/\/mkv.miun.se\/skvaderbladet\/wp-content\/uploads\/2024\/03\/nyhetssvallet-nyhetssvallet-unnamed-1-730x411.png 730w, https:\/\/mkv.miun.se\/skvaderbladet\/wp-content\/uploads\/2024\/03\/nyhetssvallet-nyhetssvallet-unnamed-1-325x183.png 325w, https:\/\/mkv.miun.se\/skvaderbladet\/wp-content\/uploads\/2024\/03\/nyhetssvallet-nyhetssvallet-unnamed-1-650x366.png 650w, https:\/\/mkv.miun.se\/skvaderbladet\/wp-content\/uploads\/2024\/03\/nyhetssvallet-nyhetssvallet-unnamed-1.png 1920w\" sizes=\"auto, (max-width: 720px) 100vw, 720px\" \/><figcaption id=\"caption-attachment-10334\" class=\"wp-caption-text\">Det handlar om 44 vindkraftverk \u00e1 290 meter h\u00f6ga som ska ta upp marken mellan St\u00f6de och Holm.<br \/>\nFoto Lantm\u00e4teriet.<\/figcaption><\/figure>\n<p><span style=\"font-weight: 400;\">Det handlar om totalt 44 vindkraftverk, varav 290 meter h\u00f6ga som kommer uppta de tv\u00e5 parkerna. En h\u00f6jd som kan j\u00e4mf\u00f6ras med Eiffeltornets 300 meter.\u00a0 I en milj\u00f6konsekvensbeskrivning gjord av SCA, framg\u00e5r det att b\u00e5de kulturhistoriska och fornl\u00e4mningar finns p\u00e5 markerna som nu ber\u00e4knas \u00e4gnas helt \u00e5t f\u00f6rnybar energi. Tillsammans utg\u00f6r de b\u00e5da platserna mark f\u00f6r flera omr\u00e5den som \u00e4r skyddade enligt kapitel 7 i milj\u00f6balken. <\/span><\/p>\n<p><span class=\"mellanrubrik1\">Vem b\u00e4r ansvaret?<\/span><\/p>\n<p><span style=\"font-weight: 400;\">\u00a0<\/span><span style=\"font-weight: 400;\">Vidare i brevet undrar Lena om Jonas V\u00e4st n\u00e5gonsin varit i n\u00e4rheten av ett vindkraftverk. Hon beskriver hur det \u00e4r ett kontinuerligt ljudande, ett konsekvent blinkande och att hj\u00e4rnan uts\u00e4tts f\u00f6r konstant solskugga.\u00a0<\/span><\/p>\n<p><span style=\"font-weight: 400;\">\u2013 \u200b\u200bDet \u00e4r h\u00e4lsorisker som jag undrar vem som vill ansvara f\u00f6r? Jag kan inte t\u00e4nka mig att jag och min familj och mina grannar ska v\u00e4nja oss vid detta, 1 km fr\u00e5n parken. Det kommer inte att g\u00e5 att vara utomhus p\u00e5 grund av ljuden och skuggorna. Vi kommer inte att orka med alla ih\u00e5llande st\u00f6rningar, s\u00e4ger Lena Ytterstr\u00f6m.<\/span><\/p>\n<p><span class=\"mellanrubrik1\">Lagstiftning saknas<\/span><\/p>\n<p><span style=\"font-weight: 400;\">\u00a0<\/span><span style=\"font-weight: 400;\">Sverige har inga lagar g\u00e4llande hur n\u00e4ra vindkraftverk f\u00e5r byggas i n\u00e4rhet till bost\u00e4der. D\u00e4remot finns det lagar g\u00e4llande buller fr\u00e5n vindkraftverken. Enligt praxis ur <\/span><span style=\"font-weight: 400;\">Mark- och milj\u00f6\u00f6verdomstolen f\u00e5r buller inte \u00f6verstiga 40dB(A) utomhus vid bost\u00e4der. Detta kan i praktiken svara f\u00f6r hur n\u00e4ra en bebyggelse b\u00f6r vara en vindkraftspark.\u00a0<\/span><\/p>\n<p><b>\u00a0<\/b><span class=\"mellanrubrik1\">\u201cVi \u00e4r oroliga\u201d<\/span><\/p>\n<p><span style=\"font-weight: 400;\">\u00a0<\/span><span style=\"font-weight: 400;\">Lena Ytterstr\u00f6m och hennes familj oroar sig inf\u00f6r framtiden. Hon menar att husets marknadsv\u00e4rde kommer att sjunka drastiskt i samband med projektet. Det finns ingen som vill bo en kilometer fr\u00e5n ett vindkraftverk, menar hon.\u00a0<\/span><\/p>\n<p><span style=\"font-weight: 400;\">\u00a0<\/span><span style=\"font-weight: 400;\">\u2013 Vi \u00e4r oroliga. Kommer vi kunna bo kvar och om inte, kommer vi att ha r\u00e5d att s\u00e4lja, om vi bor kvar, hur ska vi kunna beh\u00e5lla v\u00e5r h\u00e4lsa, s\u00f6mn och v\u00e4lbefinnande p\u00e5 v\u00e5ra tomter och i markerna omkring och vem tar ansvar? Ingen har hittills kunnat lindra v\u00e5r oro eller gett svar p\u00e5 dessa fr\u00e5gor, s\u00e4ger hon.<\/span><\/p>\n<figure id=\"attachment_10336\" aria-describedby=\"caption-attachment-10336\" style=\"width: 512px\" class=\"wp-caption alignnone\"><img loading=\"lazy\" decoding=\"async\" class=\"size-full wp-image-10336\" src=\"https:\/\/mkv.miun.se\/skvaderbladet\/wp-content\/uploads\/2024\/03\/nyhetssvallet-nyhetssvallet-unnamed-1-2.jpeg\" alt=\"En korth\u00e5rig kvinna sitter p\u00e5 en stol utomhus med benen i kors. Hon ler kisandes mot kameran. Till v\u00e4nster om stolen st\u00e5r en ryggs\u00e4ck.\" width=\"512\" height=\"507\" srcset=\"https:\/\/mkv.miun.se\/skvaderbladet\/wp-content\/uploads\/2024\/03\/nyhetssvallet-nyhetssvallet-unnamed-1-2.jpeg 512w, https:\/\/mkv.miun.se\/skvaderbladet\/wp-content\/uploads\/2024\/03\/nyhetssvallet-nyhetssvallet-unnamed-1-2-300x297.jpeg 300w, https:\/\/mkv.miun.se\/skvaderbladet\/wp-content\/uploads\/2024\/03\/nyhetssvallet-nyhetssvallet-unnamed-1-2-325x322.jpeg 325w\" sizes=\"auto, (max-width: 512px) 100vw, 512px\" \/><figcaption id=\"caption-attachment-10336\" class=\"wp-caption-text\">Lena Ytterstr\u00f6m utanf\u00f6r fritidshuset i n\u00e4rheten av sj\u00f6n Navarn som nu planeras omringas av 44 vindkraftverk.<br \/>\nFoto: privat.<\/figcaption><\/figure>\n<p><span class=\"mellanrubrik1\">Vill inte kommentera<\/span><\/p>\n<p><b>\u00a0<\/b><span style=\"font-weight: 400;\">Skvaderbladet har s\u00f6kt kommunpolitiker Jonas V\u00e4st som Lena Ytterstr\u00f6m riktar sig till i brevet, men han vill varken kommentera eller svara p\u00e5 n\u00e5gra fr\u00e5gor. Lena v\u00e4ntar fortfarande svar p\u00e5 de fr\u00e5gor hon st\u00e4llt kommunen, men i \u00f6vrigt h\u00e4nvisar kommunen till den p\u00e5g\u00e5ende \u00f6versiktsplaneringen. SCA vill inte heller kommentera utan h\u00e4nvisar \u00e4ven dem till samr\u00e5dsm\u00f6tet tillsammans med Sundsvalls kommun.\u00a0<\/span><\/p>\n<p>&nbsp;<\/p>\n","protected":false},"excerpt":{"rendered":"<p>Sundsvall F\u00f6rslaget fr\u00e5n SCA om att bygga tv\u00e5 vindkraftsparker i H\u00f6gsvedjan och Tj\u00e4rdalsberget i Sundsvalls kommun har f\u00e5tt stark kritik [&hellip;]<\/p>\n","protected":false},"author":287,"featured_media":0,"comment_status":"open","ping_status":"open","sticky":false,"template":"","format":"standard","meta":{"_acf_changed":false,"site-sidebar-layout":"default","site-content-layout":"","ast-site-content-layout":"default","site-content-style":"default","site-sidebar-style":"default","ast-global-header-display":"","ast-banner-title-visibility":"","ast-main-header-display":"","ast-hfb-above-header-display":"","ast-hfb-below-header-display":"","ast-hfb-mobile-header-display":"","site-post-title":"","ast-breadcrumbs-content":"","ast-featured-img":"","footer-sml-layout":"","ast-disable-related-posts":"","theme-transparent-header-meta":"","adv-header-id-meta":"","stick-header-meta":"","header-above-stick-meta":"","header-main-stick-meta":"","header-below-stick-meta":"","astra-migrate-meta-layouts":"default","ast-page-background-enabled":"default","ast-page-background-meta":{"desktop":{"background-color":"var(--ast-global-color-5)","background-image":"","background-repeat":"repeat","background-position":"center center","background-size":"auto","background-attachment":"scroll","background-type":"","background-media":"","overlay-type":"","overlay-color":"","overlay-opacity":"","overlay-gradient":""},"tablet":{"background-color":"","background-image":"","background-repeat":"repeat","background-position":"center center","background-size":"auto","background-attachment":"scroll","background-type":"","background-media":"","overlay-type":"","overlay-color":"","overlay-opacity":"","overlay-gradient":""},"mobile":{"background-color":"","background-image":"","background-repeat":"repeat","background-position":"center center","background-size":"auto","background-attachment":"scroll","background-type":"","background-media":"","overlay-type":"","overlay-color":"","overlay-opacity":"","overlay-gradient":""}},"ast-content-background-meta":{"desktop":{"background-color":"var(--ast-global-color-4)","background-image":"","background-repeat":"repeat","background-position":"center center","background-size":"auto","background-attachment":"scroll","background-type":"","background-media":"","overlay-type":"","overlay-color":"","overlay-opacity":"","overlay-gradient":""},"tablet":{"background-color":"var(--ast-global-color-4)","background-image":"","background-repeat":"repeat","background-position":"center center","background-size":"auto","background-attachment":"scroll","background-type":"","background-media":"","overlay-type":"","overlay-color":"","overlay-opacity":"","overlay-gradient":""},"mobile":{"background-color":"var(--ast-global-color-4)","background-image":"","background-repeat":"repeat","background-position":"center center","background-size":"auto","background-attachment":"scroll","background-type":"","background-media":"","overlay-type":"","overlay-color":"","overlay-opacity":"","overlay-gradient":""}},"footnotes":""},"categories":[2],"tags":[119,122,118,121,120,117],"class_list":["post-10318","post","type-post","status-publish","format-standard","hentry","category-nyheter","tag-hogsvedjan","tag-kovland","tag-sca","tag-sundsvalls-kommun","tag-tjardalsberget","tag-vindkraft"],"acf":[],"_links":{"self":[{"href":"https:\/\/mkv.miun.se\/skvaderbladet\/wp-json\/wp\/v2\/posts\/10318","targetHints":{"allow":["GET"]}}],"collection":[{"href":"https:\/\/mkv.miun.se\/skvaderbladet\/wp-json\/wp\/v2\/posts"}],"about":[{"href":"https:\/\/mkv.miun.se\/skvaderbladet\/wp-json\/wp\/v2\/types\/post"}],"author":[{"embeddable":true,"href":"https:\/\/mkv.miun.se\/skvaderbladet\/wp-json\/wp\/v2\/users\/287"}],"replies":[{"embeddable":true,"href":"https:\/\/mkv.miun.se\/skvaderbladet\/wp-json\/wp\/v2\/comments?post=10318"}],"version-history":[{"count":0,"href":"https:\/\/mkv.miun.se\/skvaderbladet\/wp-json\/wp\/v2\/posts\/10318\/revisions"}],"wp:attachment":[{"href":"https:\/\/mkv.miun.se\/skvaderbladet\/wp-json\/wp\/v2\/media?parent=10318"}],"wp:term":[{"taxonomy":"category","embeddable":true,"href":"https:\/\/mkv.miun.se\/skvaderbladet\/wp-json\/wp\/v2\/categories?post=10318"},{"taxonomy":"post_tag","embeddable":true,"href":"https:\/\/mkv.miun.se\/skvaderbladet\/wp-json\/wp\/v2\/tags?post=10318"}],"curies":[{"name":"wp","href":"https:\/\/api.w.org\/{rel}","templated":true}]}}