{"id":10308,"date":"2024-03-08T14:11:46","date_gmt":"2024-03-08T13:11:46","guid":{"rendered":"https:\/\/mkv.miun.se\/skvaderbladet\/?p=10308"},"modified":"2024-03-11T08:41:36","modified_gmt":"2024-03-11T07:41:36","slug":"barnbok-blir-teater-tre-generationer-knasbollar","status":"publish","type":"post","link":"https:\/\/mkv.miun.se\/skvaderbladet\/barnbok-blir-teater-tre-generationer-knasbollar\/","title":{"rendered":"Barnbok blir teater \u2013 tre generationer knasbollar"},"content":{"rendered":"<p><span class=\"ingress\"><span class=\"ortsdatering\">Sundsvall, 07-03-2024<\/span><\/span><\/p>\n<p><b>En pratglad sm\u00e5tt galen pappa med morgonrock och tehuva p\u00e5 huvudet bor tillsammans med sin son p\u00e5 en g\u00e5rd. I vedboden bor farfar Dartanjang som skriver tabeller och vaknar med en ny personlighet varje morgon. <\/b><b>Teater V\u00e4sternorrlands Loranga, Masarin och Dartanjang har allt man \u00f6nskar i en barnteater. I salongen bubblar skrattet, men inte utan en olustig k\u00e4nsla i hj\u00e4rtegropen.<\/b><\/p>\n<p><span style=\"font-weight: 400;\">Barnboken Loranga, Masarin och Dartanjang skrevs och illustrerades 1969 <\/span><span style=\"font-weight: 400;\">av Barbro Lindgren<\/span><span style=\"font-weight: 400;\">. Boken har sedan dess \u00e5tergivits flera g\u00e5nger som bland annat talbok, datorspel och som opera p\u00e5 Kungliga Operan 2006. Nu s\u00e4tts den upp p\u00e5 Teater V\u00e4sternorrland som en allt annat \u00e4n h\u00e4ndelsefattig f\u00f6rest\u00e4llning full av popmusik och humor. N\u00e4r ljuset g\u00e5r upp i den lilla salongen riktas str\u00e5lkastarna p\u00e5 tv\u00e5 n\u00e4stintill f\u00f6rfallna hus och en st\u00f6kig tr\u00e4dg\u00e5rd med tillh\u00f6rande skrot av diverse sorter. P\u00e5 scenen utspelar sig en ber\u00e4ttelse om pojken Masarin, pappa Loranga och farfar Dartanjang. I huset bor tigrar som endast \u00e4ter korv och l\u00e4ngs f\u00f6rest\u00e4llningens g\u00e5ng dyker flera starka komiska figurer upp. Som att inte det var nog hotar st\u00e4ndigt tigrarnas hungriga vr\u00e5l inifr\u00e5n huset och arga grannen som hela tiden hotar med att anm\u00e4la familjen till l\u00e4nsstyrelsen.<\/span><\/p>\n<figure id=\"attachment_10329\" aria-describedby=\"caption-attachment-10329\" style=\"width: 720px\" class=\"wp-caption alignnone\"><img loading=\"lazy\" decoding=\"async\" class=\"size-fullstory wp-image-10329\" src=\"https:\/\/mkv.miun.se\/skvaderbladet\/wp-content\/uploads\/2024\/03\/nyhetssvallet-kl-mazarin-960x540.jpg\" alt=\"Ensemblen f\u00f6r pj\u00e4sen st\u00e5r p\u00e5 scenen och mottar folks appl\u00e5der\" width=\"720\" height=\"405\" srcset=\"https:\/\/mkv.miun.se\/skvaderbladet\/wp-content\/uploads\/2024\/03\/nyhetssvallet-kl-mazarin-960x540.jpg 960w, https:\/\/mkv.miun.se\/skvaderbladet\/wp-content\/uploads\/2024\/03\/nyhetssvallet-kl-mazarin-300x169.jpg 300w, https:\/\/mkv.miun.se\/skvaderbladet\/wp-content\/uploads\/2024\/03\/nyhetssvallet-kl-mazarin-725x408.jpg 725w, https:\/\/mkv.miun.se\/skvaderbladet\/wp-content\/uploads\/2024\/03\/nyhetssvallet-kl-mazarin-768x432.jpg 768w, https:\/\/mkv.miun.se\/skvaderbladet\/wp-content\/uploads\/2024\/03\/nyhetssvallet-kl-mazarin-1536x864.jpg 1536w, https:\/\/mkv.miun.se\/skvaderbladet\/wp-content\/uploads\/2024\/03\/nyhetssvallet-kl-mazarin-730x411.jpg 730w, https:\/\/mkv.miun.se\/skvaderbladet\/wp-content\/uploads\/2024\/03\/nyhetssvallet-kl-mazarin-325x183.jpg 325w, https:\/\/mkv.miun.se\/skvaderbladet\/wp-content\/uploads\/2024\/03\/nyhetssvallet-kl-mazarin-650x366.jpg 650w, https:\/\/mkv.miun.se\/skvaderbladet\/wp-content\/uploads\/2024\/03\/nyhetssvallet-kl-mazarin.jpg 1920w\" sizes=\"auto, (max-width: 720px) 100vw, 720px\" \/><figcaption id=\"caption-attachment-10329\" class=\"wp-caption-text\">En ensemble p\u00e5 totalt 8 personer inklusive musiker. Foto: Kajsa Linnea Holmqvist<\/figcaption><\/figure>\n<p><span class=\"mellanrubrik1\">Total absurdism<\/span><\/p>\n<p><span style=\"font-weight: 400;\">Ensemblen \u00e4r mycket samspelta p\u00e5 ett s\u00e4tt som det n\u00e4stan m\u00e5ste vara i barnteater. Det \u00e4r en ensemble p\u00e5 sex personer plus de tv\u00e5 musikerna som inte s\u00e4llan integrerar med sk\u00e5despelarna p\u00e5 scenen. Det \u00e4r kul, och karakt\u00e4rernas totala absurdhet och komiska egenheter smittar av sig i form av en l\u00e4ttsam lustfylld k\u00e4nsla i salongen. Vuxna som barn skrattar och reagerar \u00e5t de covers-liknande slagd\u00e4ngorna och fartfyllda dansnumren som g\u00e5r i ett. Det g\u00e5r undan och det \u00e4r bra, inte minst Loranga, som Alfred Tobiasson g\u00f6r med en s\u00e5dan sj\u00e4lvklarhet s\u00e5 det k\u00e4nns fullkomligt naturligt n\u00e4r han springer runt i badrock och tehuva som m\u00f6ssa och spelar hockey med sopkvast och bulle.<\/span><\/p>\n<p><b>\u00a0<\/b><b>\u201dSl\u00f6sa bort sina b\u00e4sta \u00e5r p\u00e5 att skaffa ett arbete\u201d<\/b><\/p>\n<p><span style=\"font-weight: 400;\">Pappa Loranga v\u00e4grar jobba och skola f\u00f6r Masarin kommer inte p\u00e5 fr\u00e5ga enligt honom, han \u00e4r hellre hemma och leker och busar med Masarin. <\/span><span style=\"font-weight: 400;\">\u201dSl\u00f6sa bort sina b\u00e4sta \u00e5r p\u00e5 att skaffa ett arbete, Vem skall d\u00e5 leka med Mazarin?\u201d, utbrister Loranga.<\/span><\/p>\n<p><span style=\"font-weight: 400;\">Loranga \u00e4r rena motsatsen till curling-f\u00f6r\u00e4ldern. Han vinner i alla t\u00e4vlingar, best\u00e4mmer vad de ska leka och vad som passar och inte. Trots en ofta tydlig arrogans, obryddhet och egocentrisk Loranga \u00e4r det alltid k\u00e4rleken till Masarin som i slut\u00e4ndan lyser starkast. I aktpaus l\u00e4mnas vi med en delad k\u00e4nsla. Det blir tydligt att det \u00e4r barnet som tar det vuxna ansvaret, och mitt i de humoristiska och stolliga b\u00f6rjar det v\u00e4xa en annan tanke. <\/span><\/p>\n<figure id=\"attachment_10316\" aria-describedby=\"caption-attachment-10316\" style=\"width: 460px\" class=\"wp-caption alignnone\"><img loading=\"lazy\" decoding=\"async\" class=\"size-full wp-image-10316\" src=\"https:\/\/mkv.miun.se\/skvaderbladet\/wp-content\/uploads\/2024\/03\/nyhetssvallet-skv24-5876-srgb.jpg\" alt=\"Tv\u00e5 m\u00e4n sitter p\u00e5 en cykel. De som sitter l\u00e4ngst fram ser r\u00e4dd ut, medan den som \u00e4r l\u00e4ngst bak str\u00e4cker ut med armarna.\" width=\"460\" height=\"610\" srcset=\"https:\/\/mkv.miun.se\/skvaderbladet\/wp-content\/uploads\/2024\/03\/nyhetssvallet-skv24-5876-srgb.jpg 460w, https:\/\/mkv.miun.se\/skvaderbladet\/wp-content\/uploads\/2024\/03\/nyhetssvallet-skv24-5876-srgb-226x300.jpg 226w, https:\/\/mkv.miun.se\/skvaderbladet\/wp-content\/uploads\/2024\/03\/nyhetssvallet-skv24-5876-srgb-325x431.jpg 325w\" sizes=\"auto, (max-width: 460px) 100vw, 460px\" \/><figcaption id=\"caption-attachment-10316\" class=\"wp-caption-text\">Foto: Teater V\u00e4sternorrland, pressfoto<\/figcaption><\/figure>\n<p><span class=\"mellanrubrik1\">Som barnteater ska vara<\/span><\/p>\n<p><span style=\"font-weight: 400;\">Vi l\u00e4mnar teatern med fr\u00e5gan om hur en bra f\u00f6r\u00e4lder egentligen ska vara, och vad \u00e4r det viktigaste i livet? \u00c4r k\u00e4rlek att ta ansvar och arbeta och tj\u00e4na pengar, eller att vara hemma och leka med sitt barn? Fr\u00e5gan kring hur mycket den lustfyllda principen ska f\u00e5 ta plats i livet och vem \u00e4r det som ska b\u00e4ra ansvar \u00f6ver den situation man \u00e4r i? Kanske inspirerades Barbro Lindgren av den tidsepok hon sj\u00e4lv levde i och de fr\u00e5gor och tankar som var aktuella d\u00e5, men ocks\u00e5 nu.\u00a0<\/span><\/p>\n<p><span style=\"font-weight: 400;\">Det finns n\u00e5got djupare bakomliggande i den h\u00e4r pj\u00e4sen, som det brukar vara i teater och speciellt i barnteatersammanhang. Igenk\u00e4nningsfaktorn \u00e4r h\u00f6g och likas\u00e5 barn som vuxna kan k\u00e4nna igen sig i alla de olika karakt\u00e4rerna som entrar scenen, precis som det ska vara p\u00e5 teatern.<\/span><\/p>\n<p><span style=\"font-weight: 400;\">F\u00f6rest\u00e4llningen spelas p\u00e5 Teater V\u00e4sternorrland fram till den 11 maj.<\/span><\/p>\n<p><b>Av:<\/b><span style=\"font-weight: 400;\"> Barbro Lindgren<\/span><span style=\"font-weight: 400;\"><br \/>\n<\/span><b>Dramatisering:<\/b><span style=\"font-weight: 400;\"> Mats Kjelbye<\/span><span style=\"font-weight: 400;\"><br \/>\n<\/span><b>Dramaturg:<\/b><span style=\"font-weight: 400;\"> Alexandra Loonin<\/span><span style=\"font-weight: 400;\"><br \/>\n<\/span><b>Teaterf\u00f6rlag:<\/b><span style=\"font-weight: 400;\"> Colombine<\/span><span style=\"font-weight: 400;\"><br \/>\n<\/span><b>Bokf\u00f6rlag:<\/b><span style=\"font-weight: 400;\"> Folmer Hansen<\/span><span style=\"font-weight: 400;\"><br \/>\n<\/span><b>Bearbetning:<\/b><span style=\"font-weight: 400;\"> Lars Bring\u00e5s<\/span><span style=\"font-weight: 400;\"><br \/>\n<\/span><b>Regi:<\/b><span style=\"font-weight: 400;\"> Lars Bring\u00e5s<\/span><span style=\"font-weight: 400;\"><br \/>\n<\/span><b>Scenografi och kostymdesign:<\/b><span style=\"font-weight: 400;\"> Josefin Hinders<\/span><span style=\"font-weight: 400;\"><br \/>\n<\/span><b>Ljusdesign:<\/b><span style=\"font-weight: 400;\"> Erik Nordlander<\/span><span style=\"font-weight: 400;\"><br \/>\n<\/span><b>Koreografiskt \u00f6ga\/bollplank:<\/b><span style=\"font-weight: 400;\"> Louise Peterhoff<\/span><span style=\"font-weight: 400;\"><br \/>\n<\/span><b>Maskdesign:<\/b><span style=\"font-weight: 400;\"> Jessica Hedin<\/span><span style=\"font-weight: 400;\"><br \/>\n<\/span><b>Komposition\/arrangemang:<\/b><span style=\"font-weight: 400;\"> Mathias Venge<\/span><span style=\"font-weight: 400;\"><br \/>\n<\/span><b>Medverkande:<\/b><span style=\"font-weight: 400;\"> Alfred Tobiasson, Frida Bagri, Gisela Nilsson, Ellen Hennig \u00d6hrstr\u00f6m, Anders Hennig \u00d6hrstr\u00f6m och Robert Hannouch.<\/span><\/p>\n<p><span style=\"font-weight: 400;\">Robin East, Kapellm\u00e4stare och piano<\/span><span style=\"font-weight: 400;\"><br \/>\n<\/span><span style=\"font-weight: 400;\">Daniella Eriksson Dahlstr\u00f6m, bas och gitarr<\/span><\/p>\n","protected":false},"excerpt":{"rendered":"<p>Sundsvall, 07-03-2024 En pratglad sm\u00e5tt galen pappa med morgonrock och tehuva p\u00e5 huvudet bor tillsammans med sin son p\u00e5 en [&hellip;]<\/p>\n","protected":false},"author":287,"featured_media":0,"comment_status":"open","ping_status":"open","sticky":false,"template":"","format":"standard","meta":{"_acf_changed":false,"site-sidebar-layout":"default","site-content-layout":"","ast-site-content-layout":"default","site-content-style":"default","site-sidebar-style":"default","ast-global-header-display":"","ast-banner-title-visibility":"","ast-main-header-display":"","ast-hfb-above-header-display":"","ast-hfb-below-header-display":"","ast-hfb-mobile-header-display":"","site-post-title":"","ast-breadcrumbs-content":"","ast-featured-img":"","footer-sml-layout":"","ast-disable-related-posts":"","theme-transparent-header-meta":"","adv-header-id-meta":"","stick-header-meta":"","header-above-stick-meta":"","header-main-stick-meta":"","header-below-stick-meta":"","astra-migrate-meta-layouts":"default","ast-page-background-enabled":"default","ast-page-background-meta":{"desktop":{"background-color":"var(--ast-global-color-5)","background-image":"","background-repeat":"repeat","background-position":"center center","background-size":"auto","background-attachment":"scroll","background-type":"","background-media":"","overlay-type":"","overlay-color":"","overlay-opacity":"","overlay-gradient":""},"tablet":{"background-color":"","background-image":"","background-repeat":"repeat","background-position":"center center","background-size":"auto","background-attachment":"scroll","background-type":"","background-media":"","overlay-type":"","overlay-color":"","overlay-opacity":"","overlay-gradient":""},"mobile":{"background-color":"","background-image":"","background-repeat":"repeat","background-position":"center center","background-size":"auto","background-attachment":"scroll","background-type":"","background-media":"","overlay-type":"","overlay-color":"","overlay-opacity":"","overlay-gradient":""}},"ast-content-background-meta":{"desktop":{"background-color":"var(--ast-global-color-4)","background-image":"","background-repeat":"repeat","background-position":"center center","background-size":"auto","background-attachment":"scroll","background-type":"","background-media":"","overlay-type":"","overlay-color":"","overlay-opacity":"","overlay-gradient":""},"tablet":{"background-color":"var(--ast-global-color-4)","background-image":"","background-repeat":"repeat","background-position":"center center","background-size":"auto","background-attachment":"scroll","background-type":"","background-media":"","overlay-type":"","overlay-color":"","overlay-opacity":"","overlay-gradient":""},"mobile":{"background-color":"var(--ast-global-color-4)","background-image":"","background-repeat":"repeat","background-position":"center center","background-size":"auto","background-attachment":"scroll","background-type":"","background-media":"","overlay-type":"","overlay-color":"","overlay-opacity":"","overlay-gradient":""}},"footnotes":""},"categories":[4],"tags":[104,105,68],"class_list":["post-10308","post","type-post","status-publish","format-standard","hentry","category-kultur","tag-barn","tag-barnteater","tag-kultur"],"acf":[],"_links":{"self":[{"href":"https:\/\/mkv.miun.se\/skvaderbladet\/wp-json\/wp\/v2\/posts\/10308","targetHints":{"allow":["GET"]}}],"collection":[{"href":"https:\/\/mkv.miun.se\/skvaderbladet\/wp-json\/wp\/v2\/posts"}],"about":[{"href":"https:\/\/mkv.miun.se\/skvaderbladet\/wp-json\/wp\/v2\/types\/post"}],"author":[{"embeddable":true,"href":"https:\/\/mkv.miun.se\/skvaderbladet\/wp-json\/wp\/v2\/users\/287"}],"replies":[{"embeddable":true,"href":"https:\/\/mkv.miun.se\/skvaderbladet\/wp-json\/wp\/v2\/comments?post=10308"}],"version-history":[{"count":0,"href":"https:\/\/mkv.miun.se\/skvaderbladet\/wp-json\/wp\/v2\/posts\/10308\/revisions"}],"wp:attachment":[{"href":"https:\/\/mkv.miun.se\/skvaderbladet\/wp-json\/wp\/v2\/media?parent=10308"}],"wp:term":[{"taxonomy":"category","embeddable":true,"href":"https:\/\/mkv.miun.se\/skvaderbladet\/wp-json\/wp\/v2\/categories?post=10308"},{"taxonomy":"post_tag","embeddable":true,"href":"https:\/\/mkv.miun.se\/skvaderbladet\/wp-json\/wp\/v2\/tags?post=10308"}],"curies":[{"name":"wp","href":"https:\/\/api.w.org\/{rel}","templated":true}]}}