{"id":10286,"date":"2024-03-08T15:47:30","date_gmt":"2024-03-08T14:47:30","guid":{"rendered":"https:\/\/mkv.miun.se\/skvaderbladet\/?p=10286"},"modified":"2024-03-11T10:26:22","modified_gmt":"2024-03-11T09:26:22","slug":"infor-gif-sundsvall-mot-sandvikens-if","status":"publish","type":"post","link":"https:\/\/mkv.miun.se\/skvaderbladet\/infor-gif-sundsvall-mot-sandvikens-if\/","title":{"rendered":"Inf\u00f6r GIF Sundsvall mot Sandvikens IF"},"content":{"rendered":"<p><b><span class=\"ingress\">\u201cGiffarna\u201d har tv\u00e5 tr\u00e4ningsmatcher kvar innan serien drar ig\u00e5ng den 30 mars mot \u00d6stersunds FK. P\u00e5 tal om Norrlandsderby s\u00e5 \u00e4r det just det som v\u00e4ntar mot seriekonkurrenten Sandvikens IF p\u00e5 s\u00f6ndag den tionde mars. Fokus ligger p\u00e5 att spela ihop den nykomponerade truppen<\/span>.<\/b><\/p>\n<p><span style=\"font-weight: 400;\">Svenska cupen har varit n\u00e5gorlunda lyckad f\u00f6r Sundsvall i en v\u00e4ldigt tuff grupp, med tre allsvenska lag. Man f\u00f6rlorade knappt mot b\u00e5de Hammarby IF och Mj\u00e4llby AIF i de tv\u00e5 f\u00f6rsta matcherna och avslutade sedan med ett kryss mot V\u00e4ster\u00e5s SK. <\/span><span style=\"font-weight: 400;\">Noterbart \u00e4r dessutom att alla tre matcher spelades p\u00e5 bortaplan. Detta efter att hemmamatchen mot Hammarby flyttades fr\u00e5n Nordichallen till Tele2 Arena.\u00a0\u00a0<\/span><\/p>\n<p><span class=\"mellanrubrik1\"><b>Ers\u00e4ttare till Pichkah<\/b><\/span><\/p>\n<p><b>\u00a0<\/b><span style=\"font-weight: 400;\">Ett nyf\u00f6rv\u00e4rv vi \u00e4nnu inte f\u00e5tt se \u00e4r spanjoren Marc Manch\u00f3n, 26. V\u00e4rvningen av den centrala mittf\u00e4ltaren presenterades den 24 februari men han har inte hunnit bli spelklar till n\u00e5gon av matcherna i svenska cupen.<\/span><\/p>\n<p><span style=\"font-weight: 400;\">Han f\u00f6rv\u00e4ntas d\u00e4rf\u00f6r f\u00e5 sina f\u00f6rsta minuter f\u00f6r klubben i matchen mot Sandviken. Manch\u00f3n kommer fr\u00e5n klubben Cerdanyola FC, fr\u00e5n den spanska fj\u00e4rdedivisionen. Han \u00e4r fostrad i storklubben RCD Espanyol, fr\u00e5n Barcelona.<\/span><\/p>\n<p><span style=\"font-weight: 400;\">Marc har flitigt j\u00e4mf\u00f6rts med den f\u00f6re detta GIF-spelaren Paya Pichkah. Pichkah, som tidigare i vinter l\u00e4mnat f\u00f6r allsvenska Brommapojkarna, uts\u00e5gs till Sundsvalls b\u00e4sta spelare s\u00e4songen 2023.\u00a0\u00a0<\/span><\/p>\n<p><span style=\"font-weight: 400;\">\u00a0\u2013 Marc Manch\u00f3n \u00e4r en defensivt mycket duktig spelare och hj\u00e4lper laget till att bli ett mer pressande lag och \u00e4r dessutom skicklig p\u00e5 att hantera defensiva omst\u00e4llningar. Han har goda ledaregenskaper och \u00e4r duktig p\u00e5 att styra sina lagkamrater och f\u00f6rst\u00e5r vad laget beh\u00f6ver. Som central mittf\u00e4ltare i v\u00e5rt lag \u00e4r du ett nav i det offensiva spel och det kommer Marc att klara utm\u00e4rkt!, s\u00e4ger GIF Sundsvalls sportchef Joel Cedergren till klubbens webbplats.\u00a0<\/span><\/p>\n<p><span class=\"mellanrubrik1\"><b>Norrlands mesta allsvenska lag<\/b><\/span><\/p>\n<p><span style=\"font-weight: 400;\">Sandvikens IF \u00e4r det Norrlandslag som har tillbringat flest s\u00e4songer i Sveriges h\u00f6gsta division. Med det sagt har man inte varit uppe sedan s\u00e4songen 1961.\u00a0<\/span><\/p>\n<p><span style=\"font-weight: 400;\">Nu har man precis tagit steget upp till superettan. Med Eldar Abdulic bakom rodret kommer \u201cR\u00f6dv\u00e4starna\u201d f\u00e5 k\u00e4mpa f\u00f6r ett f\u00f6rnyat kontrakt till s\u00e4songen 2025.<\/span><\/p>\n<p>&nbsp;<\/p>\n<p><span style=\"font-weight: 400;\">GIF Sundsvall &#8211; Sandvikens IF spelas 16:00 den 10 mars, p\u00e5 NP3 Arena.\u00a0\u00a0\u00a0\u00a0<\/span><\/p>\n<p><br style=\"font-weight: 400;\" \/><br \/>\n<br style=\"font-weight: 400;\" \/><\/p>\n","protected":false},"excerpt":{"rendered":"<p>\u201cGiffarna\u201d har tv\u00e5 tr\u00e4ningsmatcher kvar innan serien drar ig\u00e5ng den 30 mars mot \u00d6stersunds FK. P\u00e5 tal om Norrlandsderby s\u00e5 [&hellip;]<\/p>\n","protected":false},"author":287,"featured_media":0,"comment_status":"open","ping_status":"open","sticky":false,"template":"","format":"standard","meta":{"_acf_changed":false,"site-sidebar-layout":"default","site-content-layout":"","ast-site-content-layout":"default","site-content-style":"default","site-sidebar-style":"default","ast-global-header-display":"","ast-banner-title-visibility":"","ast-main-header-display":"","ast-hfb-above-header-display":"","ast-hfb-below-header-display":"","ast-hfb-mobile-header-display":"","site-post-title":"","ast-breadcrumbs-content":"","ast-featured-img":"","footer-sml-layout":"","ast-disable-related-posts":"","theme-transparent-header-meta":"","adv-header-id-meta":"","stick-header-meta":"","header-above-stick-meta":"","header-main-stick-meta":"","header-below-stick-meta":"","astra-migrate-meta-layouts":"default","ast-page-background-enabled":"default","ast-page-background-meta":{"desktop":{"background-color":"var(--ast-global-color-5)","background-image":"","background-repeat":"repeat","background-position":"center center","background-size":"auto","background-attachment":"scroll","background-type":"","background-media":"","overlay-type":"","overlay-color":"","overlay-opacity":"","overlay-gradient":""},"tablet":{"background-color":"","background-image":"","background-repeat":"repeat","background-position":"center center","background-size":"auto","background-attachment":"scroll","background-type":"","background-media":"","overlay-type":"","overlay-color":"","overlay-opacity":"","overlay-gradient":""},"mobile":{"background-color":"","background-image":"","background-repeat":"repeat","background-position":"center center","background-size":"auto","background-attachment":"scroll","background-type":"","background-media":"","overlay-type":"","overlay-color":"","overlay-opacity":"","overlay-gradient":""}},"ast-content-background-meta":{"desktop":{"background-color":"var(--ast-global-color-4)","background-image":"","background-repeat":"repeat","background-position":"center center","background-size":"auto","background-attachment":"scroll","background-type":"","background-media":"","overlay-type":"","overlay-color":"","overlay-opacity":"","overlay-gradient":""},"tablet":{"background-color":"var(--ast-global-color-4)","background-image":"","background-repeat":"repeat","background-position":"center center","background-size":"auto","background-attachment":"scroll","background-type":"","background-media":"","overlay-type":"","overlay-color":"","overlay-opacity":"","overlay-gradient":""},"mobile":{"background-color":"var(--ast-global-color-4)","background-image":"","background-repeat":"repeat","background-position":"center center","background-size":"auto","background-attachment":"scroll","background-type":"","background-media":"","overlay-type":"","overlay-color":"","overlay-opacity":"","overlay-gradient":""}},"footnotes":""},"categories":[5],"tags":[102,111,112,113,37],"class_list":["post-10286","post","type-post","status-publish","format-standard","hentry","category-sport","tag-fotboll","tag-gif","tag-sandviken","tag-sandvikens-if","tag-sundsvall"],"acf":[],"_links":{"self":[{"href":"https:\/\/mkv.miun.se\/skvaderbladet\/wp-json\/wp\/v2\/posts\/10286","targetHints":{"allow":["GET"]}}],"collection":[{"href":"https:\/\/mkv.miun.se\/skvaderbladet\/wp-json\/wp\/v2\/posts"}],"about":[{"href":"https:\/\/mkv.miun.se\/skvaderbladet\/wp-json\/wp\/v2\/types\/post"}],"author":[{"embeddable":true,"href":"https:\/\/mkv.miun.se\/skvaderbladet\/wp-json\/wp\/v2\/users\/287"}],"replies":[{"embeddable":true,"href":"https:\/\/mkv.miun.se\/skvaderbladet\/wp-json\/wp\/v2\/comments?post=10286"}],"version-history":[{"count":0,"href":"https:\/\/mkv.miun.se\/skvaderbladet\/wp-json\/wp\/v2\/posts\/10286\/revisions"}],"wp:attachment":[{"href":"https:\/\/mkv.miun.se\/skvaderbladet\/wp-json\/wp\/v2\/media?parent=10286"}],"wp:term":[{"taxonomy":"category","embeddable":true,"href":"https:\/\/mkv.miun.se\/skvaderbladet\/wp-json\/wp\/v2\/categories?post=10286"},{"taxonomy":"post_tag","embeddable":true,"href":"https:\/\/mkv.miun.se\/skvaderbladet\/wp-json\/wp\/v2\/tags?post=10286"}],"curies":[{"name":"wp","href":"https:\/\/api.w.org\/{rel}","templated":true}]}}