{"id":10284,"date":"2024-03-08T11:59:59","date_gmt":"2024-03-08T10:59:59","guid":{"rendered":"https:\/\/mkv.miun.se\/skvaderbladet\/?p=10284"},"modified":"2024-03-08T11:59:59","modified_gmt":"2024-03-08T10:59:59","slug":"alexander-larsson-lamnar-gif-sundsvall","status":"publish","type":"post","link":"https:\/\/mkv.miun.se\/skvaderbladet\/alexander-larsson-lamnar-gif-sundsvall\/","title":{"rendered":"Alexander Larsson l\u00e4mnar GIF Sundsvall"},"content":{"rendered":"<figure id=\"attachment_10291\" aria-describedby=\"caption-attachment-10291\" style=\"width: 300px\" class=\"wp-caption alignnone\"><img loading=\"lazy\" decoding=\"async\" class=\"size-medium wp-image-10291\" src=\"https:\/\/mkv.miun.se\/skvaderbladet\/wp-content\/uploads\/2024\/03\/nyhetssvallet-431608380-3273131519649550-3332321147629376895-n-300x225.jpeg\" alt=\"GIF Sundsvall st\u00e4ller upp inf\u00f6r Superettan match\" width=\"300\" height=\"225\" srcset=\"https:\/\/mkv.miun.se\/skvaderbladet\/wp-content\/uploads\/2024\/03\/nyhetssvallet-431608380-3273131519649550-3332321147629376895-n-300x225.jpeg 300w, https:\/\/mkv.miun.se\/skvaderbladet\/wp-content\/uploads\/2024\/03\/nyhetssvallet-431608380-3273131519649550-3332321147629376895-n-325x243.jpeg 325w, https:\/\/mkv.miun.se\/skvaderbladet\/wp-content\/uploads\/2024\/03\/nyhetssvallet-431608380-3273131519649550-3332321147629376895-n.jpeg 538w\" sizes=\"auto, (max-width: 300px) 100vw, 300px\" \/><figcaption id=\"caption-attachment-10291\" class=\"wp-caption-text\">GIF Sundsvall mot BK Utsiktens i h\u00f6stas<br \/>\nAv: Philip B\u00f6thun<\/figcaption><\/figure>\n<p><strong>GIF Sundsvalls anfallare Alexander Larsson, 20 l\u00e4mnar klubben f\u00f6r Ume\u00e5 FC.\u00a0<\/strong><\/p>\n<p>D\u00e5 var det officiellt. &#8221;Giffarnas&#8221; unga anfallare Alexander Larsson \u00e4r s\u00e5ld till division 1 laget Ume\u00e5 FC. Han kommenterar till Sundsvalls hemsida:\u00a0<\/p>\n<p>\u2013 Jag \u00e4r tacksam f\u00f6r tiden hos Giffarna och alla i och runt klubben som har st\u00f6ttat mig. Vill ocks\u00e5 rikta ett stort tack till supportrarna som alltid har visat st\u00f6d i alla situationer. \u00d6nskar er alla ett stort lycka till, s\u00e4ger Alexander Larsson via Sundsvalls hemsida.<\/p>\n<p>Larssson kommer att spela i tr\u00f6jnummer 9 och kontraktet hos Ume\u00e5 FC \u00e4r skrivet p\u00e5 tv\u00e5 \u00e5r.\u00a0<\/p>\n","protected":false},"excerpt":{"rendered":"<p>GIF Sundsvalls anfallare Alexander Larsson, 20 l\u00e4mnar klubben f\u00f6r Ume\u00e5 FC.\u00a0 D\u00e5 var det officiellt. &#8221;Giffarnas&#8221; unga anfallare Alexander Larsson [&hellip;]<\/p>\n","protected":false},"author":287,"featured_media":0,"comment_status":"open","ping_status":"open","sticky":false,"template":"","format":"standard","meta":{"_acf_changed":false,"site-sidebar-layout":"default","site-content-layout":"","ast-site-content-layout":"default","site-content-style":"default","site-sidebar-style":"default","ast-global-header-display":"","ast-banner-title-visibility":"","ast-main-header-display":"","ast-hfb-above-header-display":"","ast-hfb-below-header-display":"","ast-hfb-mobile-header-display":"","site-post-title":"","ast-breadcrumbs-content":"","ast-featured-img":"","footer-sml-layout":"","ast-disable-related-posts":"","theme-transparent-header-meta":"","adv-header-id-meta":"","stick-header-meta":"","header-above-stick-meta":"","header-main-stick-meta":"","header-below-stick-meta":"","astra-migrate-meta-layouts":"default","ast-page-background-enabled":"default","ast-page-background-meta":{"desktop":{"background-color":"var(--ast-global-color-5)","background-image":"","background-repeat":"repeat","background-position":"center center","background-size":"auto","background-attachment":"scroll","background-type":"","background-media":"","overlay-type":"","overlay-color":"","overlay-opacity":"","overlay-gradient":""},"tablet":{"background-color":"","background-image":"","background-repeat":"repeat","background-position":"center center","background-size":"auto","background-attachment":"scroll","background-type":"","background-media":"","overlay-type":"","overlay-color":"","overlay-opacity":"","overlay-gradient":""},"mobile":{"background-color":"","background-image":"","background-repeat":"repeat","background-position":"center center","background-size":"auto","background-attachment":"scroll","background-type":"","background-media":"","overlay-type":"","overlay-color":"","overlay-opacity":"","overlay-gradient":""}},"ast-content-background-meta":{"desktop":{"background-color":"var(--ast-global-color-4)","background-image":"","background-repeat":"repeat","background-position":"center center","background-size":"auto","background-attachment":"scroll","background-type":"","background-media":"","overlay-type":"","overlay-color":"","overlay-opacity":"","overlay-gradient":""},"tablet":{"background-color":"var(--ast-global-color-4)","background-image":"","background-repeat":"repeat","background-position":"center center","background-size":"auto","background-attachment":"scroll","background-type":"","background-media":"","overlay-type":"","overlay-color":"","overlay-opacity":"","overlay-gradient":""},"mobile":{"background-color":"var(--ast-global-color-4)","background-image":"","background-repeat":"repeat","background-position":"center center","background-size":"auto","background-attachment":"scroll","background-type":"","background-media":"","overlay-type":"","overlay-color":"","overlay-opacity":"","overlay-gradient":""}},"footnotes":""},"categories":[2,5],"tags":[103,102,101],"class_list":["post-10284","post","type-post","status-publish","format-standard","hentry","category-nyheter","category-sport","tag-alexander-larsson","tag-fotboll","tag-gif-sundsvall"],"acf":[],"_links":{"self":[{"href":"https:\/\/mkv.miun.se\/skvaderbladet\/wp-json\/wp\/v2\/posts\/10284","targetHints":{"allow":["GET"]}}],"collection":[{"href":"https:\/\/mkv.miun.se\/skvaderbladet\/wp-json\/wp\/v2\/posts"}],"about":[{"href":"https:\/\/mkv.miun.se\/skvaderbladet\/wp-json\/wp\/v2\/types\/post"}],"author":[{"embeddable":true,"href":"https:\/\/mkv.miun.se\/skvaderbladet\/wp-json\/wp\/v2\/users\/287"}],"replies":[{"embeddable":true,"href":"https:\/\/mkv.miun.se\/skvaderbladet\/wp-json\/wp\/v2\/comments?post=10284"}],"version-history":[{"count":0,"href":"https:\/\/mkv.miun.se\/skvaderbladet\/wp-json\/wp\/v2\/posts\/10284\/revisions"}],"wp:attachment":[{"href":"https:\/\/mkv.miun.se\/skvaderbladet\/wp-json\/wp\/v2\/media?parent=10284"}],"wp:term":[{"taxonomy":"category","embeddable":true,"href":"https:\/\/mkv.miun.se\/skvaderbladet\/wp-json\/wp\/v2\/categories?post=10284"},{"taxonomy":"post_tag","embeddable":true,"href":"https:\/\/mkv.miun.se\/skvaderbladet\/wp-json\/wp\/v2\/tags?post=10284"}],"curies":[{"name":"wp","href":"https:\/\/api.w.org\/{rel}","templated":true}]}}