{"id":10270,"date":"2024-03-08T11:16:56","date_gmt":"2024-03-08T10:16:56","guid":{"rendered":"https:\/\/mkv.miun.se\/skvaderbladet\/?p=10270"},"modified":"2024-03-08T11:16:56","modified_gmt":"2024-03-08T10:16:56","slug":"internationella-kvinnodagen-sundsvallsbornas-hyllningar","status":"publish","type":"post","link":"https:\/\/mkv.miun.se\/skvaderbladet\/internationella-kvinnodagen-sundsvallsbornas-hyllningar\/","title":{"rendered":"Internationella kvinnodagen &#8211; Sundsvallsbornas hyllningar"},"content":{"rendered":"<p><span class=\"ortsdatering\">Sundsvall 08-03-24<\/span><\/p>\n<p><span class=\"ingress\">I samband med internationella kvinnodagen, var Skvaderbladet ute p\u00e5 stan f\u00f6r att fr\u00e5ga Sundsvallsborna om vem de vill hylla idag.\u00a0<\/span><\/p>\n<figure id=\"attachment_10272\" aria-describedby=\"caption-attachment-10272\" style=\"width: 720px\" class=\"wp-caption alignnone\"><img loading=\"lazy\" decoding=\"async\" class=\"size-fullstory wp-image-10272\" src=\"https:\/\/mkv.miun.se\/skvaderbladet\/wp-content\/uploads\/2024\/03\/nyhetssvallet-mattias-axelsson-960x641.jpg\" alt=\"Man med orange v\u00e4st. Han ser glad ut. I bakgrunden syns folk och busstation. \" width=\"720\" height=\"481\" srcset=\"https:\/\/mkv.miun.se\/skvaderbladet\/wp-content\/uploads\/2024\/03\/nyhetssvallet-mattias-axelsson-960x641.jpg 960w, https:\/\/mkv.miun.se\/skvaderbladet\/wp-content\/uploads\/2024\/03\/nyhetssvallet-mattias-axelsson-300x200.jpg 300w, https:\/\/mkv.miun.se\/skvaderbladet\/wp-content\/uploads\/2024\/03\/nyhetssvallet-mattias-axelsson-725x484.jpg 725w, https:\/\/mkv.miun.se\/skvaderbladet\/wp-content\/uploads\/2024\/03\/nyhetssvallet-mattias-axelsson-145x96.jpg 145w, https:\/\/mkv.miun.se\/skvaderbladet\/wp-content\/uploads\/2024\/03\/nyhetssvallet-mattias-axelsson-768x513.jpg 768w, https:\/\/mkv.miun.se\/skvaderbladet\/wp-content\/uploads\/2024\/03\/nyhetssvallet-mattias-axelsson-1536x1025.jpg 1536w, https:\/\/mkv.miun.se\/skvaderbladet\/wp-content\/uploads\/2024\/03\/nyhetssvallet-mattias-axelsson-2048x1367.jpg 2048w, https:\/\/mkv.miun.se\/skvaderbladet\/wp-content\/uploads\/2024\/03\/nyhetssvallet-mattias-axelsson-730x487.jpg 730w, https:\/\/mkv.miun.se\/skvaderbladet\/wp-content\/uploads\/2024\/03\/nyhetssvallet-mattias-axelsson-325x217.jpg 325w, https:\/\/mkv.miun.se\/skvaderbladet\/wp-content\/uploads\/2024\/03\/nyhetssvallet-mattias-axelsson-650x434.jpg 650w\" sizes=\"auto, (max-width: 720px) 100vw, 720px\" \/><figcaption id=\"caption-attachment-10272\" class=\"wp-caption-text\"><strong>Matthias Axelsson, 46, Fagervik.<\/strong><br \/>\n<strong>Foto: Sonia N\u00e4ss\u00e9n<\/strong><\/figcaption><\/figure>\n<p>\u2013 Alla! Min fru lite extra, men annars f\u00f6rtj\u00e4nar alla att bli lika hyllade.<\/p>\n<p>&nbsp;<\/p>\n<figure id=\"attachment_10273\" aria-describedby=\"caption-attachment-10273\" style=\"width: 720px\" class=\"wp-caption alignnone\"><img loading=\"lazy\" decoding=\"async\" class=\"size-fullstory wp-image-10273\" src=\"https:\/\/mkv.miun.se\/skvaderbladet\/wp-content\/uploads\/2024\/03\/nyhetssvallet-mathilda-dymek-960x641.jpg\" alt=\"Portr\u00e4ttbild p\u00e5 kvinna.  I bakgrunden syns en sportbutik. \" width=\"720\" height=\"481\" srcset=\"https:\/\/mkv.miun.se\/skvaderbladet\/wp-content\/uploads\/2024\/03\/nyhetssvallet-mathilda-dymek-960x641.jpg 960w, https:\/\/mkv.miun.se\/skvaderbladet\/wp-content\/uploads\/2024\/03\/nyhetssvallet-mathilda-dymek-300x200.jpg 300w, https:\/\/mkv.miun.se\/skvaderbladet\/wp-content\/uploads\/2024\/03\/nyhetssvallet-mathilda-dymek-725x484.jpg 725w, https:\/\/mkv.miun.se\/skvaderbladet\/wp-content\/uploads\/2024\/03\/nyhetssvallet-mathilda-dymek-145x96.jpg 145w, https:\/\/mkv.miun.se\/skvaderbladet\/wp-content\/uploads\/2024\/03\/nyhetssvallet-mathilda-dymek-768x513.jpg 768w, https:\/\/mkv.miun.se\/skvaderbladet\/wp-content\/uploads\/2024\/03\/nyhetssvallet-mathilda-dymek-1536x1025.jpg 1536w, https:\/\/mkv.miun.se\/skvaderbladet\/wp-content\/uploads\/2024\/03\/nyhetssvallet-mathilda-dymek-2048x1367.jpg 2048w, https:\/\/mkv.miun.se\/skvaderbladet\/wp-content\/uploads\/2024\/03\/nyhetssvallet-mathilda-dymek-730x487.jpg 730w, https:\/\/mkv.miun.se\/skvaderbladet\/wp-content\/uploads\/2024\/03\/nyhetssvallet-mathilda-dymek-325x217.jpg 325w, https:\/\/mkv.miun.se\/skvaderbladet\/wp-content\/uploads\/2024\/03\/nyhetssvallet-mathilda-dymek-650x434.jpg 650w\" sizes=\"auto, (max-width: 720px) 100vw, 720px\" \/><figcaption id=\"caption-attachment-10273\" class=\"wp-caption-text\"><strong>Mathilda Dymek, 23, Bolln\u00e4s.<\/strong><br \/>\n<strong>Foto: Sonia N\u00e4ss\u00e9n.<\/strong><\/figcaption><\/figure>\n<p>\u2013 Min mamma och min lillasyster. F\u00f6r att de alltid har funnits d\u00e4r f\u00f6r mig och svarar n\u00e4r jag ringer.\u00a0<\/p>\n<p>&nbsp;<\/p>\n<figure id=\"attachment_10274\" aria-describedby=\"caption-attachment-10274\" style=\"width: 720px\" class=\"wp-caption alignnone\"><img loading=\"lazy\" decoding=\"async\" class=\"size-fullstory wp-image-10274\" src=\"https:\/\/mkv.miun.se\/skvaderbladet\/wp-content\/uploads\/2024\/03\/nyhetssvallet-hans-bjorlklund-960x641.jpg\" alt=\"Bild p\u00e5 en \u00e4ldre man. I bakgrunden syns en buss. \" width=\"720\" height=\"481\" srcset=\"https:\/\/mkv.miun.se\/skvaderbladet\/wp-content\/uploads\/2024\/03\/nyhetssvallet-hans-bjorlklund-960x641.jpg 960w, https:\/\/mkv.miun.se\/skvaderbladet\/wp-content\/uploads\/2024\/03\/nyhetssvallet-hans-bjorlklund-300x200.jpg 300w, https:\/\/mkv.miun.se\/skvaderbladet\/wp-content\/uploads\/2024\/03\/nyhetssvallet-hans-bjorlklund-725x484.jpg 725w, https:\/\/mkv.miun.se\/skvaderbladet\/wp-content\/uploads\/2024\/03\/nyhetssvallet-hans-bjorlklund-145x96.jpg 145w, https:\/\/mkv.miun.se\/skvaderbladet\/wp-content\/uploads\/2024\/03\/nyhetssvallet-hans-bjorlklund-768x513.jpg 768w, https:\/\/mkv.miun.se\/skvaderbladet\/wp-content\/uploads\/2024\/03\/nyhetssvallet-hans-bjorlklund-1536x1025.jpg 1536w, https:\/\/mkv.miun.se\/skvaderbladet\/wp-content\/uploads\/2024\/03\/nyhetssvallet-hans-bjorlklund-2048x1367.jpg 2048w, https:\/\/mkv.miun.se\/skvaderbladet\/wp-content\/uploads\/2024\/03\/nyhetssvallet-hans-bjorlklund-730x487.jpg 730w, https:\/\/mkv.miun.se\/skvaderbladet\/wp-content\/uploads\/2024\/03\/nyhetssvallet-hans-bjorlklund-325x217.jpg 325w, https:\/\/mkv.miun.se\/skvaderbladet\/wp-content\/uploads\/2024\/03\/nyhetssvallet-hans-bjorlklund-650x434.jpg 650w\" sizes=\"auto, (max-width: 720px) 100vw, 720px\" \/><figcaption id=\"caption-attachment-10274\" class=\"wp-caption-text\"><strong>Hans Bj\u00f6rklund, 88 \u00e5r, Njurunda.<\/strong><br \/>\n<strong>Foto: Sonia N\u00e4ss\u00e9n.<\/strong><\/figcaption><\/figure>\n<p>\u2013 Jag har m\u00e5nga. Men tv\u00e5 av dem \u00e4r biskopen Eva Brune och pr\u00e4sten Marianne Westrin. Hon var en av Sveriges f\u00f6rsta kvinnliga pr\u00e4ster.\u00a0<\/p>\n<p>&nbsp;<\/p>\n<figure id=\"attachment_10276\" aria-describedby=\"caption-attachment-10276\" style=\"width: 720px\" class=\"wp-caption alignnone\"><img loading=\"lazy\" decoding=\"async\" class=\"size-fullstory wp-image-10276\" src=\"https:\/\/mkv.miun.se\/skvaderbladet\/wp-content\/uploads\/2024\/03\/nyhetssvallet-inger-johansson-960x641.jpg\" alt=\"P\u00e5 bilden \u00e4r en \u00e4ldre kvinna med sitt barnbarn i en barnvagn. De st\u00e5r mitt p\u00e5 stan. \" width=\"720\" height=\"481\" srcset=\"https:\/\/mkv.miun.se\/skvaderbladet\/wp-content\/uploads\/2024\/03\/nyhetssvallet-inger-johansson-960x641.jpg 960w, https:\/\/mkv.miun.se\/skvaderbladet\/wp-content\/uploads\/2024\/03\/nyhetssvallet-inger-johansson-300x200.jpg 300w, https:\/\/mkv.miun.se\/skvaderbladet\/wp-content\/uploads\/2024\/03\/nyhetssvallet-inger-johansson-725x484.jpg 725w, https:\/\/mkv.miun.se\/skvaderbladet\/wp-content\/uploads\/2024\/03\/nyhetssvallet-inger-johansson-145x96.jpg 145w, https:\/\/mkv.miun.se\/skvaderbladet\/wp-content\/uploads\/2024\/03\/nyhetssvallet-inger-johansson-768x513.jpg 768w, https:\/\/mkv.miun.se\/skvaderbladet\/wp-content\/uploads\/2024\/03\/nyhetssvallet-inger-johansson-1536x1025.jpg 1536w, https:\/\/mkv.miun.se\/skvaderbladet\/wp-content\/uploads\/2024\/03\/nyhetssvallet-inger-johansson-2048x1367.jpg 2048w, https:\/\/mkv.miun.se\/skvaderbladet\/wp-content\/uploads\/2024\/03\/nyhetssvallet-inger-johansson-730x487.jpg 730w, https:\/\/mkv.miun.se\/skvaderbladet\/wp-content\/uploads\/2024\/03\/nyhetssvallet-inger-johansson-325x217.jpg 325w, https:\/\/mkv.miun.se\/skvaderbladet\/wp-content\/uploads\/2024\/03\/nyhetssvallet-inger-johansson-650x434.jpg 650w\" sizes=\"auto, (max-width: 720px) 100vw, 720px\" \/><figcaption id=\"caption-attachment-10276\" class=\"wp-caption-text\"><strong>Inger Johansson, 64 \u00e5r med barnbarnet, Sundsvall.<\/strong><br \/>\n<strong>Foto: Sonia N\u00e4ss\u00e9n.<\/strong><\/figcaption><\/figure>\n<p>\u2013 Min mamma. F\u00f6r att hon har varit en bra mamma!\u00a0<\/p>\n<p>&nbsp;<\/p>\n","protected":false},"excerpt":{"rendered":"<p>Sundsvall 08-03-24 I samband med internationella kvinnodagen, var Skvaderbladet ute p\u00e5 stan f\u00f6r att fr\u00e5ga Sundsvallsborna om vem de vill [&hellip;]<\/p>\n","protected":false},"author":287,"featured_media":0,"comment_status":"open","ping_status":"open","sticky":false,"template":"","format":"standard","meta":{"_acf_changed":false,"site-sidebar-layout":"default","site-content-layout":"","ast-site-content-layout":"default","site-content-style":"default","site-sidebar-style":"default","ast-global-header-display":"","ast-banner-title-visibility":"","ast-main-header-display":"","ast-hfb-above-header-display":"","ast-hfb-below-header-display":"","ast-hfb-mobile-header-display":"","site-post-title":"","ast-breadcrumbs-content":"","ast-featured-img":"","footer-sml-layout":"","ast-disable-related-posts":"","theme-transparent-header-meta":"","adv-header-id-meta":"","stick-header-meta":"","header-above-stick-meta":"","header-main-stick-meta":"","header-below-stick-meta":"","astra-migrate-meta-layouts":"default","ast-page-background-enabled":"default","ast-page-background-meta":{"desktop":{"background-color":"var(--ast-global-color-5)","background-image":"","background-repeat":"repeat","background-position":"center center","background-size":"auto","background-attachment":"scroll","background-type":"","background-media":"","overlay-type":"","overlay-color":"","overlay-opacity":"","overlay-gradient":""},"tablet":{"background-color":"","background-image":"","background-repeat":"repeat","background-position":"center center","background-size":"auto","background-attachment":"scroll","background-type":"","background-media":"","overlay-type":"","overlay-color":"","overlay-opacity":"","overlay-gradient":""},"mobile":{"background-color":"","background-image":"","background-repeat":"repeat","background-position":"center center","background-size":"auto","background-attachment":"scroll","background-type":"","background-media":"","overlay-type":"","overlay-color":"","overlay-opacity":"","overlay-gradient":""}},"ast-content-background-meta":{"desktop":{"background-color":"var(--ast-global-color-4)","background-image":"","background-repeat":"repeat","background-position":"center center","background-size":"auto","background-attachment":"scroll","background-type":"","background-media":"","overlay-type":"","overlay-color":"","overlay-opacity":"","overlay-gradient":""},"tablet":{"background-color":"var(--ast-global-color-4)","background-image":"","background-repeat":"repeat","background-position":"center center","background-size":"auto","background-attachment":"scroll","background-type":"","background-media":"","overlay-type":"","overlay-color":"","overlay-opacity":"","overlay-gradient":""},"mobile":{"background-color":"var(--ast-global-color-4)","background-image":"","background-repeat":"repeat","background-position":"center center","background-size":"auto","background-attachment":"scroll","background-type":"","background-media":"","overlay-type":"","overlay-color":"","overlay-opacity":"","overlay-gradient":""}},"footnotes":""},"categories":[2],"tags":[85,98,82,99,100,37],"class_list":["post-10270","post","type-post","status-publish","format-standard","hentry","category-nyheter","tag-femroster","tag-internationellakvinnodagen","tag-intervju","tag-kvinna","tag-kvinnodagen","tag-sundsvall"],"acf":[],"_links":{"self":[{"href":"https:\/\/mkv.miun.se\/skvaderbladet\/wp-json\/wp\/v2\/posts\/10270","targetHints":{"allow":["GET"]}}],"collection":[{"href":"https:\/\/mkv.miun.se\/skvaderbladet\/wp-json\/wp\/v2\/posts"}],"about":[{"href":"https:\/\/mkv.miun.se\/skvaderbladet\/wp-json\/wp\/v2\/types\/post"}],"author":[{"embeddable":true,"href":"https:\/\/mkv.miun.se\/skvaderbladet\/wp-json\/wp\/v2\/users\/287"}],"replies":[{"embeddable":true,"href":"https:\/\/mkv.miun.se\/skvaderbladet\/wp-json\/wp\/v2\/comments?post=10270"}],"version-history":[{"count":0,"href":"https:\/\/mkv.miun.se\/skvaderbladet\/wp-json\/wp\/v2\/posts\/10270\/revisions"}],"wp:attachment":[{"href":"https:\/\/mkv.miun.se\/skvaderbladet\/wp-json\/wp\/v2\/media?parent=10270"}],"wp:term":[{"taxonomy":"category","embeddable":true,"href":"https:\/\/mkv.miun.se\/skvaderbladet\/wp-json\/wp\/v2\/categories?post=10270"},{"taxonomy":"post_tag","embeddable":true,"href":"https:\/\/mkv.miun.se\/skvaderbladet\/wp-json\/wp\/v2\/tags?post=10270"}],"curies":[{"name":"wp","href":"https:\/\/api.w.org\/{rel}","templated":true}]}}