{"id":10250,"date":"2024-03-08T09:52:00","date_gmt":"2024-03-08T08:52:00","guid":{"rendered":"https:\/\/mkv.miun.se\/skvaderbladet\/?p=10250"},"modified":"2024-03-08T12:20:20","modified_gmt":"2024-03-08T11:20:20","slug":"sa-kommer-du-marka-av-natomedlemskapet","status":"publish","type":"post","link":"https:\/\/mkv.miun.se\/skvaderbladet\/sa-kommer-du-marka-av-natomedlemskapet\/","title":{"rendered":"S\u00e5 kommer du m\u00e4rka av Natomedlemskapet"},"content":{"rendered":"<p><span class=\"ortsdatering\">08-03-2024<\/span><\/p>\n<p><span class=\"ingress\">Ett medlemskap i Nato inneb\u00e4r stora f\u00f6r\u00e4ndringar f\u00f6r svenskt f\u00f6rsvar. Ulf Kristersson s\u00e4ger till TT att han vill att den svenska medborgaren ska m\u00e4rka av det s\u00e5 lite som m\u00f6jligt. F\u00f6r folk i allm\u00e4nhet \u00e4r det h\u00e4r n\u00e5gra f\u00f6r\u00e4ndringar.\u00a0\u00a0<\/span><\/p>\n<p>&nbsp;<\/p>\n<ul>\n<li style=\"font-weight: 400;\" aria-level=\"1\"><span style=\"font-weight: 400;\">Det kommer eventuellt bli aktuellt att skicka f\u00e4rdigutbildade v\u00e4rnpliktiga utomlands p\u00e5 uppdrag inom f\u00f6rsvaret, men det \u00e4r \u00e4nnu inte helt best\u00e4mt. De som g\u00f6r v\u00e4rnplikten kan komma att ing\u00e5 i Nato\u00f6vningar.<\/span><\/li>\n<li style=\"font-weight: 400;\" aria-level=\"1\"><span style=\"font-weight: 400;\">Du kommer kunna se mer utl\u00e4ndska f\u00f6rband, fartyg och flygplan runt om i landet.<\/span><\/li>\n<li style=\"font-weight: 400;\" aria-level=\"1\"><span style=\"font-weight: 400;\">Natos flaggor kommer att hissas i Sverige, framf\u00f6rallt hos f\u00f6rsvaret.<\/span><\/li>\n<li style=\"font-weight: 400;\" aria-level=\"1\"><span style=\"font-weight: 400;\">Med Natomedlemskapet kommer en officiell h\u00f6gtidss\u00e5ng, <\/span><span style=\"font-weight: 400;\">Natohymnen. Det \u00e4r f\u00f6rsvarsalliansen gemensamma musikstycke.<\/span><\/li>\n<li style=\"font-weight: 400;\" aria-level=\"1\"><span style=\"font-weight: 400;\">Sverige kan komma att beh\u00f6va modernisera v\u00e4gar och j\u00e4rnv\u00e4gar samt att se till att det finns akuta sjukplatser. Satsningarna p\u00e5 den svenska infrastrukturen kommer att skapa fler jobb. Ulf Kristersson har tidigare sagt att det inte g\u00e5r att utesluta att ett medlemskap i Nato kommer inneb\u00e4ra stora investeringar i infrastrukturen. <\/span><\/li>\n<\/ul>\n","protected":false},"excerpt":{"rendered":"<p>08-03-2024 Ett medlemskap i Nato inneb\u00e4r stora f\u00f6r\u00e4ndringar f\u00f6r svenskt f\u00f6rsvar. Ulf Kristersson s\u00e4ger till TT att han vill att [&hellip;]<\/p>\n","protected":false},"author":287,"featured_media":0,"comment_status":"open","ping_status":"open","sticky":false,"template":"","format":"standard","meta":{"_acf_changed":false,"site-sidebar-layout":"default","site-content-layout":"","ast-site-content-layout":"default","site-content-style":"default","site-sidebar-style":"default","ast-global-header-display":"","ast-banner-title-visibility":"","ast-main-header-display":"","ast-hfb-above-header-display":"","ast-hfb-below-header-display":"","ast-hfb-mobile-header-display":"","site-post-title":"","ast-breadcrumbs-content":"","ast-featured-img":"","footer-sml-layout":"","ast-disable-related-posts":"","theme-transparent-header-meta":"","adv-header-id-meta":"","stick-header-meta":"","header-above-stick-meta":"","header-main-stick-meta":"","header-below-stick-meta":"","astra-migrate-meta-layouts":"default","ast-page-background-enabled":"default","ast-page-background-meta":{"desktop":{"background-color":"var(--ast-global-color-5)","background-image":"","background-repeat":"repeat","background-position":"center center","background-size":"auto","background-attachment":"scroll","background-type":"","background-media":"","overlay-type":"","overlay-color":"","overlay-opacity":"","overlay-gradient":""},"tablet":{"background-color":"","background-image":"","background-repeat":"repeat","background-position":"center center","background-size":"auto","background-attachment":"scroll","background-type":"","background-media":"","overlay-type":"","overlay-color":"","overlay-opacity":"","overlay-gradient":""},"mobile":{"background-color":"","background-image":"","background-repeat":"repeat","background-position":"center center","background-size":"auto","background-attachment":"scroll","background-type":"","background-media":"","overlay-type":"","overlay-color":"","overlay-opacity":"","overlay-gradient":""}},"ast-content-background-meta":{"desktop":{"background-color":"var(--ast-global-color-4)","background-image":"","background-repeat":"repeat","background-position":"center center","background-size":"auto","background-attachment":"scroll","background-type":"","background-media":"","overlay-type":"","overlay-color":"","overlay-opacity":"","overlay-gradient":""},"tablet":{"background-color":"var(--ast-global-color-4)","background-image":"","background-repeat":"repeat","background-position":"center center","background-size":"auto","background-attachment":"scroll","background-type":"","background-media":"","overlay-type":"","overlay-color":"","overlay-opacity":"","overlay-gradient":""},"mobile":{"background-color":"var(--ast-global-color-4)","background-image":"","background-repeat":"repeat","background-position":"center center","background-size":"auto","background-attachment":"scroll","background-type":"","background-media":"","overlay-type":"","overlay-color":"","overlay-opacity":"","overlay-gradient":""}},"footnotes":""},"categories":[2],"tags":[96,97,83,95,93,89,94],"class_list":["post-10250","post","type-post","status-publish","format-standard","hentry","category-nyheter","tag-forsvarsmakten","tag-infrastruktur","tag-nato","tag-natohymnen","tag-natomedlemskap","tag-ulf-kristersson","tag-varnplikt"],"acf":[],"_links":{"self":[{"href":"https:\/\/mkv.miun.se\/skvaderbladet\/wp-json\/wp\/v2\/posts\/10250","targetHints":{"allow":["GET"]}}],"collection":[{"href":"https:\/\/mkv.miun.se\/skvaderbladet\/wp-json\/wp\/v2\/posts"}],"about":[{"href":"https:\/\/mkv.miun.se\/skvaderbladet\/wp-json\/wp\/v2\/types\/post"}],"author":[{"embeddable":true,"href":"https:\/\/mkv.miun.se\/skvaderbladet\/wp-json\/wp\/v2\/users\/287"}],"replies":[{"embeddable":true,"href":"https:\/\/mkv.miun.se\/skvaderbladet\/wp-json\/wp\/v2\/comments?post=10250"}],"version-history":[{"count":0,"href":"https:\/\/mkv.miun.se\/skvaderbladet\/wp-json\/wp\/v2\/posts\/10250\/revisions"}],"wp:attachment":[{"href":"https:\/\/mkv.miun.se\/skvaderbladet\/wp-json\/wp\/v2\/media?parent=10250"}],"wp:term":[{"taxonomy":"category","embeddable":true,"href":"https:\/\/mkv.miun.se\/skvaderbladet\/wp-json\/wp\/v2\/categories?post=10250"},{"taxonomy":"post_tag","embeddable":true,"href":"https:\/\/mkv.miun.se\/skvaderbladet\/wp-json\/wp\/v2\/tags?post=10250"}],"curies":[{"name":"wp","href":"https:\/\/api.w.org\/{rel}","templated":true}]}}