{"id":10245,"date":"2024-03-08T10:31:12","date_gmt":"2024-03-08T09:31:12","guid":{"rendered":"https:\/\/mkv.miun.se\/skvaderbladet\/?p=10245"},"modified":"2024-03-11T10:29:37","modified_gmt":"2024-03-11T09:29:37","slug":"flera-gripna-i-stockholm-efter-insats-av-sapo-forberedelse-till-terrorbrott","status":"publish","type":"post","link":"https:\/\/mkv.miun.se\/skvaderbladet\/flera-gripna-i-stockholm-efter-insats-av-sapo-forberedelse-till-terrorbrott\/","title":{"rendered":"Flera gripna i Stockholm efter insats av S\u00e4po &#8211; F\u00f6rberedelse till terrorbrott"},"content":{"rendered":"<p><span class=\"ortsdatering\">Stockholm 07-03-2024<\/span><\/p>\n<p><img loading=\"lazy\" decoding=\"async\" class=\"alignnone size-fullstory wp-image-10353\" src=\"https:\/\/mkv.miun.se\/skvaderbladet\/wp-content\/uploads\/2024\/03\/nyhetssvallet-nyhetssvallet-430277765-18227141119266295-4766884785089125612-n-960x540.jpg\" alt=\"\" width=\"720\" height=\"405\" srcset=\"https:\/\/mkv.miun.se\/skvaderbladet\/wp-content\/uploads\/2024\/03\/nyhetssvallet-nyhetssvallet-430277765-18227141119266295-4766884785089125612-n-960x540.jpg 960w, https:\/\/mkv.miun.se\/skvaderbladet\/wp-content\/uploads\/2024\/03\/nyhetssvallet-nyhetssvallet-430277765-18227141119266295-4766884785089125612-n-300x169.jpg 300w, https:\/\/mkv.miun.se\/skvaderbladet\/wp-content\/uploads\/2024\/03\/nyhetssvallet-nyhetssvallet-430277765-18227141119266295-4766884785089125612-n-725x408.jpg 725w, https:\/\/mkv.miun.se\/skvaderbladet\/wp-content\/uploads\/2024\/03\/nyhetssvallet-nyhetssvallet-430277765-18227141119266295-4766884785089125612-n-768x432.jpg 768w, https:\/\/mkv.miun.se\/skvaderbladet\/wp-content\/uploads\/2024\/03\/nyhetssvallet-nyhetssvallet-430277765-18227141119266295-4766884785089125612-n-1536x864.jpg 1536w, https:\/\/mkv.miun.se\/skvaderbladet\/wp-content\/uploads\/2024\/03\/nyhetssvallet-nyhetssvallet-430277765-18227141119266295-4766884785089125612-n-730x411.jpg 730w, https:\/\/mkv.miun.se\/skvaderbladet\/wp-content\/uploads\/2024\/03\/nyhetssvallet-nyhetssvallet-430277765-18227141119266295-4766884785089125612-n-325x183.jpg 325w, https:\/\/mkv.miun.se\/skvaderbladet\/wp-content\/uploads\/2024\/03\/nyhetssvallet-nyhetssvallet-430277765-18227141119266295-4766884785089125612-n-650x366.jpg 650w, https:\/\/mkv.miun.se\/skvaderbladet\/wp-content\/uploads\/2024\/03\/nyhetssvallet-nyhetssvallet-430277765-18227141119266295-4766884785089125612-n.jpg 1920w\" sizes=\"auto, (max-width: 720px) 100vw, 720px\" \/><\/p>\n<p><span class=\"ingress\">S\u00e4po genomf\u00f6rde under torsdagen den 7 mars en insats i Tyres\u00f6 d\u00e4r de grep fyra personer som misst\u00e4nks f\u00f6r f\u00f6rberedelse till terroristbrott och grovt vapenbrott. De uppges ha kopplingar till terrorgruppen IS.<\/span><\/p>\n<p>Under g\u00e5rdagen klockan 13:55 Larmades polisen ang\u00e5ende explosioner i Tyres\u00f6. Dessa sm\u00e4llar h\u00f6rdes i samband med ett tillslag som nationella insatsstyrkan gjorde mot en lokal som tillh\u00f6r en islamistisk f\u00f6rening, uppger Aftonbladet.<\/p>\n<p>Flera medier rapporterar att S\u00e4po tillsammans med polis bedrivit underr\u00e4ttelse- och utredningsarbete under en l\u00e4ngre tid. Ig\u00e5r genomf\u00f6rdes insatser p\u00e5 flera platser. Expressen uppger att polisen efter en husrannsakan hos en 18-\u00e5ring, kom ut med famnen full av automatvapen.<\/p>\n<p><span class=\"ingress\">Kopplingar till IS<\/span><\/p>\n<p>De fyra personerna greps misst\u00e4nkta f\u00f6r f\u00f6rberedelse till terroristbrott och grovt vapenbrott. De har \u00e4ven internationella kopplingar till grov organiserad brottslighet uppger S\u00e4po. De ber\u00e4ttar \u00e4ven f\u00f6r flera medier att de vetat om de h\u00e4r personerna under en l\u00e4ngre tid. Personerna har kopplingar till terrororganisationen IS, men mer \u00e4n s\u00e5 vill S\u00e4po inte kommentera.<\/p>\n<p>F\u00f6runders\u00f6kningsledare \u00e4r kammar\u00e5klagare Lars Hedvall vid riksenheten f\u00f6r s\u00e4kerhetsm\u00e5l. Han har beslutat att anh\u00e5lla personerna.<\/p>\n<p>&nbsp;<\/p>\n","protected":false},"excerpt":{"rendered":"<p>Stockholm 07-03-2024 S\u00e4po genomf\u00f6rde under torsdagen den 7 mars en insats i Tyres\u00f6 d\u00e4r de grep fyra personer som misst\u00e4nks [&hellip;]<\/p>\n","protected":false},"author":287,"featured_media":0,"comment_status":"open","ping_status":"open","sticky":false,"template":"","format":"standard","meta":{"_acf_changed":false,"site-sidebar-layout":"default","site-content-layout":"","ast-site-content-layout":"default","site-content-style":"default","site-sidebar-style":"default","ast-global-header-display":"","ast-banner-title-visibility":"","ast-main-header-display":"","ast-hfb-above-header-display":"","ast-hfb-below-header-display":"","ast-hfb-mobile-header-display":"","site-post-title":"","ast-breadcrumbs-content":"","ast-featured-img":"","footer-sml-layout":"","ast-disable-related-posts":"","theme-transparent-header-meta":"","adv-header-id-meta":"","stick-header-meta":"","header-above-stick-meta":"","header-main-stick-meta":"","header-below-stick-meta":"","astra-migrate-meta-layouts":"default","ast-page-background-enabled":"default","ast-page-background-meta":{"desktop":{"background-color":"var(--ast-global-color-5)","background-image":"","background-repeat":"repeat","background-position":"center center","background-size":"auto","background-attachment":"scroll","background-type":"","background-media":"","overlay-type":"","overlay-color":"","overlay-opacity":"","overlay-gradient":""},"tablet":{"background-color":"","background-image":"","background-repeat":"repeat","background-position":"center center","background-size":"auto","background-attachment":"scroll","background-type":"","background-media":"","overlay-type":"","overlay-color":"","overlay-opacity":"","overlay-gradient":""},"mobile":{"background-color":"","background-image":"","background-repeat":"repeat","background-position":"center center","background-size":"auto","background-attachment":"scroll","background-type":"","background-media":"","overlay-type":"","overlay-color":"","overlay-opacity":"","overlay-gradient":""}},"ast-content-background-meta":{"desktop":{"background-color":"var(--ast-global-color-4)","background-image":"","background-repeat":"repeat","background-position":"center center","background-size":"auto","background-attachment":"scroll","background-type":"","background-media":"","overlay-type":"","overlay-color":"","overlay-opacity":"","overlay-gradient":""},"tablet":{"background-color":"var(--ast-global-color-4)","background-image":"","background-repeat":"repeat","background-position":"center center","background-size":"auto","background-attachment":"scroll","background-type":"","background-media":"","overlay-type":"","overlay-color":"","overlay-opacity":"","overlay-gradient":""},"mobile":{"background-color":"var(--ast-global-color-4)","background-image":"","background-repeat":"repeat","background-position":"center center","background-size":"auto","background-attachment":"scroll","background-type":"","background-media":"","overlay-type":"","overlay-color":"","overlay-opacity":"","overlay-gradient":""}},"footnotes":""},"categories":[2],"tags":[131,129,130,132],"class_list":["post-10245","post","type-post","status-publish","format-standard","hentry","category-nyheter","tag-is","tag-sapo","tag-terrorbrott","tag-tyreso"],"acf":[],"_links":{"self":[{"href":"https:\/\/mkv.miun.se\/skvaderbladet\/wp-json\/wp\/v2\/posts\/10245","targetHints":{"allow":["GET"]}}],"collection":[{"href":"https:\/\/mkv.miun.se\/skvaderbladet\/wp-json\/wp\/v2\/posts"}],"about":[{"href":"https:\/\/mkv.miun.se\/skvaderbladet\/wp-json\/wp\/v2\/types\/post"}],"author":[{"embeddable":true,"href":"https:\/\/mkv.miun.se\/skvaderbladet\/wp-json\/wp\/v2\/users\/287"}],"replies":[{"embeddable":true,"href":"https:\/\/mkv.miun.se\/skvaderbladet\/wp-json\/wp\/v2\/comments?post=10245"}],"version-history":[{"count":0,"href":"https:\/\/mkv.miun.se\/skvaderbladet\/wp-json\/wp\/v2\/posts\/10245\/revisions"}],"wp:attachment":[{"href":"https:\/\/mkv.miun.se\/skvaderbladet\/wp-json\/wp\/v2\/media?parent=10245"}],"wp:term":[{"taxonomy":"category","embeddable":true,"href":"https:\/\/mkv.miun.se\/skvaderbladet\/wp-json\/wp\/v2\/categories?post=10245"},{"taxonomy":"post_tag","embeddable":true,"href":"https:\/\/mkv.miun.se\/skvaderbladet\/wp-json\/wp\/v2\/tags?post=10245"}],"curies":[{"name":"wp","href":"https:\/\/api.w.org\/{rel}","templated":true}]}}