{"id":10210,"date":"2024-03-07T20:19:52","date_gmt":"2024-03-07T19:19:52","guid":{"rendered":"https:\/\/mkv.miun.se\/skvaderbladet\/?p=10210"},"modified":"2024-03-11T10:12:36","modified_gmt":"2024-03-11T09:12:36","slug":"ulf-kristerssons-tal-till-nationen-medlemskapet-betyder-att-vi-har-kommit-hem","status":"publish","type":"post","link":"https:\/\/mkv.miun.se\/skvaderbladet\/ulf-kristerssons-tal-till-nationen-medlemskapet-betyder-att-vi-har-kommit-hem\/","title":{"rendered":"Ulf Kristerssons tal till nationen &#8211; Medlemskapet betyder att vi har kommit hem"},"content":{"rendered":"<p><span class=\"ortsdatering\">Washington, D.C. 07-03-2024<\/span><\/p>\n<p><img loading=\"lazy\" decoding=\"async\" class=\"alignnone size-fullstory wp-image-10351\" src=\"https:\/\/mkv.miun.se\/skvaderbladet\/wp-content\/uploads\/2024\/03\/nyhetssvallet-nyhetssvallet-ulf-kristersson-scaled-1-960x540.jpg\" alt=\"\" width=\"720\" height=\"405\" srcset=\"https:\/\/mkv.miun.se\/skvaderbladet\/wp-content\/uploads\/2024\/03\/nyhetssvallet-nyhetssvallet-ulf-kristersson-scaled-1-960x540.jpg 960w, https:\/\/mkv.miun.se\/skvaderbladet\/wp-content\/uploads\/2024\/03\/nyhetssvallet-nyhetssvallet-ulf-kristersson-scaled-1-300x169.jpg 300w, https:\/\/mkv.miun.se\/skvaderbladet\/wp-content\/uploads\/2024\/03\/nyhetssvallet-nyhetssvallet-ulf-kristersson-scaled-1-725x408.jpg 725w, https:\/\/mkv.miun.se\/skvaderbladet\/wp-content\/uploads\/2024\/03\/nyhetssvallet-nyhetssvallet-ulf-kristersson-scaled-1-768x432.jpg 768w, https:\/\/mkv.miun.se\/skvaderbladet\/wp-content\/uploads\/2024\/03\/nyhetssvallet-nyhetssvallet-ulf-kristersson-scaled-1-1536x864.jpg 1536w, https:\/\/mkv.miun.se\/skvaderbladet\/wp-content\/uploads\/2024\/03\/nyhetssvallet-nyhetssvallet-ulf-kristersson-scaled-1-730x411.jpg 730w, https:\/\/mkv.miun.se\/skvaderbladet\/wp-content\/uploads\/2024\/03\/nyhetssvallet-nyhetssvallet-ulf-kristersson-scaled-1-325x183.jpg 325w, https:\/\/mkv.miun.se\/skvaderbladet\/wp-content\/uploads\/2024\/03\/nyhetssvallet-nyhetssvallet-ulf-kristersson-scaled-1-650x366.jpg 650w, https:\/\/mkv.miun.se\/skvaderbladet\/wp-content\/uploads\/2024\/03\/nyhetssvallet-nyhetssvallet-ulf-kristersson-scaled-1.jpg 1920w\" sizes=\"auto, (max-width: 720px) 100vw, 720px\" \/><\/p>\n<p><span class=\"ingress\"><strong>\u2013Godkv\u00e4ll. Sverige \u00e4r nu medlem i Nato.\u00a0<\/strong><\/span><\/p>\n<p><span class=\"ingress\">S\u00e5 inleder statsminister Ulf Kristersson sitt tal till nationen som han h\u00f6ll under torsdagen 7 mars 19:00. N\u00e4stan tv\u00e5 \u00e5r efter ans\u00f6kan har Sverige blivit det 32:a medlemslandet i Nato.<\/span><\/p>\n<p>Efter \u00f6ver 200 \u00e5r av milit\u00e4r alliansfrihet har Sverige g\u00e5tt med i Nordatlantiska f\u00f6rdragsorganisationen. Detta efter att statsminister Ulf Kristersson \u00f6verl\u00e4mnat de svenska anslutningsdokumenten till USA:s utrikesminister Antony Blinken i Washington, D.C.<\/p>\n<p><span style=\"font-weight: 400;\">\u2013Jag gjorde det med en k\u00e4nsla av b\u00e5de stolthet och \u00f6dmjukhet, s\u00e4ger Kristersson.<\/span><\/p>\n<p>Statsministern menar att vi i och med medlemskapet i Nato har &#8221;kommit hem&#8221; och att det \u00e4r naturligt steg i Sveriges utveckling.<\/p>\n<p><span class=\"mellanrubrik1\"><strong>&#8221;President Putin har inte uppn\u00e5tt sina m\u00e5l&#8221;<\/strong><\/span><\/p>\n<p>Kristersson s\u00e4ger att Sverige genom att g\u00e5 med i Nato inte accepterar Rysslands krav p\u00e5 veto-r\u00e4tt \u00f6ver andra l\u00e4nders sj\u00e4lvbest\u00e4mmande.<\/p>\n<p>Han menar \u00e4ven att det svenska folkliga st\u00f6det f\u00f6r Nato-medlemskapet \u00e4r starkt och att det \u00e4r en gemensam svensk framg\u00e5ng, att partier har enats.\u00a0<\/p>\n<p><span class=\"mellanrubrik1\">Statsministern v\u00e4nder sig till de som \u00e4r emot medlemskapet.<\/span><\/p>\n<p>Kristersson ber\u00e4ttar att han f\u00f6rst\u00e5r om folk \u00e4r oroliga och inte h\u00e5ller med beslutet om Nato-medlemsskap. F\u00f6r att bem\u00f6ta oron s\u00e4ger han att Sverige sj\u00e4lva kan besluta n\u00e4r vi ska delta i Nato-gemensamma uppdrag och n\u00e4r vi beg\u00e4r milit\u00e4rt st\u00f6d av Nato.<\/p>\n<p><span style=\"font-weight: 400;\">\u2013<\/span>Vi \u00f6var och planerar gemensamt f\u00f6r att avskr\u00e4cka de som vill oss illa, menar statsministern.<\/p>\n<p>Han po\u00e4ngterar att Sverige samarbetat med b\u00e5de Nato och USA i m\u00e5nga \u00e5r och att detta medlemskap \u00e4r ett naturligt steg i utvecklingen. Medlemskapet betyder \u00e4ven att norden f\u00f6r f\u00f6rsta g\u00e5ngen p\u00e5 500 \u00e5r har ett naturligt f\u00f6rsvar.<\/p>\n<p><span style=\"font-family: Helvetica Neue, Arial, Helvetica, Geneva, sans-serif;\"><b>Civilplikten \u00e5teraktiveras.<\/b><\/span><\/p>\n<p>F\u00f6rutom att medlemsl\u00e4nderna ska st\u00f6tta varandra, kr\u00e4ver Nato \u00e4ven att l\u00e4nderna har ett eget f\u00f6rsvar som \u00e4r tillr\u00e4ckligt starkt. De svenska f\u00f6rsvarsanslagen dubblas nu till \u00f6ver tv\u00e5 procent av BNP, antalet v\u00e4rnpliktiga ut\u00f6kas, det civila f\u00f6rsvarets st\u00e4rks och civilplikten \u00e5teraktiveras.<\/p>\n<p><span style=\"font-weight: 400;\">\u2013Ikv\u00e4ll inleds en ny epok f\u00f6r Sverige, avslutar statsminister Ulf Kristersson fr\u00e5n den svenska ambassaden i Washington, D.C.<\/span><\/p>\n","protected":false},"excerpt":{"rendered":"<p>Washington, D.C. 07-03-2024 \u2013Godkv\u00e4ll. Sverige \u00e4r nu medlem i Nato.\u00a0 S\u00e5 inleder statsminister Ulf Kristersson sitt tal till nationen som [&hellip;]<\/p>\n","protected":false},"author":287,"featured_media":0,"comment_status":"open","ping_status":"open","sticky":false,"template":"","format":"standard","meta":{"_acf_changed":false,"site-sidebar-layout":"default","site-content-layout":"","ast-site-content-layout":"default","site-content-style":"default","site-sidebar-style":"default","ast-global-header-display":"","ast-banner-title-visibility":"","ast-main-header-display":"","ast-hfb-above-header-display":"","ast-hfb-below-header-display":"","ast-hfb-mobile-header-display":"","site-post-title":"","ast-breadcrumbs-content":"","ast-featured-img":"","footer-sml-layout":"","ast-disable-related-posts":"","theme-transparent-header-meta":"","adv-header-id-meta":"","stick-header-meta":"","header-above-stick-meta":"","header-main-stick-meta":"","header-below-stick-meta":"","astra-migrate-meta-layouts":"default","ast-page-background-enabled":"default","ast-page-background-meta":{"desktop":{"background-color":"var(--ast-global-color-5)","background-image":"","background-repeat":"repeat","background-position":"center center","background-size":"auto","background-attachment":"scroll","background-type":"","background-media":"","overlay-type":"","overlay-color":"","overlay-opacity":"","overlay-gradient":""},"tablet":{"background-color":"","background-image":"","background-repeat":"repeat","background-position":"center center","background-size":"auto","background-attachment":"scroll","background-type":"","background-media":"","overlay-type":"","overlay-color":"","overlay-opacity":"","overlay-gradient":""},"mobile":{"background-color":"","background-image":"","background-repeat":"repeat","background-position":"center center","background-size":"auto","background-attachment":"scroll","background-type":"","background-media":"","overlay-type":"","overlay-color":"","overlay-opacity":"","overlay-gradient":""}},"ast-content-background-meta":{"desktop":{"background-color":"var(--ast-global-color-4)","background-image":"","background-repeat":"repeat","background-position":"center center","background-size":"auto","background-attachment":"scroll","background-type":"","background-media":"","overlay-type":"","overlay-color":"","overlay-opacity":"","overlay-gradient":""},"tablet":{"background-color":"var(--ast-global-color-4)","background-image":"","background-repeat":"repeat","background-position":"center center","background-size":"auto","background-attachment":"scroll","background-type":"","background-media":"","overlay-type":"","overlay-color":"","overlay-opacity":"","overlay-gradient":""},"mobile":{"background-color":"var(--ast-global-color-4)","background-image":"","background-repeat":"repeat","background-position":"center center","background-size":"auto","background-attachment":"scroll","background-type":"","background-media":"","overlay-type":"","overlay-color":"","overlay-opacity":"","overlay-gradient":""}},"footnotes":""},"categories":[2],"tags":[83,91,86,90,89],"class_list":["post-10210","post","type-post","status-publish","format-standard","hentry","category-nyheter","tag-nato","tag-politik","tag-sverige","tag-tal-till-nationen","tag-ulf-kristersson"],"acf":[],"_links":{"self":[{"href":"https:\/\/mkv.miun.se\/skvaderbladet\/wp-json\/wp\/v2\/posts\/10210","targetHints":{"allow":["GET"]}}],"collection":[{"href":"https:\/\/mkv.miun.se\/skvaderbladet\/wp-json\/wp\/v2\/posts"}],"about":[{"href":"https:\/\/mkv.miun.se\/skvaderbladet\/wp-json\/wp\/v2\/types\/post"}],"author":[{"embeddable":true,"href":"https:\/\/mkv.miun.se\/skvaderbladet\/wp-json\/wp\/v2\/users\/287"}],"replies":[{"embeddable":true,"href":"https:\/\/mkv.miun.se\/skvaderbladet\/wp-json\/wp\/v2\/comments?post=10210"}],"version-history":[{"count":0,"href":"https:\/\/mkv.miun.se\/skvaderbladet\/wp-json\/wp\/v2\/posts\/10210\/revisions"}],"wp:attachment":[{"href":"https:\/\/mkv.miun.se\/skvaderbladet\/wp-json\/wp\/v2\/media?parent=10210"}],"wp:term":[{"taxonomy":"category","embeddable":true,"href":"https:\/\/mkv.miun.se\/skvaderbladet\/wp-json\/wp\/v2\/categories?post=10210"},{"taxonomy":"post_tag","embeddable":true,"href":"https:\/\/mkv.miun.se\/skvaderbladet\/wp-json\/wp\/v2\/tags?post=10210"}],"curies":[{"name":"wp","href":"https:\/\/api.w.org\/{rel}","templated":true}]}}