{"id":10109,"date":"2024-03-07T12:18:18","date_gmt":"2024-03-07T11:18:18","guid":{"rendered":"https:\/\/mkv.miun.se\/skvaderbladet\/?p=10109"},"modified":"2024-03-07T17:20:40","modified_gmt":"2024-03-07T16:20:40","slug":"sundsvallsborna-om-natomedlemskapet","status":"publish","type":"post","link":"https:\/\/mkv.miun.se\/skvaderbladet\/sundsvallsborna-om-natomedlemskapet\/","title":{"rendered":"Sundsvallsborna om Natomedlemskapet"},"content":{"rendered":"<p><span class=\"ingress\" style=\"font-weight: 400;\">Idag gick Sverige med i Nato och Sundsvallsborna \u00e4r kluvna i fr\u00e5gan. Skvaderbladet har varit p\u00e5 stan och kollat l\u00e4get.<\/span><\/p>\n<p>&nbsp;<\/p>\n<figure id=\"attachment_10110\" aria-describedby=\"caption-attachment-10110\" style=\"width: 720px\" class=\"wp-caption alignnone\"><img loading=\"lazy\" decoding=\"async\" class=\"size-fullstory wp-image-10110\" src=\"https:\/\/mkv.miun.se\/skvaderbladet\/wp-content\/uploads\/2024\/03\/nyhetssvallet-img-7734-960x720.jpg\" alt=\"Man med en gr\u00f6n jacka och svart m\u00f6ssa. St\u00e5r framf\u00f6r en gammal byggnad av sten.\" width=\"720\" height=\"540\" srcset=\"https:\/\/mkv.miun.se\/skvaderbladet\/wp-content\/uploads\/2024\/03\/nyhetssvallet-img-7734-960x720.jpg 960w, https:\/\/mkv.miun.se\/skvaderbladet\/wp-content\/uploads\/2024\/03\/nyhetssvallet-img-7734-300x225.jpg 300w, https:\/\/mkv.miun.se\/skvaderbladet\/wp-content\/uploads\/2024\/03\/nyhetssvallet-img-7734-725x544.jpg 725w, https:\/\/mkv.miun.se\/skvaderbladet\/wp-content\/uploads\/2024\/03\/nyhetssvallet-img-7734-768x576.jpg 768w, https:\/\/mkv.miun.se\/skvaderbladet\/wp-content\/uploads\/2024\/03\/nyhetssvallet-img-7734-1536x1152.jpg 1536w, https:\/\/mkv.miun.se\/skvaderbladet\/wp-content\/uploads\/2024\/03\/nyhetssvallet-img-7734-2048x1536.jpg 2048w, https:\/\/mkv.miun.se\/skvaderbladet\/wp-content\/uploads\/2024\/03\/nyhetssvallet-img-7734-730x548.jpg 730w, https:\/\/mkv.miun.se\/skvaderbladet\/wp-content\/uploads\/2024\/03\/nyhetssvallet-img-7734-325x244.jpg 325w, https:\/\/mkv.miun.se\/skvaderbladet\/wp-content\/uploads\/2024\/03\/nyhetssvallet-img-7734-650x488.jpg 650w\" sizes=\"auto, (max-width: 720px) 100vw, 720px\" \/><figcaption id=\"caption-attachment-10110\" class=\"wp-caption-text\"><strong>Keiron, Sundvall. Foto: Selma Wallberg<\/strong><\/figcaption><\/figure>\n<p><span style=\"font-weight: 400;\">Kieron s\u00e4ger att det inte \u00e4r bra att Sverige g\u00e5r med. Han ser hellre att Sverige beh\u00e5ller sig alliansfria och neutrala. Han menar att det \u00e4r en risk att Sverige \u00e4r medlemmar.\u00a0<\/span><\/p>\n<p><span style=\"font-weight: 400;\">-Nu tar vi en sida.\u00a0<\/span><\/p>\n<p><span style=\"font-weight: 400;\">Han s\u00e4ger \u00e4ven att han f\u00f6rst\u00e5r varf\u00f6r Sverige vill g\u00e5 med. Kieron s\u00e4ger att han ser att det \u00e4r en risk fr\u00e5n Ryssland och att det \u00e4r d\u00e4rf\u00f6r bra att Nato finns med som ett st\u00f6d f\u00f6r Sverige.<\/span><\/p>\n<p>&nbsp;<\/p>\n<figure id=\"attachment_10192\" aria-describedby=\"caption-attachment-10192\" style=\"width: 720px\" class=\"wp-caption alignnone\"><img loading=\"lazy\" decoding=\"async\" class=\"size-fullstory wp-image-10192\" src=\"https:\/\/mkv.miun.se\/skvaderbladet\/wp-content\/uploads\/2024\/03\/nyhetssvallet-familj-960x641.jpg\" alt=\"Bild p\u00e5 en kvinna, tre flickor och en hund. \" width=\"720\" height=\"481\" srcset=\"https:\/\/mkv.miun.se\/skvaderbladet\/wp-content\/uploads\/2024\/03\/nyhetssvallet-familj-960x641.jpg 960w, https:\/\/mkv.miun.se\/skvaderbladet\/wp-content\/uploads\/2024\/03\/nyhetssvallet-familj-300x200.jpg 300w, https:\/\/mkv.miun.se\/skvaderbladet\/wp-content\/uploads\/2024\/03\/nyhetssvallet-familj-725x484.jpg 725w, https:\/\/mkv.miun.se\/skvaderbladet\/wp-content\/uploads\/2024\/03\/nyhetssvallet-familj-145x96.jpg 145w, https:\/\/mkv.miun.se\/skvaderbladet\/wp-content\/uploads\/2024\/03\/nyhetssvallet-familj-768x513.jpg 768w, https:\/\/mkv.miun.se\/skvaderbladet\/wp-content\/uploads\/2024\/03\/nyhetssvallet-familj-1536x1025.jpg 1536w, https:\/\/mkv.miun.se\/skvaderbladet\/wp-content\/uploads\/2024\/03\/nyhetssvallet-familj-2048x1367.jpg 2048w, https:\/\/mkv.miun.se\/skvaderbladet\/wp-content\/uploads\/2024\/03\/nyhetssvallet-familj-730x487.jpg 730w, https:\/\/mkv.miun.se\/skvaderbladet\/wp-content\/uploads\/2024\/03\/nyhetssvallet-familj-325x217.jpg 325w, https:\/\/mkv.miun.se\/skvaderbladet\/wp-content\/uploads\/2024\/03\/nyhetssvallet-familj-650x434.jpg 650w\" sizes=\"auto, (max-width: 720px) 100vw, 720px\" \/><figcaption id=\"caption-attachment-10192\" class=\"wp-caption-text\"><strong>Monica, 37 \u00e5r. Nour, Felicia, Maja, 10 \u00e5r, hunden Ivan.<\/strong><br \/>\n<strong>Foto: Sonia N\u00e4ss\u00e9n.<\/strong><\/figcaption><\/figure>\n<p>\u2013 Det \u00e4r j\u00e4ttebra! S\u00e4ger Nour, Felicia och Maja i k\u00f6r.\u00a0<\/p>\n<p>\u2013 Nej det \u00e4r inte alls bra, vet ni vad Nato \u00e4r? Undrar Monica.<\/p>\n<p>\u2013 Det \u00e4r en massa l\u00e4nder som \u00e4r tillsammans, som Sverige har skickat ans\u00f6kan till.<\/p>\n<p>\u2013 Vad g\u00f6r Nato d\u00e5? Fr\u00e5gar Monica.<\/p>\n<p>\u2013 S\u00e5 att det inte ska bli krig, svarar Maja.\u00a0<\/p>\n<p>&nbsp;<\/p>\n<figure id=\"attachment_10191\" aria-describedby=\"caption-attachment-10191\" style=\"width: 720px\" class=\"wp-caption alignnone\"><img loading=\"lazy\" decoding=\"async\" class=\"size-fullstory wp-image-10191\" src=\"https:\/\/mkv.miun.se\/skvaderbladet\/wp-content\/uploads\/2024\/03\/nyhetssvallet-goran-960x641.jpg\" alt=\"Bild p\u00e5 en man med glas\u00f6gon och gr\u00e5tt h\u00e5r. \" width=\"720\" height=\"481\" srcset=\"https:\/\/mkv.miun.se\/skvaderbladet\/wp-content\/uploads\/2024\/03\/nyhetssvallet-goran-960x641.jpg 960w, https:\/\/mkv.miun.se\/skvaderbladet\/wp-content\/uploads\/2024\/03\/nyhetssvallet-goran-300x200.jpg 300w, https:\/\/mkv.miun.se\/skvaderbladet\/wp-content\/uploads\/2024\/03\/nyhetssvallet-goran-725x484.jpg 725w, https:\/\/mkv.miun.se\/skvaderbladet\/wp-content\/uploads\/2024\/03\/nyhetssvallet-goran-145x96.jpg 145w, https:\/\/mkv.miun.se\/skvaderbladet\/wp-content\/uploads\/2024\/03\/nyhetssvallet-goran-768x513.jpg 768w, https:\/\/mkv.miun.se\/skvaderbladet\/wp-content\/uploads\/2024\/03\/nyhetssvallet-goran-1536x1025.jpg 1536w, https:\/\/mkv.miun.se\/skvaderbladet\/wp-content\/uploads\/2024\/03\/nyhetssvallet-goran-2048x1367.jpg 2048w, https:\/\/mkv.miun.se\/skvaderbladet\/wp-content\/uploads\/2024\/03\/nyhetssvallet-goran-730x487.jpg 730w, https:\/\/mkv.miun.se\/skvaderbladet\/wp-content\/uploads\/2024\/03\/nyhetssvallet-goran-325x217.jpg 325w, https:\/\/mkv.miun.se\/skvaderbladet\/wp-content\/uploads\/2024\/03\/nyhetssvallet-goran-650x434.jpg 650w\" sizes=\"auto, (max-width: 720px) 100vw, 720px\" \/><figcaption id=\"caption-attachment-10191\" class=\"wp-caption-text\"><strong>G\u00f6ran Johansson, 60 \u00e5r, Str\u00e4ngn\u00e4s. Foto: Sonia N\u00e4ss\u00e9n\u00a0<\/strong><\/figcaption><\/figure>\n<p>\u2013 Jag \u00e4r lite kluven, men som v\u00e4rldsl\u00e4get ser ut nu s\u00e5 kanske det \u00e4r bra.<\/p>\n<p>&nbsp;<\/p>\n<figure id=\"attachment_10112\" aria-describedby=\"caption-attachment-10112\" style=\"width: 720px\" class=\"wp-caption alignnone\"><img loading=\"lazy\" decoding=\"async\" class=\"size-fullstory wp-image-10112\" src=\"https:\/\/mkv.miun.se\/skvaderbladet\/wp-content\/uploads\/2024\/03\/nyhetssvallet-img-7739-960x720.jpg\" alt=\"Ung tjej med glas\u00f6gon, randig halsduk och svart kappa. Hon st\u00e5r p\u00e5 ett torg i solen.\" width=\"720\" height=\"540\" srcset=\"https:\/\/mkv.miun.se\/skvaderbladet\/wp-content\/uploads\/2024\/03\/nyhetssvallet-img-7739-960x720.jpg 960w, https:\/\/mkv.miun.se\/skvaderbladet\/wp-content\/uploads\/2024\/03\/nyhetssvallet-img-7739-300x225.jpg 300w, https:\/\/mkv.miun.se\/skvaderbladet\/wp-content\/uploads\/2024\/03\/nyhetssvallet-img-7739-725x544.jpg 725w, https:\/\/mkv.miun.se\/skvaderbladet\/wp-content\/uploads\/2024\/03\/nyhetssvallet-img-7739-768x576.jpg 768w, https:\/\/mkv.miun.se\/skvaderbladet\/wp-content\/uploads\/2024\/03\/nyhetssvallet-img-7739-1536x1152.jpg 1536w, https:\/\/mkv.miun.se\/skvaderbladet\/wp-content\/uploads\/2024\/03\/nyhetssvallet-img-7739-2048x1536.jpg 2048w, https:\/\/mkv.miun.se\/skvaderbladet\/wp-content\/uploads\/2024\/03\/nyhetssvallet-img-7739-730x548.jpg 730w, https:\/\/mkv.miun.se\/skvaderbladet\/wp-content\/uploads\/2024\/03\/nyhetssvallet-img-7739-325x244.jpg 325w, https:\/\/mkv.miun.se\/skvaderbladet\/wp-content\/uploads\/2024\/03\/nyhetssvallet-img-7739-650x488.jpg 650w\" sizes=\"auto, (max-width: 720px) 100vw, 720px\" \/><figcaption id=\"caption-attachment-10112\" class=\"wp-caption-text\"><strong>Hanna, student p\u00e5 Mittuniversitetet. Foto: Selma Wallberg<\/strong><\/figcaption><\/figure>\n<p><span style=\"font-weight: 400;\">\u2013 Jag \u00e4r kluven, s\u00e4ger Hanna.<\/span><\/p>\n<p><span style=\"font-weight: 400;\">Hanna s\u00e4ger att det \u00e4r en sv\u00e5r fr\u00e5ga och att hon inte riktigt vet hur hon k\u00e4nner.<\/span><\/p>\n<p>&nbsp;<\/p>\n<figure id=\"attachment_10111\" aria-describedby=\"caption-attachment-10111\" style=\"width: 720px\" class=\"wp-caption alignnone\"><img loading=\"lazy\" decoding=\"async\" class=\"size-fullstory wp-image-10111\" src=\"https:\/\/mkv.miun.se\/skvaderbladet\/wp-content\/uploads\/2024\/03\/nyhetssvallet-img-7736-960x720.jpg\" alt=\"Ung tjej i m\u00f6rkgr\u00f6n jacka st\u00e5r ute i solen p\u00e5 ett torg.\" width=\"720\" height=\"540\" srcset=\"https:\/\/mkv.miun.se\/skvaderbladet\/wp-content\/uploads\/2024\/03\/nyhetssvallet-img-7736-960x720.jpg 960w, https:\/\/mkv.miun.se\/skvaderbladet\/wp-content\/uploads\/2024\/03\/nyhetssvallet-img-7736-300x225.jpg 300w, https:\/\/mkv.miun.se\/skvaderbladet\/wp-content\/uploads\/2024\/03\/nyhetssvallet-img-7736-725x544.jpg 725w, https:\/\/mkv.miun.se\/skvaderbladet\/wp-content\/uploads\/2024\/03\/nyhetssvallet-img-7736-768x576.jpg 768w, https:\/\/mkv.miun.se\/skvaderbladet\/wp-content\/uploads\/2024\/03\/nyhetssvallet-img-7736-1536x1152.jpg 1536w, https:\/\/mkv.miun.se\/skvaderbladet\/wp-content\/uploads\/2024\/03\/nyhetssvallet-img-7736-2048x1536.jpg 2048w, https:\/\/mkv.miun.se\/skvaderbladet\/wp-content\/uploads\/2024\/03\/nyhetssvallet-img-7736-730x548.jpg 730w, https:\/\/mkv.miun.se\/skvaderbladet\/wp-content\/uploads\/2024\/03\/nyhetssvallet-img-7736-325x244.jpg 325w, https:\/\/mkv.miun.se\/skvaderbladet\/wp-content\/uploads\/2024\/03\/nyhetssvallet-img-7736-650x488.jpg 650w\" sizes=\"auto, (max-width: 720px) 100vw, 720px\" \/><figcaption id=\"caption-attachment-10111\" class=\"wp-caption-text\"><strong>Sophie, student p\u00e5 Mittuniversitetet. Foto: Selma Wallberg<\/strong><\/figcaption><\/figure>\n<p><span style=\"font-weight: 400;\">Sophie tycker att det \u00e4r bra att Sverige f\u00e5r ett extra skyddsn\u00e4t. Det enda negativa \u00e4r att det kostar mycket.<\/span><\/p>\n<p><span style=\"font-weight: 400;\">\u2013 Men det finns mer bra \u00e4n d\u00e5ligt med Natomedlemskapet, s\u00e4ger Sophie.<\/span><\/p>\n<p>&nbsp;<\/p>\n<figure id=\"attachment_10113\" aria-describedby=\"caption-attachment-10113\" style=\"width: 720px\" class=\"wp-caption alignnone\"><img loading=\"lazy\" decoding=\"async\" class=\"size-fullstory wp-image-10113\" src=\"https:\/\/mkv.miun.se\/skvaderbladet\/wp-content\/uploads\/2024\/03\/nyhetssvallet-img-7740-960x720.jpg\" alt=\"En kvinna st\u00e5r och ler in i kameran, bakom henne st\u00e5r det servicecenter.\" width=\"720\" height=\"540\" srcset=\"https:\/\/mkv.miun.se\/skvaderbladet\/wp-content\/uploads\/2024\/03\/nyhetssvallet-img-7740-960x720.jpg 960w, https:\/\/mkv.miun.se\/skvaderbladet\/wp-content\/uploads\/2024\/03\/nyhetssvallet-img-7740-300x225.jpg 300w, https:\/\/mkv.miun.se\/skvaderbladet\/wp-content\/uploads\/2024\/03\/nyhetssvallet-img-7740-725x544.jpg 725w, https:\/\/mkv.miun.se\/skvaderbladet\/wp-content\/uploads\/2024\/03\/nyhetssvallet-img-7740-768x576.jpg 768w, https:\/\/mkv.miun.se\/skvaderbladet\/wp-content\/uploads\/2024\/03\/nyhetssvallet-img-7740-1536x1152.jpg 1536w, https:\/\/mkv.miun.se\/skvaderbladet\/wp-content\/uploads\/2024\/03\/nyhetssvallet-img-7740-2048x1536.jpg 2048w, https:\/\/mkv.miun.se\/skvaderbladet\/wp-content\/uploads\/2024\/03\/nyhetssvallet-img-7740-730x548.jpg 730w, https:\/\/mkv.miun.se\/skvaderbladet\/wp-content\/uploads\/2024\/03\/nyhetssvallet-img-7740-325x244.jpg 325w, https:\/\/mkv.miun.se\/skvaderbladet\/wp-content\/uploads\/2024\/03\/nyhetssvallet-img-7740-650x488.jpg 650w\" sizes=\"auto, (max-width: 720px) 100vw, 720px\" \/><figcaption id=\"caption-attachment-10113\" class=\"wp-caption-text\"><strong>Carina fr\u00e5n Sundsvall. Foto: Selma Wallberg<\/strong><\/figcaption><\/figure>\n<p><span style=\"font-weight: 400;\">-Jag tycker att det inte finns n\u00e5got annat alternativ, s\u00e5 som s\u00e4kerhetsl\u00e4get ser ut nu, s\u00e4ger Carina.<\/span><\/p>\n<p>&nbsp;<\/p>\n<figure id=\"attachment_10194\" aria-describedby=\"caption-attachment-10194\" style=\"width: 720px\" class=\"wp-caption alignnone\"><img loading=\"lazy\" decoding=\"async\" class=\"size-fullstory wp-image-10194\" src=\"https:\/\/mkv.miun.se\/skvaderbladet\/wp-content\/uploads\/2024\/03\/nyhetssvallet-jakob-960x641.jpg\" alt=\"Bild p\u00e5 en man som ler. I bakgrunden syns tv\u00e5 bussar.  \" width=\"720\" height=\"481\" srcset=\"https:\/\/mkv.miun.se\/skvaderbladet\/wp-content\/uploads\/2024\/03\/nyhetssvallet-jakob-960x641.jpg 960w, https:\/\/mkv.miun.se\/skvaderbladet\/wp-content\/uploads\/2024\/03\/nyhetssvallet-jakob-300x200.jpg 300w, https:\/\/mkv.miun.se\/skvaderbladet\/wp-content\/uploads\/2024\/03\/nyhetssvallet-jakob-725x484.jpg 725w, https:\/\/mkv.miun.se\/skvaderbladet\/wp-content\/uploads\/2024\/03\/nyhetssvallet-jakob-145x96.jpg 145w, https:\/\/mkv.miun.se\/skvaderbladet\/wp-content\/uploads\/2024\/03\/nyhetssvallet-jakob-768x513.jpg 768w, https:\/\/mkv.miun.se\/skvaderbladet\/wp-content\/uploads\/2024\/03\/nyhetssvallet-jakob-1536x1025.jpg 1536w, https:\/\/mkv.miun.se\/skvaderbladet\/wp-content\/uploads\/2024\/03\/nyhetssvallet-jakob-2048x1367.jpg 2048w, https:\/\/mkv.miun.se\/skvaderbladet\/wp-content\/uploads\/2024\/03\/nyhetssvallet-jakob-730x487.jpg 730w, https:\/\/mkv.miun.se\/skvaderbladet\/wp-content\/uploads\/2024\/03\/nyhetssvallet-jakob-325x217.jpg 325w, https:\/\/mkv.miun.se\/skvaderbladet\/wp-content\/uploads\/2024\/03\/nyhetssvallet-jakob-650x434.jpg 650w\" sizes=\"auto, (max-width: 720px) 100vw, 720px\" \/><figcaption id=\"caption-attachment-10194\" class=\"wp-caption-text\"><strong>Jakob Lejon, 23, \u00d6vertorne\u00e5.<\/strong><\/figcaption><\/figure>\n<p>Det \u00e4r f\u00f6r j\u00e4vligt. Det \u00e4r bara ett stort imperialistiskt USA- projekt som man inte ska delta i. Se p\u00e5 vad USA har gjort i mellan\u00f6stern, ska vi beh\u00f6va vara delaktig i s\u00e5dant?<\/p>\n<p>&nbsp;<\/p>\n<figure id=\"attachment_10195\" aria-describedby=\"caption-attachment-10195\" style=\"width: 720px\" class=\"wp-caption alignnone\"><img loading=\"lazy\" decoding=\"async\" class=\"size-fullstory wp-image-10195\" src=\"https:\/\/mkv.miun.se\/skvaderbladet\/wp-content\/uploads\/2024\/03\/nyhetssvallet-jan-960x641.jpg\" alt=\"Bild p\u00e5 man som st\u00e5r framf\u00f6r apoteket. \" width=\"720\" height=\"481\" srcset=\"https:\/\/mkv.miun.se\/skvaderbladet\/wp-content\/uploads\/2024\/03\/nyhetssvallet-jan-960x641.jpg 960w, https:\/\/mkv.miun.se\/skvaderbladet\/wp-content\/uploads\/2024\/03\/nyhetssvallet-jan-300x200.jpg 300w, https:\/\/mkv.miun.se\/skvaderbladet\/wp-content\/uploads\/2024\/03\/nyhetssvallet-jan-725x484.jpg 725w, https:\/\/mkv.miun.se\/skvaderbladet\/wp-content\/uploads\/2024\/03\/nyhetssvallet-jan-145x96.jpg 145w, https:\/\/mkv.miun.se\/skvaderbladet\/wp-content\/uploads\/2024\/03\/nyhetssvallet-jan-768x513.jpg 768w, https:\/\/mkv.miun.se\/skvaderbladet\/wp-content\/uploads\/2024\/03\/nyhetssvallet-jan-1536x1025.jpg 1536w, https:\/\/mkv.miun.se\/skvaderbladet\/wp-content\/uploads\/2024\/03\/nyhetssvallet-jan-2048x1367.jpg 2048w, https:\/\/mkv.miun.se\/skvaderbladet\/wp-content\/uploads\/2024\/03\/nyhetssvallet-jan-730x487.jpg 730w, https:\/\/mkv.miun.se\/skvaderbladet\/wp-content\/uploads\/2024\/03\/nyhetssvallet-jan-325x217.jpg 325w, https:\/\/mkv.miun.se\/skvaderbladet\/wp-content\/uploads\/2024\/03\/nyhetssvallet-jan-650x434.jpg 650w\" sizes=\"auto, (max-width: 720px) 100vw, 720px\" \/><figcaption id=\"caption-attachment-10195\" class=\"wp-caption-text\"><strong>Jan Boholm, 68 \u00e5r, Sundsvall.<\/strong><br \/>\n<strong>Foto: Sonia N\u00e4ss\u00e9n<\/strong><\/figcaption><\/figure>\n<p>Jag \u00e4r inte positivt inst\u00e4lld till det. F\u00f6rut var Sverige en s\u00e5 stark r\u00f6st f\u00f6r nedrustning och f\u00f6r fred i v\u00e4rlden. Nu \u00e4r allt det utsuddat.\u00a0<\/p>\n","protected":false},"excerpt":{"rendered":"<p>Idag gick Sverige med i Nato och Sundsvallsborna \u00e4r kluvna i fr\u00e5gan. Skvaderbladet har varit p\u00e5 stan och kollat l\u00e4get. [&hellip;]<\/p>\n","protected":false},"author":287,"featured_media":0,"comment_status":"open","ping_status":"open","sticky":false,"template":"","format":"standard","meta":{"_acf_changed":false,"site-sidebar-layout":"default","site-content-layout":"","ast-site-content-layout":"default","site-content-style":"default","site-sidebar-style":"default","ast-global-header-display":"","ast-banner-title-visibility":"","ast-main-header-display":"","ast-hfb-above-header-display":"","ast-hfb-below-header-display":"","ast-hfb-mobile-header-display":"","site-post-title":"","ast-breadcrumbs-content":"","ast-featured-img":"","footer-sml-layout":"","ast-disable-related-posts":"","theme-transparent-header-meta":"","adv-header-id-meta":"","stick-header-meta":"","header-above-stick-meta":"","header-main-stick-meta":"","header-below-stick-meta":"","astra-migrate-meta-layouts":"default","ast-page-background-enabled":"default","ast-page-background-meta":{"desktop":{"background-color":"var(--ast-global-color-5)","background-image":"","background-repeat":"repeat","background-position":"center center","background-size":"auto","background-attachment":"scroll","background-type":"","background-media":"","overlay-type":"","overlay-color":"","overlay-opacity":"","overlay-gradient":""},"tablet":{"background-color":"","background-image":"","background-repeat":"repeat","background-position":"center center","background-size":"auto","background-attachment":"scroll","background-type":"","background-media":"","overlay-type":"","overlay-color":"","overlay-opacity":"","overlay-gradient":""},"mobile":{"background-color":"","background-image":"","background-repeat":"repeat","background-position":"center center","background-size":"auto","background-attachment":"scroll","background-type":"","background-media":"","overlay-type":"","overlay-color":"","overlay-opacity":"","overlay-gradient":""}},"ast-content-background-meta":{"desktop":{"background-color":"var(--ast-global-color-4)","background-image":"","background-repeat":"repeat","background-position":"center center","background-size":"auto","background-attachment":"scroll","background-type":"","background-media":"","overlay-type":"","overlay-color":"","overlay-opacity":"","overlay-gradient":""},"tablet":{"background-color":"var(--ast-global-color-4)","background-image":"","background-repeat":"repeat","background-position":"center center","background-size":"auto","background-attachment":"scroll","background-type":"","background-media":"","overlay-type":"","overlay-color":"","overlay-opacity":"","overlay-gradient":""},"mobile":{"background-color":"var(--ast-global-color-4)","background-image":"","background-repeat":"repeat","background-position":"center center","background-size":"auto","background-attachment":"scroll","background-type":"","background-media":"","overlay-type":"","overlay-color":"","overlay-opacity":"","overlay-gradient":""}},"footnotes":""},"categories":[2],"tags":[85,84,82,83,37,86],"class_list":["post-10109","post","type-post","status-publish","format-standard","hentry","category-nyheter","tag-femroster","tag-fragor","tag-intervju","tag-nato","tag-sundsvall","tag-sverige"],"acf":[],"_links":{"self":[{"href":"https:\/\/mkv.miun.se\/skvaderbladet\/wp-json\/wp\/v2\/posts\/10109","targetHints":{"allow":["GET"]}}],"collection":[{"href":"https:\/\/mkv.miun.se\/skvaderbladet\/wp-json\/wp\/v2\/posts"}],"about":[{"href":"https:\/\/mkv.miun.se\/skvaderbladet\/wp-json\/wp\/v2\/types\/post"}],"author":[{"embeddable":true,"href":"https:\/\/mkv.miun.se\/skvaderbladet\/wp-json\/wp\/v2\/users\/287"}],"replies":[{"embeddable":true,"href":"https:\/\/mkv.miun.se\/skvaderbladet\/wp-json\/wp\/v2\/comments?post=10109"}],"version-history":[{"count":0,"href":"https:\/\/mkv.miun.se\/skvaderbladet\/wp-json\/wp\/v2\/posts\/10109\/revisions"}],"wp:attachment":[{"href":"https:\/\/mkv.miun.se\/skvaderbladet\/wp-json\/wp\/v2\/media?parent=10109"}],"wp:term":[{"taxonomy":"category","embeddable":true,"href":"https:\/\/mkv.miun.se\/skvaderbladet\/wp-json\/wp\/v2\/categories?post=10109"},{"taxonomy":"post_tag","embeddable":true,"href":"https:\/\/mkv.miun.se\/skvaderbladet\/wp-json\/wp\/v2\/tags?post=10109"}],"curies":[{"name":"wp","href":"https:\/\/api.w.org\/{rel}","templated":true}]}}