{"id":10096,"date":"2024-03-07T09:55:43","date_gmt":"2024-03-07T08:55:43","guid":{"rendered":"https:\/\/mkv.miun.se\/skvaderbladet\/?p=10096"},"modified":"2024-03-11T10:43:48","modified_gmt":"2024-03-11T09:43:48","slug":"nu-ar-sverige-medlem-i-nato","status":"publish","type":"post","link":"https:\/\/mkv.miun.se\/skvaderbladet\/nu-ar-sverige-medlem-i-nato\/","title":{"rendered":"Sverige \u00e4r medlem i Nato"},"content":{"rendered":"<figure id=\"attachment_10258\" aria-describedby=\"caption-attachment-10258\" style=\"width: 1920px\" class=\"wp-caption alignnone\"><img loading=\"lazy\" decoding=\"async\" class=\"wp-image-10258 size-full\" src=\"https:\/\/mkv.miun.se\/skvaderbladet\/wp-content\/uploads\/2024\/03\/nyhetssvallet-uffe-nato.png\" alt=\"\" width=\"1920\" height=\"1080\" srcset=\"https:\/\/mkv.miun.se\/skvaderbladet\/wp-content\/uploads\/2024\/03\/nyhetssvallet-uffe-nato.png 1920w, https:\/\/mkv.miun.se\/skvaderbladet\/wp-content\/uploads\/2024\/03\/nyhetssvallet-uffe-nato-300x169.png 300w, https:\/\/mkv.miun.se\/skvaderbladet\/wp-content\/uploads\/2024\/03\/nyhetssvallet-uffe-nato-725x408.png 725w, https:\/\/mkv.miun.se\/skvaderbladet\/wp-content\/uploads\/2024\/03\/nyhetssvallet-uffe-nato-768x432.png 768w, https:\/\/mkv.miun.se\/skvaderbladet\/wp-content\/uploads\/2024\/03\/nyhetssvallet-uffe-nato-1536x864.png 1536w, https:\/\/mkv.miun.se\/skvaderbladet\/wp-content\/uploads\/2024\/03\/nyhetssvallet-uffe-nato-730x411.png 730w, https:\/\/mkv.miun.se\/skvaderbladet\/wp-content\/uploads\/2024\/03\/nyhetssvallet-uffe-nato-325x183.png 325w, https:\/\/mkv.miun.se\/skvaderbladet\/wp-content\/uploads\/2024\/03\/nyhetssvallet-uffe-nato-650x366.png 650w, https:\/\/mkv.miun.se\/skvaderbladet\/wp-content\/uploads\/2024\/03\/nyhetssvallet-uffe-nato-960x540.png 960w\" sizes=\"auto, (max-width: 1920px) 100vw, 1920px\" \/><figcaption id=\"caption-attachment-10258\" class=\"wp-caption-text\">Pressbild p\u00e5 Ulf Kristersson till v\u00e4nster och ett montage till h\u00f6ger.<\/figcaption><\/figure>\n<p><span class=\"ingress\"><span style=\"font-weight: 400;\">Under g\u00e5rdagen, den 7 mars kom beskedet att Sverige blir medlemmar i Nato. <\/span><span style=\"font-weight: 400;\">Ulf Kristersson och utrikesminister Tobias Billstr\u00f6m reste under onsdagen till Washington DC. Ig\u00e5r \u00f6verl\u00e4mnades de svenska anslutningsinstrumenten.<\/span><\/span><\/p>\n<p><span style=\"font-weight: 400;\">Som medlem i Nato kommer Sverige att skyddas av artikel fem i Natof\u00f6rdraget. Det inneb\u00e4r att Sverige kommer skyddas av de andra medlemsl\u00e4nderna och kommer bidra med skydd f\u00f6r \u00f6vriga l\u00e4nder. Ett angrepp p\u00e5 ett Natoland ska ses som ett angrepp p\u00e5 alla medlemsl\u00e4nder.<\/span><\/p>\n<p><span style=\"font-weight: 400;\">N\u00e4r allt \u00e4r klart kommer Sveriges flagga att hissas vid de allierades h\u00f6gkvarter i Bryssel. Det \u00e4r nu Sverige blir en fullv\u00e4rdig medlem i Nato.\u00a0<\/span><\/p>\n<p><span style=\"font-weight: 400;\">Detta besked kommer efter en l\u00e5ng v\u00e4ntan d\u00e4r Sverige och Finland till en b\u00f6rjan f\u00f6rs\u00f6kte att g\u00e5 med tillsammans.\u00a0<\/span><\/p>\n<p><span style=\"font-weight: 400;\">Turkiet r\u00f6stade slutligen ja till att Sverige skulle g\u00e5 med den 23 januari 2024. Tv\u00e5 dagar senare undertecknades beslutet av <\/span><span style=\"font-weight: 400;\">presidenten Erdogan.<\/span><\/p>\n<p>Senare r\u00f6stade \u00e4ven Ungern igenom f\u00f6rslaget att Sverige skulle bli medlemmar i Nato.\u00a0<\/p>\n","protected":false},"excerpt":{"rendered":"<p>Under g\u00e5rdagen, den 7 mars kom beskedet att Sverige blir medlemmar i Nato. Ulf Kristersson och utrikesminister Tobias Billstr\u00f6m reste [&hellip;]<\/p>\n","protected":false},"author":287,"featured_media":0,"comment_status":"open","ping_status":"open","sticky":false,"template":"","format":"standard","meta":{"_acf_changed":false,"site-sidebar-layout":"default","site-content-layout":"","ast-site-content-layout":"default","site-content-style":"default","site-sidebar-style":"default","ast-global-header-display":"","ast-banner-title-visibility":"","ast-main-header-display":"","ast-hfb-above-header-display":"","ast-hfb-below-header-display":"","ast-hfb-mobile-header-display":"","site-post-title":"","ast-breadcrumbs-content":"","ast-featured-img":"","footer-sml-layout":"","ast-disable-related-posts":"","theme-transparent-header-meta":"","adv-header-id-meta":"","stick-header-meta":"","header-above-stick-meta":"","header-main-stick-meta":"","header-below-stick-meta":"","astra-migrate-meta-layouts":"default","ast-page-background-enabled":"default","ast-page-background-meta":{"desktop":{"background-color":"var(--ast-global-color-5)","background-image":"","background-repeat":"repeat","background-position":"center center","background-size":"auto","background-attachment":"scroll","background-type":"","background-media":"","overlay-type":"","overlay-color":"","overlay-opacity":"","overlay-gradient":""},"tablet":{"background-color":"","background-image":"","background-repeat":"repeat","background-position":"center center","background-size":"auto","background-attachment":"scroll","background-type":"","background-media":"","overlay-type":"","overlay-color":"","overlay-opacity":"","overlay-gradient":""},"mobile":{"background-color":"","background-image":"","background-repeat":"repeat","background-position":"center center","background-size":"auto","background-attachment":"scroll","background-type":"","background-media":"","overlay-type":"","overlay-color":"","overlay-opacity":"","overlay-gradient":""}},"ast-content-background-meta":{"desktop":{"background-color":"var(--ast-global-color-4)","background-image":"","background-repeat":"repeat","background-position":"center center","background-size":"auto","background-attachment":"scroll","background-type":"","background-media":"","overlay-type":"","overlay-color":"","overlay-opacity":"","overlay-gradient":""},"tablet":{"background-color":"var(--ast-global-color-4)","background-image":"","background-repeat":"repeat","background-position":"center center","background-size":"auto","background-attachment":"scroll","background-type":"","background-media":"","overlay-type":"","overlay-color":"","overlay-opacity":"","overlay-gradient":""},"mobile":{"background-color":"var(--ast-global-color-4)","background-image":"","background-repeat":"repeat","background-position":"center center","background-size":"auto","background-attachment":"scroll","background-type":"","background-media":"","overlay-type":"","overlay-color":"","overlay-opacity":"","overlay-gradient":""}},"footnotes":""},"categories":[2],"tags":[148,89],"class_list":["post-10096","post","type-post","status-publish","format-standard","hentry","category-nyheter","tag-nato-natomedlemskap","tag-ulf-kristersson"],"acf":[],"_links":{"self":[{"href":"https:\/\/mkv.miun.se\/skvaderbladet\/wp-json\/wp\/v2\/posts\/10096","targetHints":{"allow":["GET"]}}],"collection":[{"href":"https:\/\/mkv.miun.se\/skvaderbladet\/wp-json\/wp\/v2\/posts"}],"about":[{"href":"https:\/\/mkv.miun.se\/skvaderbladet\/wp-json\/wp\/v2\/types\/post"}],"author":[{"embeddable":true,"href":"https:\/\/mkv.miun.se\/skvaderbladet\/wp-json\/wp\/v2\/users\/287"}],"replies":[{"embeddable":true,"href":"https:\/\/mkv.miun.se\/skvaderbladet\/wp-json\/wp\/v2\/comments?post=10096"}],"version-history":[{"count":0,"href":"https:\/\/mkv.miun.se\/skvaderbladet\/wp-json\/wp\/v2\/posts\/10096\/revisions"}],"wp:attachment":[{"href":"https:\/\/mkv.miun.se\/skvaderbladet\/wp-json\/wp\/v2\/media?parent=10096"}],"wp:term":[{"taxonomy":"category","embeddable":true,"href":"https:\/\/mkv.miun.se\/skvaderbladet\/wp-json\/wp\/v2\/categories?post=10096"},{"taxonomy":"post_tag","embeddable":true,"href":"https:\/\/mkv.miun.se\/skvaderbladet\/wp-json\/wp\/v2\/tags?post=10096"}],"curies":[{"name":"wp","href":"https:\/\/api.w.org\/{rel}","templated":true}]}}