{"id":10066,"date":"2024-03-07T17:56:56","date_gmt":"2024-03-07T16:56:56","guid":{"rendered":"https:\/\/mkv.miun.se\/skvaderbladet\/?p=10066"},"modified":"2024-03-14T08:39:02","modified_gmt":"2024-03-14T07:39:02","slug":"blod-och-droger-pa-stodboenden-maskerade-man-i-lyxbilar","status":"publish","type":"post","link":"https:\/\/mkv.miun.se\/skvaderbladet\/blod-och-droger-pa-stodboenden-maskerade-man-i-lyxbilar\/","title":{"rendered":"Droger och blod p\u00e5 st\u00f6dboenden &#8211; vittnar om &#8221;maskerade m\u00e4n i lyxbilar&#8221;"},"content":{"rendered":"<p><span class=\"ortsdatering\">Sundsvall 07-03-2024<\/span><\/p>\n<p>&nbsp;<\/p>\n<figure id=\"attachment_10172\" aria-describedby=\"caption-attachment-10172\" style=\"width: 1920px\" class=\"wp-caption alignnone\"><img loading=\"lazy\" decoding=\"async\" class=\"wp-image-10172 size-full\" src=\"https:\/\/mkv.miun.se\/skvaderbladet\/wp-content\/uploads\/2024\/03\/nyhetssvallet-bild-att-anvanda.jpeg\" alt=\"Skyls som h\u00e4nvisar till ett gruppboendes entre, och en illustrerad bild av en droghandel.\" width=\"1920\" height=\"1080\" srcset=\"https:\/\/mkv.miun.se\/skvaderbladet\/wp-content\/uploads\/2024\/03\/nyhetssvallet-bild-att-anvanda.jpeg 1920w, https:\/\/mkv.miun.se\/skvaderbladet\/wp-content\/uploads\/2024\/03\/nyhetssvallet-bild-att-anvanda-300x169.jpeg 300w, https:\/\/mkv.miun.se\/skvaderbladet\/wp-content\/uploads\/2024\/03\/nyhetssvallet-bild-att-anvanda-725x408.jpeg 725w, https:\/\/mkv.miun.se\/skvaderbladet\/wp-content\/uploads\/2024\/03\/nyhetssvallet-bild-att-anvanda-768x432.jpeg 768w, https:\/\/mkv.miun.se\/skvaderbladet\/wp-content\/uploads\/2024\/03\/nyhetssvallet-bild-att-anvanda-1536x864.jpeg 1536w, https:\/\/mkv.miun.se\/skvaderbladet\/wp-content\/uploads\/2024\/03\/nyhetssvallet-bild-att-anvanda-730x411.jpeg 730w, https:\/\/mkv.miun.se\/skvaderbladet\/wp-content\/uploads\/2024\/03\/nyhetssvallet-bild-att-anvanda-325x183.jpeg 325w, https:\/\/mkv.miun.se\/skvaderbladet\/wp-content\/uploads\/2024\/03\/nyhetssvallet-bild-att-anvanda-650x366.jpeg 650w, https:\/\/mkv.miun.se\/skvaderbladet\/wp-content\/uploads\/2024\/03\/nyhetssvallet-bild-att-anvanda-960x540.jpeg 960w\" sizes=\"auto, (max-width: 1920px) 100vw, 1920px\" \/><figcaption id=\"caption-attachment-10172\" class=\"wp-caption-text\">En illustrerad bild av en \u00f6verl\u00e4mning av droger och skylten till ett av dessa boenden. Foto: Johannes Sv\u00e4rd<\/figcaption><\/figure>\n<p><span class=\"ingress\">Personalen p\u00e5 kommunens s\u00e4rskilda boenden i Sundsvall har hittat droger. De s\u00e4ger att det \u00e4r ren g\u00e4ngkriminalitet som bedrivs. Lyxbilar och maskerade m\u00e4n \u00e4r d\u00e4r p\u00e5 n\u00e4tterna, och m\u00e5nga i personalen \u00e4r oroliga. Polisen har gjort flera insatser de senaste \u00e5ren.<\/span><\/p>\n<p>P\u00e5 kommunens st\u00f6dboenden i Sundsvall bor m\u00e4nniskor med beslut enligt lagen om st\u00f6d och service till vissa funktionshindrade. Ofta i samma byggnad som personer med beslut enligt socialtj\u00e4nstlagen.<\/p>\n<p>Flera av dessa boenden ligger i utsatta omr\u00e5den. P\u00e5 n\u00e5gra av dem bor m\u00e4nniskor med helt olika problem och behov. H\u00e4r blandas m\u00e4nniskor med psykiatrisk diagnos och missbruksproblem med m\u00e4nniskor som lever med funktionshinder av olika slag.<\/p>\n<p>Anst\u00e4llda p\u00e5 flera boenden vittnar om kriminalitet och droghandel kring boendena, och den dramatiska bilden bekr\u00e4ftas av facket. De anst\u00e4llda \u00e4r r\u00e4dda att sj\u00e4lva hamna i en v\u00e5ldsam situation. Fackf\u00f6rbundet Kommunal \u00a0larmar att personalen inte k\u00e4nner att de \u00e4r utbildade att hantera s\u00e5dana h\u00e4ndelser.<\/p>\n<p><span style=\"font-weight: 400;\">\u2014Polisen var ofta h\u00e4r i somras, personer med aktiva missbruk flyttar in h\u00e4r och forts\u00e4tter p\u00e5 samma bana. Det bara \u00e4r en tidsfr\u00e5ga innan n\u00e5got riktigt allvarligt h\u00e4nder p\u00e5 boendet, s\u00e4ger en anst\u00e4lld p\u00e5 ett boende till Skvaderbladet.<\/span><\/p>\n<p><span style=\"font-weight: 400;\">Personal tycker att boenden med personer med s\u00e5 olika slags behov av st\u00f6d och v\u00e5rd ska inte bo s\u00e5 n\u00e4ra varandra. <\/span><span style=\"font-weight: 400;\">Jessica Landell som \u00e4r samordnare p\u00e5 ett av boendena. Hon s\u00e4ger att problembeskrivningen inte st\u00e4mmer \u00f6verens med verkligheten. Landell<\/span><span style=\"font-weight: 400;\"> beskriver att det \u00e4r lugnare nu \u00e4n f\u00f6rra \u00e5ret. D\u00e5 hittade man droger kring fastigheten som polisen tog i beslag. Boendet \u00e4r en plats d\u00e4r m\u00e5nga personer i medel\u00e5ldern bor. Men intill finns ett boende f\u00f6r ungdomar med problem. <\/span><\/p>\n<p><span style=\"font-weight: 400;\">\u2014Vi har sett maskerade m\u00e4n i lyxbilar utanf\u00f6r mitt i natten. Vi har blivit mer noga med att l\u00e5sa alla d\u00f6rrar p\u00e5 n\u00e4tterna, s\u00e4ger hon till tidningen.<\/span><\/p>\n<p>&nbsp;<\/p>\n<figure id=\"attachment_10174\" aria-describedby=\"caption-attachment-10174\" style=\"width: 1920px\" class=\"wp-caption alignnone\"><img loading=\"lazy\" decoding=\"async\" class=\"wp-image-10174 size-full\" src=\"https:\/\/mkv.miun.se\/skvaderbladet\/wp-content\/uploads\/2024\/03\/nyhetssvallet-bild-tva-att-anvanda.jpeg\" alt=\"En illustrerad bild av kokain.\" width=\"1920\" height=\"1080\" srcset=\"https:\/\/mkv.miun.se\/skvaderbladet\/wp-content\/uploads\/2024\/03\/nyhetssvallet-bild-tva-att-anvanda.jpeg 1920w, https:\/\/mkv.miun.se\/skvaderbladet\/wp-content\/uploads\/2024\/03\/nyhetssvallet-bild-tva-att-anvanda-300x169.jpeg 300w, https:\/\/mkv.miun.se\/skvaderbladet\/wp-content\/uploads\/2024\/03\/nyhetssvallet-bild-tva-att-anvanda-725x408.jpeg 725w, https:\/\/mkv.miun.se\/skvaderbladet\/wp-content\/uploads\/2024\/03\/nyhetssvallet-bild-tva-att-anvanda-768x432.jpeg 768w, https:\/\/mkv.miun.se\/skvaderbladet\/wp-content\/uploads\/2024\/03\/nyhetssvallet-bild-tva-att-anvanda-1536x864.jpeg 1536w, https:\/\/mkv.miun.se\/skvaderbladet\/wp-content\/uploads\/2024\/03\/nyhetssvallet-bild-tva-att-anvanda-730x411.jpeg 730w, https:\/\/mkv.miun.se\/skvaderbladet\/wp-content\/uploads\/2024\/03\/nyhetssvallet-bild-tva-att-anvanda-325x183.jpeg 325w, https:\/\/mkv.miun.se\/skvaderbladet\/wp-content\/uploads\/2024\/03\/nyhetssvallet-bild-tva-att-anvanda-650x366.jpeg 650w, https:\/\/mkv.miun.se\/skvaderbladet\/wp-content\/uploads\/2024\/03\/nyhetssvallet-bild-tva-att-anvanda-960x540.jpeg 960w\" sizes=\"auto, (max-width: 1920px) 100vw, 1920px\" \/><figcaption id=\"caption-attachment-10174\" class=\"wp-caption-text\">En illustration av droger. Foto: Johannes Sv\u00e4rd<\/figcaption><\/figure>\n<p><span class=\"mellanrubrik1\">Fick en kniv i halsen<\/span><\/p>\n<p><span style=\"font-weight: 400;\">Under flera \u00e5r har allvarliga h\u00e4ndelser skett p\u00e5 dessa boenden. <\/span>N\u00e4r Skvaderbladet haft kontakt med kommunen och facket har de v\u00e4grat att ber\u00e4tta om vad som sker p\u00e5 dessa boenden och vilka boenden det g\u00e4ller. De anst\u00e4llda har flera g\u00e5nger anm\u00e4lt till Arbetsmilj\u00f6verket vid allvarliga h\u00e4ndelser. N\u00e4r Skvaderbladet granskar har man funnit rapporter fr\u00e5n det senaste \u00e5ret, d\u00e4r flera \u00e4r allvarliga:<\/p>\n<ul>\n<li><span style=\"font-weight: 400;\">I b\u00f6rjan av december f\u00f6rra \u00e5ret fick en person en kniv i halsen av en ok\u00e4nd g\u00e4rningsman<\/span><span style=\"font-weight: 400;\">. Personalen lade tryck p\u00e5 halsen samt larmade ambulans och polis. Personen v\u00e5rdades p\u00e5 IVA. N\u00e4r personen skrevs ut fr\u00e5n sjukhuset ordnades skyddat boende p\u00e5 annan ort. Skvaderbladet har rapporterat om denna h\u00e4ndelsen i &#8221;<a href=\"https:\/\/mkv.miun.se\/skvaderbladet\/overlevde-knivhugg-i-halsen-trio-atalas-nu-for-forsok-till-mord\/\">\u00f6verlevde knivhugg i halsen<\/a>&#8221;<\/span><\/li>\n<li>Den 8 februari f\u00f6rr \u00e5ret brann en boende i sina kl\u00e4der. Personal sl\u00e4ckte branden med hj\u00e4lp av kropp och h\u00e4nder.\u00a0<\/li>\n<li>Den 18 januari f\u00f6rra \u00e5ret anm\u00e4lde personalen att en boende uttryckt verbala hot, slagit s\u00f6nder saker och sparkat p\u00e5 personalen. Det uppstod br\u00e5k mellan de boende, \u00a0s\u00e5 de anst\u00e4llda fick g\u00e5 emellan. Enligt personalen h\u00e4nde det ofta och flera anst\u00e4llda har blivit utsatta.<\/li>\n<li>Den 12 maj f\u00f6rra \u00e5ret uppstod br\u00e5k p\u00e5 ett boende. En person hotade en anst\u00e4lld och en vakt med kniv. Personen ska ha jagat personalen med tillhygget i handen. Vakten fick d\u00e4rf\u00f6r st\u00e4nga in de anst\u00e4llda f\u00f6r att skydda dem mot den hotfulla personen.<\/li>\n<li>2 mars f\u00f6rra \u00e5ret skulle personalen hj\u00e4lpa en person p\u00e5 boendet. D\u00e5 fanns personen d\u00e4r med saxar i h\u00e4nderna och b\u00f6rjade jaga personalen hotfullt.<\/li>\n<li>Den 15 April f\u00f6rra \u00e5ret blev en anst\u00e4llt trakasserad en hel dag av en boende. Den anst\u00e4llda blev spottad i ansiktet och slagen med b\u00e5da h\u00e4nderna under en hel dag. Den anst\u00e4llde f\u00f6rs\u00f6kte g\u00f6mma sig fr\u00e5n personen, som letade och hittade den anst\u00e4llde och fortsatte misshandeln.\u00a0<\/li>\n<li>P\u00e5 kv\u00e4llen den 28 januari f\u00f6rra \u00e5ret larmades personalen att en av de boende hade satt eld i rummet. Det brann i stora l\u00e5gor &#8211; den boende hade satt eld p\u00e5 sin s\u00e4ng. Branden kunde sl\u00e4ckas snabbt utan skador.<\/li>\n<li>4 augusti f\u00f6rra \u00e5ret skulle en boende hoppa fr\u00e5n en balkong. Personal fick hindra hen fr\u00e5n att hoppa och lyckades tillslut slita bord personen.\u00a0<\/li>\n<\/ul>\n<p>&nbsp;<\/p>\n<p><span class=\"mellanrubrik1\">R\u00e4dda att bli av med jobbet<\/span><\/p>\n<p>N\u00e4r tidningen kontaktar kommunens verksamhetschefer framkom att det r\u00e5der sekretess gentemot de anst\u00e4llda. Personal fr\u00e5n dessa boenden s\u00e4ger att de \u00e4r r\u00e4dda att prata med media om problemen. De beskriver en r\u00e4dsla att bli av med jobbet eller att bli flyttade till en annan avdelning med sv\u00e5rare omst\u00e4ndigheter i form av bestraffning. \u00a0<\/p>\n<p>&nbsp;<\/p>\n<p>&nbsp;<\/p>\n<p><span style=\"font-weight: 400;\"><br style=\"font-weight: 400;\" \/><br \/>\n<br style=\"font-weight: 400;\" \/><br \/>\n<\/span><\/p>\n<p>&nbsp;<\/p>\n","protected":false},"excerpt":{"rendered":"<p>Sundsvall 07-03-2024 &nbsp; Personalen p\u00e5 kommunens s\u00e4rskilda boenden i Sundsvall har hittat droger. De s\u00e4ger att det \u00e4r ren g\u00e4ngkriminalitet [&hellip;]<\/p>\n","protected":false},"author":287,"featured_media":0,"comment_status":"open","ping_status":"open","sticky":false,"template":"","format":"standard","meta":{"_acf_changed":false,"site-sidebar-layout":"default","site-content-layout":"","ast-site-content-layout":"default","site-content-style":"default","site-sidebar-style":"default","ast-global-header-display":"","ast-banner-title-visibility":"","ast-main-header-display":"","ast-hfb-above-header-display":"","ast-hfb-below-header-display":"","ast-hfb-mobile-header-display":"","site-post-title":"","ast-breadcrumbs-content":"","ast-featured-img":"","footer-sml-layout":"","ast-disable-related-posts":"","theme-transparent-header-meta":"","adv-header-id-meta":"","stick-header-meta":"","header-above-stick-meta":"","header-main-stick-meta":"","header-below-stick-meta":"","astra-migrate-meta-layouts":"default","ast-page-background-enabled":"default","ast-page-background-meta":{"desktop":{"background-color":"var(--ast-global-color-5)","background-image":"","background-repeat":"repeat","background-position":"center center","background-size":"auto","background-attachment":"scroll","background-type":"","background-media":"","overlay-type":"","overlay-color":"","overlay-opacity":"","overlay-gradient":""},"tablet":{"background-color":"","background-image":"","background-repeat":"repeat","background-position":"center center","background-size":"auto","background-attachment":"scroll","background-type":"","background-media":"","overlay-type":"","overlay-color":"","overlay-opacity":"","overlay-gradient":""},"mobile":{"background-color":"","background-image":"","background-repeat":"repeat","background-position":"center center","background-size":"auto","background-attachment":"scroll","background-type":"","background-media":"","overlay-type":"","overlay-color":"","overlay-opacity":"","overlay-gradient":""}},"ast-content-background-meta":{"desktop":{"background-color":"var(--ast-global-color-4)","background-image":"","background-repeat":"repeat","background-position":"center center","background-size":"auto","background-attachment":"scroll","background-type":"","background-media":"","overlay-type":"","overlay-color":"","overlay-opacity":"","overlay-gradient":""},"tablet":{"background-color":"var(--ast-global-color-4)","background-image":"","background-repeat":"repeat","background-position":"center center","background-size":"auto","background-attachment":"scroll","background-type":"","background-media":"","overlay-type":"","overlay-color":"","overlay-opacity":"","overlay-gradient":""},"mobile":{"background-color":"var(--ast-global-color-4)","background-image":"","background-repeat":"repeat","background-position":"center center","background-size":"auto","background-attachment":"scroll","background-type":"","background-media":"","overlay-type":"","overlay-color":"","overlay-opacity":"","overlay-gradient":""}},"footnotes":""},"categories":[2],"tags":[167,166,165],"class_list":["post-10066","post","type-post","status-publish","format-standard","hentry","category-nyheter","tag-gang","tag-gruppboende","tag-stodboende"],"acf":[],"_links":{"self":[{"href":"https:\/\/mkv.miun.se\/skvaderbladet\/wp-json\/wp\/v2\/posts\/10066","targetHints":{"allow":["GET"]}}],"collection":[{"href":"https:\/\/mkv.miun.se\/skvaderbladet\/wp-json\/wp\/v2\/posts"}],"about":[{"href":"https:\/\/mkv.miun.se\/skvaderbladet\/wp-json\/wp\/v2\/types\/post"}],"author":[{"embeddable":true,"href":"https:\/\/mkv.miun.se\/skvaderbladet\/wp-json\/wp\/v2\/users\/287"}],"replies":[{"embeddable":true,"href":"https:\/\/mkv.miun.se\/skvaderbladet\/wp-json\/wp\/v2\/comments?post=10066"}],"version-history":[{"count":0,"href":"https:\/\/mkv.miun.se\/skvaderbladet\/wp-json\/wp\/v2\/posts\/10066\/revisions"}],"wp:attachment":[{"href":"https:\/\/mkv.miun.se\/skvaderbladet\/wp-json\/wp\/v2\/media?parent=10066"}],"wp:term":[{"taxonomy":"category","embeddable":true,"href":"https:\/\/mkv.miun.se\/skvaderbladet\/wp-json\/wp\/v2\/categories?post=10066"},{"taxonomy":"post_tag","embeddable":true,"href":"https:\/\/mkv.miun.se\/skvaderbladet\/wp-json\/wp\/v2\/tags?post=10066"}],"curies":[{"name":"wp","href":"https:\/\/api.w.org\/{rel}","templated":true}]}}