{"id":10046,"date":"2024-03-07T16:18:04","date_gmt":"2024-03-07T15:18:04","guid":{"rendered":"https:\/\/mkv.miun.se\/skvaderbladet\/?p=10046"},"modified":"2024-03-11T11:03:23","modified_gmt":"2024-03-11T10:03:23","slug":"skvaderbladets-spakula-sa-slutar-superettan-2024","status":"publish","type":"post","link":"https:\/\/mkv.miun.se\/skvaderbladet\/skvaderbladets-spakula-sa-slutar-superettan-2024\/","title":{"rendered":"Skvaderbladets sp\u00e5kula &#8211; s\u00e5 slutar Superettan 2024"},"content":{"rendered":"<figure id=\"attachment_10184\" aria-describedby=\"caption-attachment-10184\" style=\"width: 300px\" class=\"wp-caption alignnone\"><img loading=\"lazy\" decoding=\"async\" class=\"size-medium wp-image-10184\" src=\"https:\/\/mkv.miun.se\/skvaderbladet\/wp-content\/uploads\/2024\/03\/nyhetssvallet-427878320-432187075985276-5648574622478515581-n-300x225.jpeg\" alt=\"GIF Sundsvall spelar ligamatch mot \u00d6rgryte IS\" width=\"300\" height=\"225\" srcset=\"https:\/\/mkv.miun.se\/skvaderbladet\/wp-content\/uploads\/2024\/03\/nyhetssvallet-427878320-432187075985276-5648574622478515581-n-300x225.jpeg 300w, https:\/\/mkv.miun.se\/skvaderbladet\/wp-content\/uploads\/2024\/03\/nyhetssvallet-427878320-432187075985276-5648574622478515581-n-725x543.jpeg 725w, https:\/\/mkv.miun.se\/skvaderbladet\/wp-content\/uploads\/2024\/03\/nyhetssvallet-427878320-432187075985276-5648574622478515581-n-768x576.jpeg 768w, https:\/\/mkv.miun.se\/skvaderbladet\/wp-content\/uploads\/2024\/03\/nyhetssvallet-427878320-432187075985276-5648574622478515581-n-730x547.jpeg 730w, https:\/\/mkv.miun.se\/skvaderbladet\/wp-content\/uploads\/2024\/03\/nyhetssvallet-427878320-432187075985276-5648574622478515581-n-325x244.jpeg 325w, https:\/\/mkv.miun.se\/skvaderbladet\/wp-content\/uploads\/2024\/03\/nyhetssvallet-427878320-432187075985276-5648574622478515581-n-650x487.jpeg 650w, https:\/\/mkv.miun.se\/skvaderbladet\/wp-content\/uploads\/2024\/03\/nyhetssvallet-427878320-432187075985276-5648574622478515581-n-960x720.jpeg 960w, https:\/\/mkv.miun.se\/skvaderbladet\/wp-content\/uploads\/2024\/03\/nyhetssvallet-427878320-432187075985276-5648574622478515581-n.jpeg 1166w\" sizes=\"auto, (max-width: 300px) 100vw, 300px\" \/><figcaption id=\"caption-attachment-10184\" class=\"wp-caption-text\">Matchen fr\u00e5n Sundsvall-\u00d6rgryte 30\/10-23. Foto av: Kajsa-Linnea Holmqvist<\/figcaption><\/figure>\n<p>&nbsp;<\/p>\n<p>&nbsp;<\/p>\n<p>&nbsp;<\/p>\n<p><span class=\"ingress\">V\u00e5ren \u00e4r p\u00e5 g\u00e5ng och svenska cupens gruppspel har avslutats. Superettan n\u00e4rmar sig med stormsteg och trupperna b\u00f6rjar s\u00e4tta sig. Skvaderbladet har uppdaterat sig p\u00e5 status i klubbarna. V\u00e5ra reportrar Adam Karlsson och Philip B\u00f6thun har \u00e4ven sett in i sp\u00e5kulan och tippat sluttabellen.\u00a0<\/span><\/p>\n<p>&nbsp;<\/p>\n<p><span style=\"color: #008000;\"><strong>IK Brage<\/strong><img loading=\"lazy\" decoding=\"async\" class=\"attachment-medium  wp-image-645\" src=\"https:\/\/ikbrage.se\/wp-content\/uploads\/2022\/03\/ik_brage_emblem_200px.png\" alt=\"\" width=\"60\" height=\"86\" \/><\/span><\/p>\n<p><strong>S\u00e4songen 2023: <\/strong><\/p>\n<p>S\u00e4songen 2023 slutade med en stabil sj\u00e4tteplats.<\/p>\n<p><strong>Svenska cupen: <\/strong><\/p>\n<p>Brage gick obesegrade i en cup-grupp best\u00e5ende av tv\u00e5 allsvenska lag och ett lag som kvalade till allsvenskan f\u00f6rra s\u00e4songen. Norrk\u00f6ping, Sirius och Utsikten. Trots dessa lovande resultat r\u00e4ckte det inte till vidare avancemang.<\/p>\n<p><strong>S\u00e4songen 2024:<\/strong><\/p>\n<p>IK Brage har l\u00e4nge varit ett stabilt lag i Superettan. K\u00e4nslan \u00e4r att det kan bli ett mellan\u00e5r f\u00f6r dalmasarna. Detta bland annat efter det tunga tappet av tr\u00e4naren Kleb\u00e9r Saarenp\u00e4\u00e4.\u00a0<\/p>\n<p><b>Noterbara nyf\u00f6rv\u00e4rv: <\/b><\/p>\n<p><span style=\"font-weight: 400;\">Cesar Weilid (26) f\u00f6rsvarare fr\u00e5n \u00d6stersunds FK<\/span><\/p>\n<p><span style=\"font-weight: 400;\">Oskar \u00c5gren (25) f\u00f6rsvarare fr\u00e5n San Jose Earthquakes<\/span><\/p>\n<p><b>Noterbara f\u00f6rluster:<\/b><\/p>\n<p><span style=\"font-weight: 400;\">Pontus R\u00f6din (23) f\u00f6rsvarare till Silkeborg IF<\/span><\/p>\n<p><span style=\"font-weight: 400;\">Ferhad Ayaz (29) anfallare\/mittf\u00e4ltare till Eendracht Aalst<\/span><\/p>\n<p><span style=\"font-weight: 400;\">Seth Hellberg (28) mittf\u00e4ltare till klubbl\u00f6s<\/span><\/p>\n<p><b>Nyckelspelare:<\/b><\/p>\n<p><span style=\"font-weight: 400;\">Alexander Zetterstr\u00f6m, Gustav Berggren (ej f\u00f6rv\u00e4xlas med fd BK H\u00e4cken spelaren), Ieltsin Camoes.<\/span><\/p>\n<p><b>F\u00f6rsta match:<\/b><\/p>\n<p><span style=\"font-weight: 400;\">Varbergs BOIS (H)<\/span><\/p>\n<p>Text: Adam Karlsson<\/p>\n<p><span style=\"color: #ff0000;\"><strong>Degerfors IF<\/strong><img loading=\"lazy\" decoding=\"async\" class=\"breakdance-image-object\" src=\"https:\/\/www.degerforsif.se\/wp-content\/uploads\/2023\/02\/DegerforsIF_logo_guld.png\" srcset=\"https:\/\/www.degerforsif.se\/wp-content\/uploads\/2023\/02\/DegerforsIF_logo_guld.png 500w, https:\/\/www.degerforsif.se\/wp-content\/uploads\/2023\/02\/DegerforsIF_logo_guld-273x300.png 273w\" width=\"73\" height=\"80\" \/><\/span><\/p>\n<p><strong>S\u00e4songen 2023: <\/strong><\/p>\n<p>Degerfors var egentligen aldrig riktigt n\u00e4ra att klara sig kvar i allsvenskan under f\u00f6rra s\u00e4songen och har nu genomf\u00f6rt en trupprenovering.\u00a0<\/p>\n<p><strong>Svenska cupen: <\/strong><\/p>\n<p>Degerfors har imponerat i svenska cupen och har g\u00e5tt obesegrade i en grupp med tv\u00e5 allsvenska lag. Man vann mot seriekonkurrenten \u00d6rgryte med f\u00f6rkrossande 5-0 samtidigt som man kryssat mot GAIS och Elfsborg. I kvartsfinalen st\u00e4lls Degerfors mot Djurg\u00e5rdens IF.<\/p>\n<p><strong>S\u00e4songen 2024:<\/strong><\/p>\n<p>Det \u00e4r alltid speciellt att \u00e5ka ur en serie. Precis som vanligt har Degerfors tvingats till en renovering av truppen, det g\u00f6r laget och l\u00e4get sv\u00e5rtippat. Skillnaden mot exempelvis Varberg \u00e4r att Degerfors har varit i detta l\u00e4ge m\u00e5nga g\u00e5nger tidigare.\u00a0<\/p>\n<p><b>Noterbara nyf\u00f6rv\u00e4rv:<\/b><\/p>\n<p><span style=\"font-weight: 400;\">Teo Gr\u00f6nborg (21) mittf\u00e4ltare fr\u00e5n T\u00e4by FK<\/span><\/p>\n<p><span style=\"font-weight: 400;\">Nasiru Moro (27) f\u00f6rsvarare fr\u00e5n \u00d6rebro SK<\/span><\/p>\n<p>Bernardo Morgado (25) f\u00f6rsvarare fr\u00e5n H\u00f8dd<\/p>\n<p><b>Noterbara f\u00f6rluster: <\/b><\/p>\n<p><span style=\"font-weight: 400;\">Peter Gwargis (23) anfallare\/mittf\u00e4ltare till Malm\u00f6 FF (tillbaka fr\u00e5n l\u00e5n)<\/span><\/p>\n<p><span style=\"font-weight: 400;\">Christos Gravius (26) mittf\u00e4ltare till Kallithea<\/span><\/p>\n<p><span style=\"font-weight: 400;\">Justin Salmon (25) mittf\u00e4ltare till klubbl\u00f6s<\/span><\/p>\n<p>Diego Campos (28) ytter till LD Alajuelense\u00a0<\/p>\n<p>Rasmus \u00d6rqvist (25) mittf\u00e4ltare till Brommapojkarna<\/p>\n<p>Gustav Granath (26) f\u00f6rsvarare till Vejle BK<\/p>\n<p><b>Nyckelspelare: <\/b><\/p>\n<p><span style=\"font-weight: 400;\">Johan M\u00e5rtensson, Gustav Lindgren, Dijan Vukojevic<\/span><\/p>\n<p><b>F\u00f6rsta match: <\/b><\/p>\n<p><span style=\"font-weight: 400;\">\u00d6sters IF (B)<\/span><\/p>\n<p>Text: Adam Karlsson<\/p>\n<p><span style=\"color: #99ccff;\"><strong>Gefle IF<\/strong><img loading=\"lazy\" decoding=\"async\" class=\"\" src=\"https:\/\/www.gefleiffotboll.se\/wp-content\/themes\/gif\/assets\/images\/logga.png\" alt=\"Gefle IF Fotboll\" width=\"69\" height=\"90\" \/><\/span><\/p>\n<p><strong>S\u00e4songen 2023: <\/strong><\/p>\n<p>F\u00f6rra \u00e5ret resulterade i en stabil mittenplacering, utan n\u00e5gon speciell n\u00e4rhet varken upp\u00e5t eller ned\u00e5t i tabellen.\u00a0<\/p>\n<p><strong>Svenska cupen: <\/strong><\/p>\n<p>Gefle hade ett tufft gruppspel i svenska cupen. Man plockade noll i matcherna mot AIK, Kalmar och \u00d6rebro och slutade p\u00e5 noll po\u00e4ng. Sveriges \u00e4ldsta flersektionsf\u00f6rening f\u00e5r d\u00e4rmed fokusera p\u00e5 kommande tr\u00e4ningsmatcher och seriespel.<\/p>\n<p><strong>S\u00e4songen 2024:<\/strong><\/p>\n<p>Gefle kommer sluta i mitten av tabellen. Detta utan att ha n\u00e4rhet varken ned\u00e5t eller upp\u00e5t. Det \u00e4r bara s\u00e5 det \u00e4r.\u00a0<\/p>\n<p><b>Noterbara nyf\u00f6rv\u00e4rv: <\/b><\/p>\n<p><span style=\"font-weight: 400;\">Oscar Jonsson (27) m\u00e5lvakt fr\u00e5n GIF Sundsvall<\/span><\/p>\n<p><span style=\"font-weight: 400;\">Samuel Adrian (26) mittf\u00e4ltare fr\u00e5n J\u00f6nk\u00f6pings S\u00f6dra IF<\/span><\/p>\n<p>Lukas Browning Lagerfeldt (25) mittf\u00e4ltare fr\u00e5n Sligo Rovers<\/p>\n<p><b>Noterbara f\u00f6rluster: <\/b><\/p>\n<p><span style=\"font-weight: 400;\">Robin Wallinder (24) m\u00e5lvakt till \u00d6sters IF<\/span><\/p>\n<p><span style=\"font-weight: 400;\">Oskar Karlsson (21) mittf\u00e4ltare till Hume City FC<\/span><\/p>\n<p>Antonio Yakoub (21) anfallare till \u00d6sters IF<\/p>\n<p><b>Nyckelspelare: <\/b><\/p>\n<p><span style=\"font-weight: 400;\">Leo Englund, York Rafael, Anton Lundin, Martin Rauschenberg Brorsen<\/span><\/p>\n<p><b>F\u00f6rsta match: <\/b><\/p>\n<p><span style=\"font-weight: 400;\">Helsingborgs IF (H)<\/span><\/p>\n<p>Text: Adam Karlsson<\/p>\n<p><span style=\"color: #ff0000;\"><strong>Helsingborgs IF<\/strong><img loading=\"lazy\" decoding=\"async\" class=\"logo-img\" src=\"https:\/\/www.hif.se\/wp-content\/uploads\/2023\/02\/hif_logo_ny.png\" alt=\"Helsingborgs IF\" width=\"82\" height=\"85\" data-no-retina=\"\" data-skip-lazy=\"\" \/><\/span><\/p>\n<p><strong>S\u00e4songen 2023: <\/strong><\/p>\n<p>F\u00f6rra s\u00e4songen var ett stort misslyckande f\u00f6r Helsingborg och var endast en po\u00e4ng fr\u00e5n negativ kvalplats. Nu \u00e4r det nya tag som g\u00e4ller med ny tr\u00e4nare.\u00a0<\/p>\n<p><strong>Svenska cupen: <\/strong><\/p>\n<p>Helsingborg har f\u00f6rlorat tre av tre matcher i svenska cupens gruppspel mot ett ganska beskedligt motst\u00e5nd.<\/p>\n<p><strong>S\u00e4songen 2024:<\/strong><\/p>\n<p>Vi f\u00e5r som vanligt anta att det vankas kaos i HIF. F\u00f6rhoppningen i Helsingborg \u00e4r att det kan skapas n\u00e5gon form av trygghet under styre av nye tr\u00e4naren Kleb\u00e9r Saarenp\u00e4\u00e4. Det \u00e5terst\u00e5r att se.\u00a0<\/p>\n<p><span style=\"font-weight: 400;\">\u00a0\u00a0<\/span><b>Noterbara nyf\u00f6rv\u00e4rv:<\/b><\/p>\n<p><span style=\"font-weight: 400;\">Kleb\u00e9r Saarenp\u00e4\u00e4 (48) fr\u00e5n IK Brage (tr\u00e4nare).<\/span><\/p>\n<p><span style=\"font-weight: 400;\"> Wilhelm Nilsson (26) f\u00f6rsvarare fr\u00e5n Utsiktens BK<\/span><\/p>\n<p><span style=\"font-weight: 400;\">Taylor Silverholt (22) anfallare fr\u00e5n J\u00f6nk\u00f6pings S\u00f6dra<\/span><\/p>\n<p><b>Noterbara f\u00f6rluster:<\/b><\/p>\n<p><span style=\"font-weight: 400;\">Erik Ring (22) anfallare\/mittf\u00e4ltare till AIK (tillbaka fr\u00e5n l\u00e5n).\u00a0<\/span><\/p>\n<p>Charlie Weberg (25) f\u00f6rsvarare till Trelleborg\u00a0<\/p>\n<p><b>Nyckelspelare:<\/b><\/p>\n<p><span style=\"font-weight: 400;\">Amar Muhsin, Jon Birkfeldt, Taylor Silverholt, Thomas Pauck Rogne\u00a0<\/span><\/p>\n<p><b>F\u00f6rsta match:<\/b><\/p>\n<p><span style=\"font-weight: 400;\">Gefle IF (B)<\/span><\/p>\n<p>Text: Adam Karlsson<\/p>\n<p><strong><span style=\"color: #000000;\">Landskrona BoIS<img loading=\"lazy\" decoding=\"async\" class=\"team-logo__img\" src=\"https:\/\/staticcdn.svenskfotboll.se\/img\/teams\/9287.png\" alt=\"Landskrona BoIS emblem\" width=\"163\" height=\"91\" \/><\/span><\/strong><\/p>\n<p><strong>S\u00e4songen 2023:<\/strong><\/p>\n<p>S\u00e4songen 2023 s\u00e5g ut ungef\u00e4r som det har gjort sedan de flyttades upp till superettan inf\u00f6r s\u00e4songen 2021. N\u00e4mligen som ett mittenlag som aldrig riktigt var n\u00e4ra att \u00e5ka ur eller hota om uppflyttning.\u00a0<\/p>\n<p><strong>Svenska cupen: <\/strong><\/p>\n<p>Landskrona har blandat och gett i en sv\u00e5r grupp i svenska cupen. Man skr\u00e4llde stort och vann mot BK H\u00e4cken. Men man f\u00f6rlorade utan att g\u00f6ra m\u00e5l mot b\u00e5de Brommapojkarna och \u00d6stersunds FK.<\/p>\n<p><strong>S\u00e4songen 2024:\u00a0<\/strong><\/p>\n<p>Detta blir sp\u00e4nnande, om det \u00e4r positivt eller negativt f\u00e5r vi se. Det st\u00e5r klart att tappen av Diawara och Widell blir tunga. Det kan bli ett jobbigt \u00e5r f\u00f6r BoIS om v\u00e4rvningarna inte prickar r\u00e4tt.\u00a0<\/p>\n<p><b>Noterbara nyf\u00f6rv\u00e4rv<\/b><span style=\"font-weight: 400;\">: <\/span><\/p>\n<p><span style=\"font-weight: 400;\">Rassa Rahmani (24) f\u00f6rsvarare fr\u00e5n Dalkurd <\/span><\/p>\n<p><span style=\"font-weight: 400;\">Frederik Ihler (20) anfallare fr\u00e5n Aarhus GF<\/span><\/p>\n<p><b>Noterbara f\u00f6rluster: <\/b><\/p>\n<p><span style=\"font-weight: 400;\">Ousmane Diawara (24) anfallare till Altach<\/span><\/p>\n<p><span style=\"font-weight: 400;\">Melker Widell (21) mittf\u00e4ltare till Aalborg BK<\/span><\/p>\n<p><b>Nyckelspelare:<\/b><\/p>\n<p><span style=\"font-weight: 400;\">Melker Jonsson, Frederik Ihler, Amr Kaddoura<\/span><\/p>\n<p><b>F\u00f6rsta match:<\/b><\/p>\n<p><span style=\"font-weight: 400;\">Sandvikens IF (H)<\/span><\/p>\n<p>Text: Adam Karlsson<\/p>\n<p><span style=\"color: #0000ff;\"><strong>IK Oddevold<\/strong><img loading=\"lazy\" decoding=\"async\" class=\"team-logo__img\" src=\"https:\/\/staticcdn.svenskfotboll.se\/img\/teams\/10500.png\" alt=\"IK Oddevold emblem\" width=\"150\" height=\"84\" \/><\/span><\/p>\n<p><strong>S\u00e4songen 2023:<\/strong><\/p>\n<p>Tog hela Division 1 med storm f\u00f6rra \u00e5ret d\u00e4r de vann den s\u00f6dra divisionen med hela 74 po\u00e4ng. Efter en hemmavinst mot Ahlafors IF blev det en riktig folkfest p\u00e5 Rimnersvallen. Laget fr\u00e5n Uddevalla \u00e5terigen var tillbaka i Superettan efter 27 \u00e5rs fr\u00e5nvaro.<\/p>\n<p><strong>Svenska cupen: <\/strong><\/p>\n<p>N\u00e4r cupens gruppspel drog ig\u00e5ng i februari-mars var Oddevold inte med. Detta efter att de f\u00f6rlorade kvalmatchen mot G\u00f6teborgslaget IK Zenith.<\/p>\n<p><strong>S\u00e4songen 2024:<\/strong><\/p>\n<p><span style=\"font-weight: 400;\">Nu rustar de bl\u00e5gula f\u00f6r Superettan med chefstr\u00e4nare Rikard Nilsson vid rodret. Med nyf\u00f6rv\u00e4rv bland annat Daniel Krezic och Viktor Kruger har anl\u00e4nt f\u00f6r att st\u00e4rka lagets chanser i ligan. Blir detta s\u00e4songens utropstecken? Vi vill h\u00e4lsa IK Oddevold v\u00e4lkomna tillbaka till fotbollens finrum.<\/span><\/p>\n<p><strong>Noterbara nyf\u00f6rv\u00e4rv:<\/strong><\/p>\n<p><span style=\"font-weight: 400;\">Alex Jojo (24) f\u00f6rsvarare fr\u00e5n Tai Po<\/span><\/p>\n<p><span style=\"font-weight: 400;\">Daniel Krezic (27) mittf\u00e4ltare fr\u00e5n Cork City\u00a0\u00a0<\/span><\/p>\n<p><span style=\"font-weight: 400;\">Viktor Kruger (23) f\u00f6rsvarare fr\u00e5n GAIS <\/span><\/p>\n<p><strong>Noterbara f\u00f6rluster:<\/strong><\/p>\n<p><span style=\"font-weight: 400;\">Bilal Moussa (26) mittf\u00e4ltare till Herrestads AIF<\/span><\/p>\n<p><span style=\"font-weight: 400;\">Karl Svensson (23) mittf\u00e4ltare till Melleruds IF<\/span><\/p>\n<p><strong>Nyckelspelare:\u00a0<\/strong>V<\/p>\n<p>iktor Kruger, Liridon Kalludra, Philip Engelbrektsson<\/p>\n<p><strong>F\u00f6rsta match:\u00a0<\/strong><\/p>\n<p>Trelleborgs FF (B)<\/p>\n<p>Text: Philip B\u00f6thun<\/p>\n<p><span style=\"color: #ff0000;\"><strong>Sandvikens IF<\/strong><img loading=\"lazy\" decoding=\"async\" class=\"team-logo__img\" src=\"https:\/\/staticcdn.svenskfotboll.se\/img\/teams\/10359.png\" alt=\"Sandvikens IF emblem\" width=\"134\" height=\"75\" \/><\/span><\/p>\n<p><strong>S\u00e4songen 2023: <\/strong><\/p>\n<p>Den anrika klubben Sandvikens IF \u00e4r tillbaka i Superettan efter 33 \u00e5rs fr\u00e5nvaro efter att ha s\u00e4krat sig sj\u00e4lva som ligavinnare med 65 po\u00e4ng i Division 1 Norra.<\/p>\n<p><strong>Svenska cupen: <\/strong><\/p>\n<p>Efter en hemmaf\u00f6rlust mot Djurg\u00e5rden p\u00e5 Jernvallen i augusti f\u00f6rra \u00e5ret misslyckades de r\u00f6dvita att kvala till gruppspelet i cupen.\u00a0<\/p>\n<p><strong>S\u00e4songen 2024:<\/strong><\/p>\n<p><span style=\"font-weight: 400;\">Nu blir \u201cSt\u00e5hlm\u00e4nnens\u201d uppgift att anpassa sig till den nya serien och f\u00f6rs\u00f6ka h\u00e5lla sig kvar. Med nyf\u00f6rv\u00e4rv fr\u00e5n b\u00e5de allsvenska och superettan h\u00e5ll \u00e4r det bara att &#8221;trycka p\u00e5 gasen&#8221; som g\u00e4ller f\u00f6r laget. Vi f\u00e5r h\u00e4lsa Sandvikens IF v\u00e4lkomna tillbaka till Superettan och att vi ser fram m\u00f6tet mot rivalen Gefle IF i slaget om G\u00e4strikland.\u00a0<\/span><\/p>\n<p><strong>Noterbara nyf\u00f6rv\u00e4rv:<\/strong><\/p>\n<p><span style=\"font-weight: 400;\">Mohammed Mahammed (26) ytter fr\u00e5n V\u00e4ster\u00e5s SK<\/span><\/p>\n<p><span style=\"font-weight: 400;\">Taulant Parallangaj (21) mittback fr\u00e5n Halmstads BK<\/span><\/p>\n<p>Calvin Kabuye (20) ytter fr\u00e5n AIK\u00a0<\/p>\n<p><strong>Noterbara f\u00f6rluster:<\/strong><\/p>\n<p><span style=\"font-weight: 400;\">Zack Lindgren (24) mittback till T\u00e4by FK\u00a0<\/span><\/p>\n<p><span style=\"font-weight: 400;\">Mohammed Alsalkhadi (22) ytter till IFK V\u00e4rnamo\u00a0<\/span><\/p>\n<p><span style=\"font-weight: 400;\">Eric McWoods (28) och Kevin Pacha (24) till klubbl\u00f6s<\/span><\/p>\n<p><strong>Nyckelspelare:\u00a0<\/strong><\/p>\n<p>Alexandar Mutic, Martin Springfeldt\u00a0<\/p>\n<p><strong>F\u00f6rsta match:\u00a0<\/strong><\/p>\n<p>Landskrona BoIS (B)<\/p>\n<p>Text: Philip B\u00f6thun<\/p>\n<p><span style=\"color: #339966;\"><strong>Sk\u00f6vde AIK<\/strong><img loading=\"lazy\" decoding=\"async\" class=\"team-logo__img\" src=\"https:\/\/staticcdn.svenskfotboll.se\/img\/teams\/10281.png\" alt=\"Sk\u00f6vde AIK emblem\" width=\"150\" height=\"84\" \/><\/span><\/p>\n<p><strong>S\u00e4songen 2023:<\/strong><\/p>\n<p>Sk\u00f6vde l\u00e5g inf\u00f6r samma \u00f6de som konkurrenten, \u00d6rgryte IS. Men med en stark avslutning hemma mot Utsiktens BK och Helsingborgs IF, knep Sk\u00f6vde AIK en kvalplats och motst\u00e5ndarna blev det hall\u00e4ndska Falkenbergs FF. Efter 2-2 p\u00e5 Falcon Alkoholfria Arena, k\u00f6rde de r\u00f6dgr\u00f6na \u00f6ver Falkenberg hemma p\u00e5 S\u00f6dermalms IP med hela 3-0. Klubben s\u00e4krade d\u00e4rmed fortsatt spel i Superettan 2024.<\/p>\n<p><strong>Svenska cupen: <\/strong><\/p>\n<p>Och svenska cupen d\u00e5? Jo, f\u00f6rlust mot Djurg\u00e5rdens IF och IFK G\u00f6teborg i de tv\u00e5 f\u00f6rsta matcherna och laget var ute fr\u00e5n avancemang, men knep \u00e5tminstone en trea hemma mot Nordic United FC efter 1-0.\u00a0<\/p>\n<p><strong>S\u00e4songen 2024:<\/strong><\/p>\n<p><span style=\"font-weight: 400;\">Klart f\u00f6r Superettan igen f\u00f6r laget i V\u00e4stra G\u00f6taland och tr\u00e4naren Tobias Linderoth har l\u00e4mnat f\u00f6r ligakonkurrenten Varbergs BoIS, serben Srdjan Tufegdiz \u00e4r klar som ny chefstr\u00e4nare som kommer n\u00e4rmast fr\u00e5n \u00d6sters IF. Nu vankas det seriestart och det \u00e4r sv\u00e5rt att se Sk\u00f6vde ta kliv i \u00e5r. Nyf\u00f6rv\u00e4rven \u00e4r sv\u00e5rbed\u00f6mda och botten \u00e4r den enda rimliga utg\u00e5ngspunkten. Sorry lads, dead last.<\/span><\/p>\n<p><strong>Noterbara nyf\u00f6rv\u00e4rv:<\/strong><\/p>\n<p><span style=\"font-weight: 400;\">Mamadou Moro (28) anfallare fr\u00e5n Mj\u00e4llby IF<\/span><\/p>\n<p><span style=\"font-weight: 400;\">Ziga Ovsenek (26) mittf\u00e4ltare fr\u00e5n FK Kaspiy Aktau\u00a0<\/span><\/p>\n<p><span style=\"font-weight: 400;\">Sargon Abraham (32) anfallare fr\u00e5n \u00d6rgryte IS<\/span><\/p>\n<p><strong>Noterbara f\u00f6rluster:<\/strong><\/p>\n<p><span style=\"font-weight: 400;\">Isac Vidjeskoj (19) mittf\u00e4ltare till Varberg BoIS<\/span><\/p>\n<p><span style=\"font-weight: 400;\">Marc Tokich (23) mittf\u00e4ltare till Varberg BoIS<\/span><\/p>\n<p><span style=\"font-weight: 400;\">Yusuf Abdualazeez (21) ytter till Varberg BoIS<\/span><\/p>\n<p><strong>Nyckelspelare:\u00a0<\/strong><\/p>\n<p>Sargon Abraham, Mamadou Moro, Filip Schyberg<\/p>\n<p><strong>F\u00f6rsta match:\u00a0<\/strong><\/p>\n<p>\u00d6rebro SK (B)<\/p>\n<p>Text: Philip B\u00f6thun<\/p>\n<p><strong><span style=\"color: #3366ff;\">GIF Sundsvall<img loading=\"lazy\" decoding=\"async\" class=\"team-logo__img\" src=\"https:\/\/staticcdn.svenskfotboll.se\/img\/teams\/9441.png\" alt=\"GIF Sundsvall emblem\" width=\"132\" height=\"74\" \/><\/span><\/strong><\/p>\n<p><strong>S\u00e4songen 2023:<span style=\"font-weight: 400;\">\u00a0<\/span><\/strong><\/p>\n<p>S\u00e4songen 2023 \u00e4r inget att vara stolt \u00f6ver efter att ha k\u00e4mpat f\u00f6r \u00f6verlevnad i superettan st\u00f6rre delar av s\u00e4songen. Med flera nyf\u00f6rv\u00e4rv kan det bli b\u00e4ttre i \u00e5r.<\/p>\n<p><strong>Svenska cupen: <\/strong><\/p>\n<p>GIF Sundsvall har trots en po\u00e4ngsk\u00f6rd p\u00e5 endast en po\u00e4ng imponerat i svenska cupen. Spelm\u00e4ssigt har man spelat j\u00e4mnt mot lag som Mj\u00e4llby och Hammarby, samt tagit po\u00e4ng av allsvenska nykomlingen V\u00e4ster\u00e5s.<\/p>\n<p><strong>S\u00e4songen 2024:<\/strong><\/p>\n<p>Det bl\u00e5ser positiva vindar i drakarnas stad. M\u00e5nga intressanta nyf\u00f6rv\u00e4rv som Monir Jelassi, Marcelo Palomino, Abdul Halik Hudu och Marc Manch\u00f3n. Addera att Kojo Peprah Oppong och Ludvig Svanberg \u00e4r tillbaka p\u00e5 NP3 arena och vi har ett lag som \u00e4r rustat f\u00f6r toppstrid. Det kan bli allsvenskt i Medelpad 2025.\u00a0<\/p>\n<p><b>Noterbara nyf\u00f6rv\u00e4rv:<\/b><\/p>\n<p><span style=\"font-weight: 400;\">Marc Manch\u00f3n (26) mittf\u00e4ltare fr\u00e5n Cerdanyola FC<\/span><\/p>\n<p><span style=\"font-weight: 400;\">Marcelo Palomino (22) mittf\u00e4ltare fr\u00e5n AFC Eskilstuna<\/span><\/p>\n<p><span style=\"font-weight: 400;\">Monir Jelassi (24) f\u00f6rsvarare fr\u00e5n IF Brommapojkarna<\/span><\/p>\n<p><span style=\"font-weight: 400;\">Kojo Peprah Oppong (19) f\u00f6rsvarare fr\u00e5n IFK Norrk\u00f6ping (l\u00e5n)<\/span><\/p>\n<p><b>Noterbara f\u00f6rluster:<\/b><\/p>\n<p><span style=\"font-weight: 400;\">Linus Hallenius (34) anfallare till Kubikenborgs IF<\/span><\/p>\n<p><span style=\"font-weight: 400;\">Oscar Jonsson (27) m\u00e5lvakt till Gefle IF<\/span><\/p>\n<p><b>Nyckelspelare:<\/b><\/p>\n<p><span style=\"font-weight: 400;\">Pontus Engblom, Ludvig Svanberg, Marcelo Palomino.\u00a0<\/span><\/p>\n<p><b>F\u00f6rsta match:<\/b><\/p>\n<p><span style=\"font-weight: 400;\">\u00d6stersunds FK (H)<\/span><\/p>\n<p>Text: Adam Karlsson<\/p>\n<p><strong><span style=\"color: #99ccff;\">Trelleborgs FF<img loading=\"lazy\" decoding=\"async\" class=\"team-logo__img\" src=\"https:\/\/staticcdn.svenskfotboll.se\/img\/teams\/9218.png\" alt=\"Trelleborgs FF emblem\" width=\"129\" height=\"72\" \/><\/span><\/strong><\/p>\n<p><strong>S\u00e4songen 2023: <\/strong><\/p>\n<p>Laget gjorde en stabil s\u00e4song 2023 som slutade med en \u00e5ttonde plats. Vintern och v\u00e5ren har dock best\u00e5tt av ett antal nyckelspelare som l\u00e4mnat.\u00a0<\/p>\n<p><strong>Svenska cupen: <\/strong><\/p>\n<p>TFF har gjort en godk\u00e4nd insats i vad som kan ses som svenska cupens l\u00e4ttaste grupp. En v\u00e4ntad f\u00f6rlust mot allsvenska laget IFK V\u00e4rnamo startade gruppspelet som avslutades med ett kryss mot Halmstads BK och en vinst i Sk\u00e5nederbyt mot Helsingborg.\u00a0<\/p>\n<p><strong>S\u00e4songen 2024:<\/strong><\/p>\n<p>G\u00e5r att likst\u00e4lla med sina seriekollegor Landskrona BoIS. Detta i form av tunga tapp som inte riktigt har ersatts. V\u00e5ngavallen kan beh\u00f6va transformeras till &#8221;Tjongavallen&#8221; f\u00f6r att s\u00e4kra upp ett nytt kontrakt inf\u00f6r 2025.<\/p>\n<p><b>Noterbara nyf\u00f6rv\u00e4rv:<\/b><\/p>\n<p><span style=\"font-weight: 400;\">Charlie Weberg (25) f\u00f6rsvarare fr\u00e5n Helsingborgs IF<\/span><\/p>\n<p><span style=\"font-weight: 400;\">Hady Saleh Karim (26) mittf\u00e4ltare fr\u00e5n \u00d6rgryte IS<\/span><\/p>\n<p><b>Noterbara f\u00f6rluster:<\/b><\/p>\n<p><span style=\"font-weight: 400;\">Mohammed Saeid (33) mittf\u00e4ltare till \u00d6rebro SK<\/span><\/p>\n<p><span style=\"font-weight: 400;\"> B\u00f6dvar B\u00f6dvarsson (28) f\u00f6rsvarare till FH Hafnarfj\u00f6rdur<\/span><\/p>\n<p><span style=\"font-weight: 400;\">Henry Offia (24) anfallare till V\u00e4ster\u00e5s SK<\/span><\/p>\n<p><span style=\"font-weight: 400;\">Haris Brkic (24) mittf\u00e4ltare till Sandnes Ulf<\/span><\/p>\n<p><b>Nyckelspelare:<\/b><\/p>\n<p><span style=\"font-weight: 400;\">Herman Hallberg, Charlie Weberg, Hady Saleh Karim.<\/span><\/p>\n<p><b>F\u00f6rsta match:<\/b><\/p>\n<p><span style=\"font-weight: 400;\">IK Oddevold (H)<\/span><\/p>\n<p>Text: Adam Karlsson<br style=\"font-weight: 400;\" \/><br \/>\n<br style=\"font-weight: 400;\" \/>\n<\/p>\n<p><strong><span style=\"color: #99ccff;\">Utsiktens BK<img loading=\"lazy\" decoding=\"async\" class=\"team-logo__img\" src=\"https:\/\/staticcdn.svenskfotboll.se\/img\/teams\/9982.png\" alt=\"Utsiktens BK emblem\" width=\"139\" height=\"78\" \/><\/span><\/strong><\/p>\n<p><strong>S\u00e4songen 2023:<\/strong><\/p>\n<p>Kan vara f\u00f6rra \u00e5rets st\u00f6rsta utropstecken i svensk fotboll. \u00c5tminstone fram till h\u00f6sten d\u00e5 formdippen kom, ett tag s\u00e5g det till och med ut att man inte ens skulle l\u00f6sa kvalplatsen. I sista matchen mot lokalrivalen GAIS tog man en blytung seger p\u00e5 Gamla Ullevi. Laget fr\u00e5n V\u00e4stra Fr\u00f6lunda stod d\u00e5 klara f\u00f6r kval mot Olofs Mellbergs Brommapojkarna. I f\u00f6rsta m\u00f6tet f\u00f6rnedrades Utsikten med hela 7-0(!). Lagets st\u00f6rsta f\u00f6rlust n\u00e5gonsin. Hoppet f\u00f6r allsvenskan var d\u00e4rmed borta p\u00e5 pappret, och i bortam\u00f6tet s\u00e4krade \u201cBP\u201d fortsatt spel i allsvenskan efter 0-0.<\/p>\n<p><strong>Svenska cupen:<\/strong><\/p>\n<p>Cupspelet var heller inget att h\u00e4nga i julgranen f\u00f6r G\u00f6teborgslaget, d\u00e5 efter tre raka f\u00f6rluster.<\/p>\n<p><strong>S\u00e4songen 2024:<\/strong><\/p>\n<p><span style=\"font-weight: 400;\">Nu st\u00e5r \u201cKiken\u201d inf\u00f6r en ny s\u00e4song i Superettan. Tr\u00e4naren Bosko Orovic st\u00e5r kvar som chefstr\u00e4nare. M\u00e5lsprutan Lucas Hedlund (16 m\u00e5l f\u00f6rra \u00e5ret) har l\u00e4mnat f\u00f6r \u00e4ventyr i Ungern. Med nya spelare som Robin Book och Malkom Moenza, som har allsvensk erfarenhet. Kommer Utsikten orka efter f\u00f6rra s\u00e4songens brasklapp? Luften g\u00e5r ur.<\/span><\/p>\n<p><strong>Noterbara nyf\u00f6rv\u00e4rv:<\/strong><\/p>\n<p><span style=\"font-weight: 400;\">Robin Book (31), mittf\u00e4ltare fr\u00e5n J\u00f6nk\u00f6ping S\u00f6dra\u00a0<\/span><\/p>\n<p><span style=\"font-weight: 400;\">Malkolm Moenza (30) ytterback fr\u00e5n J\u00f6nk\u00f6ping S\u00f6dra\u00a0<\/span><\/p>\n<p><span style=\"font-weight: 400;\">Filip Trpceviski (20) ytter fr\u00e5n BK H\u00e4cken (l\u00e5n)<\/span><\/p>\n<p><span style=\"font-weight: 400;\">Lucas Lima (21) anfallare fr\u00e5n Fredrikstad FK (l\u00e5n)<\/span><\/p>\n<p><strong>Noterbara f\u00f6rluster:<\/strong><\/p>\n<p><span style=\"font-weight: 400;\">Lucas Hedlund (25) anfallare till Mezok\u00f6vesd<\/span><\/p>\n<p><span style=\"font-weight: 400;\">Wilhelm Nilsson (26) mittback till Helsingborgs IF<\/span><\/p>\n<p><span style=\"font-weight: 400;\">Erik Gunnarsson (25) mittback till klubbl\u00f6s<\/span><\/p>\n<p><span style=\"font-weight: 400;\">Ivo Pekalski (33) mittf\u00e4ltare till klubbl\u00f6s<\/span><\/p>\n<p><strong>Nyckelspelare:\u00a0<\/strong><\/p>\n<p>Elias Hadaya, Alexander Faltsetas, Karl Bohm<\/p>\n<p><strong>F\u00f6rsta match:\u00a0<\/strong><\/p>\n<p>\u00d6rgryte SK (B)<\/p>\n<p>Text: Philip B\u00f6thun<\/p>\n<p><strong><span style=\"color: #339966;\">Varbergs BOIS<img loading=\"lazy\" decoding=\"async\" class=\"team-logo__img\" src=\"https:\/\/staticcdn.svenskfotboll.se\/img\/teams\/7701.png\" alt=\"Varbergs BoIS FC emblem\" width=\"147\" height=\"82\" \/><\/span><\/strong><\/p>\n<p><strong>S\u00e4songen 2023: <\/strong><\/p>\n<p>Efter en r\u00f6rig s\u00e4song i f\u00f6rra \u00e5rets Allsvenskan \u00e4r det hallandska Varberg tillbaka i Superettan efter fyra \u00e5rs fr\u00e5nvaro.\u00a0<\/p>\n<p><strong>Svenska cupen: <\/strong><\/p>\n<p>I cupen reste lager \u00f6ver 100 mil upp till Lule\u00e5 d\u00e4r de tog en 4-0 vinst, f\u00f6rlust mot \u00d6sters IF och tog en stark po\u00e4ng borta mot Malm\u00f6 FF p\u00e5 Eleda stadion.\u00a0<\/p>\n<p><strong>S\u00e4songen 2024: <\/strong><\/p>\n<p>Den f\u00f6re detta Sk\u00f6vde AIK tr\u00e4naren och landslagsspelaren Tobias Linderoth, st\u00e5r klar som tr\u00e4nare f\u00f6r BoIS. Med Linderoth p\u00e5 roddret och med en helt ny trupp kommer Varberg f\u00e5 anpassa sig till Superettan f\u00f6r att hitta r\u00e4tt. Kan bli &#8221;skr\u00e4ll&#8221;.<\/p>\n<p><strong>Noterbara nyf\u00f6rv\u00e4rv:<\/strong><\/p>\n<p><span style=\"font-weight: 400;\">Marc Tokich (24) mittf\u00e4ltare fr\u00e5n Sk\u00f6vde AIK\u00a0<\/span><\/p>\n<p><span style=\"font-weight: 400;\">Isak Bjerkebo (21) mittf\u00e4ltare fr\u00e5n Varberg BoIS<\/span><\/p>\n<p><span style=\"font-weight: 400;\">Diego Montiel (28) mittf\u00e4ltare tidigare klubbl\u00f6s<\/span><\/p>\n<p><strong>Noterbara f\u00f6rluster:<\/strong><\/p>\n<p><span style=\"font-weight: 400;\">Assad Al Hamlawi (22) anfallare till \u00c4ngeholms FF\u00a0<\/span><\/p>\n<p><span style=\"font-weight: 400;\">Luke Le Roux (23) mittf\u00e4ltare till FC Volendam<\/span><\/p>\n<p><span style=\"font-weight: 400;\">Dion Krasniqi (20) anfallare till Elfsborg IF<\/span><\/p>\n<p><strong>Nyckelspelare:\u00a0<\/strong><\/p>\n<p>Hampus Zackrisson, Joakim Lindner, Robin Tranberg\u00a0<\/p>\n<p><strong>F\u00f6rsta match: <\/strong><\/p>\n<p>IK Brage (B)<\/p>\n<p>Text: Philip B\u00f6thun<\/p>\n<p><strong><span style=\"color: #000000;\">\u00d6rebro SK<img loading=\"lazy\" decoding=\"async\" class=\"team-logo__img\" src=\"https:\/\/staticcdn.svenskfotboll.se\/img\/teams\/7171.png\" alt=\"\u00d6rebro SK S\u00f6der emblem\" width=\"143\" height=\"80\" \/><\/span><\/strong><\/p>\n<p><span style=\"font-weight: 400;\"><strong>S\u00e4songen 2023:<\/strong> <\/span><\/p>\n<p><span style=\"font-weight: 400;\">Hade en svag start p\u00e5 f\u00f6rra s\u00e4songen. Den tidigare \u00d6SK-spelaren och \u00d6rebrosonn Kalle Holmberg ankomst till sportklubben i somras \u00e4ndrade p\u00e5 det, iallalfall m\u00e5lskyttet. Holmberg \u00f6ste in m\u00e5l vilket r\u00e4ddade laget med en po\u00e4ng fr\u00e5n kvalspel och eventuell nedgradering till Division 1. <\/span><\/p>\n<p><span style=\"font-weight: 400;\"><strong>Svenska cupen:<\/strong> <\/span><\/p>\n<p><span style=\"font-weight: 400;\">I svenska cupen grundspelet tog de sex po\u00e4ng efter tv\u00e5 raka vinster mot Kalmar FF och Gefle IF hemma p\u00e5 Behrn Arena men de r\u00e4ckte inte till slutspel d\u00e5 AIK drog de sista str\u00e5et.<\/span><\/p>\n<p><strong>S\u00e4songen 2024:<\/strong><\/p>\n<p><span style=\"font-weight: 400;\">M\u00e5let f\u00f6r \u00d6SK blir att ta kliv i serien. Med Holmberg uppe p\u00e5 spetsen och flera nyckelspelare borta som Jake Larsson och Kevin Walker, kommer tr\u00e4nare Christian J\u00e4rdler huvuduppgift att se till att ordning f\u00e5 laget.\u00a0<\/span><\/p>\n<p><strong>Noterbara nyf\u00f6rv\u00e4rv:<\/strong><\/p>\n<p><span style=\"font-weight: 400;\">Mohammed Said (33), mittf\u00e4ltare fr\u00e5n Trelleborg<\/span><\/p>\n<p><span style=\"font-weight: 400;\">Jesper Modig (29), mittback AFC Eskilstuna\u00a0<\/span><\/p>\n<p><span style=\"font-weight: 400;\">Malte P\u00e5hlsson (24), m\u00e5lvakt fr\u00e5n Halmstad BK <\/span><\/p>\n<p><strong>Noterbara f\u00f6rluster:<\/strong><\/p>\n<p><span style=\"font-weight: 400;\">David Seger (24) till \u00d6sters IF\u00a0<\/span><\/p>\n<p><span style=\"font-weight: 400;\">Nasiru Moro (27) till Degerfors IF<\/span><\/p>\n<p><span style=\"font-weight: 400;\">William Eskelinen (27) till Vestri\u00a0<\/span><\/p>\n<p><span style=\"font-weight: 400;\">Jake Larsson (25), Kevin Walker (34), klubbl\u00f6sa\u00a0<\/span><\/p>\n<p><strong>Nyckelspelare:\u00a0<\/strong><\/p>\n<p>Jesper Modig, Mohammed Saied , Kalle Holmberg<\/p>\n<p><strong>F\u00f6rsta match:\u00a0<\/strong><\/p>\n<p>Sk\u00f6vde AIK (H)<\/p>\n<p>Text: Philip B\u00f6thun<\/p>\n<p><span style=\"color: #ff0000;\"><strong>\u00d6rgryte IS<img loading=\"lazy\" decoding=\"async\" class=\"team-logo__img\" src=\"https:\/\/staticcdn.svenskfotboll.se\/img\/teams\/12910.png\" alt=\"\u00d6rgryte IS Fotboll emblem\" width=\"143\" height=\"80\" \/><\/strong><\/span><\/p>\n<p><strong>S\u00e4songen 2023: <\/strong><\/p>\n<p><strong><span style=\"font-weight: 400;\">Seriens svarta f\u00e5r f\u00f6rra \u00e5ret. Tre tr\u00e4narbyten och l\u00e5g n\u00e4stan i botten hela \u00e5ret. Det s\u00e5g b\u00e4cksvart ut f\u00f6r klubben med 14 SM guld i bagaget, tills bortamatchen mot Landskrona BoIS d\u00e5 \u00d6IS tog en blytung seger och s\u00e4krade kvalspel. I kvalet m\u00f6tte de United IK Nordic och efter tv\u00e5 raka vinster mot S\u00f6dert\u00e4lje-laget s\u00e4krade \u00d6IS fortsatt spel i Superettan 2024 efter en mycket h\u00e4ndelserik s\u00e4song.<\/span><\/strong><\/p>\n<p><strong>Svenska cupen: <\/strong><\/p>\n<p>I cupen \u00e5kte laget p\u00e5 tv\u00e5 storf\u00f6rluster mot Degerfors med 5-0 och i ett derby mot stadsrivalen GAIS med 3-0 men lyckades ta en rej\u00e4l skr\u00e4llseger mot allsvenska ligatv\u00e5an Elfsborg IF med 3-2. \u00d6IS slutade sist i gruppspelet.<\/p>\n<p><strong>S\u00e4songen 2024:<\/strong><\/p>\n<p><span style=\"font-weight: 400;\">Laget har v\u00e4rvat starka namn och meriterande spelare som Tobias Sana och Mikeal Dyrestam men kommer detta att r\u00e4cka med tanke p\u00e5 den stora spelaroms\u00e4ttningen, och med tanke p\u00e5 att det finns m\u00e5nga h\u00e5l i truppen. Blir en trist repris f\u00f6r \u00d6rgryte.<\/span><\/p>\n<p><strong>Noterbara nyf\u00f6rv\u00e4rv:<\/strong><\/p>\n<p><span style=\"font-weight: 400;\">Tobias Sana (34) ytter fr\u00e5n BK H\u00e4cken<\/span><\/p>\n<p><span style=\"font-weight: 400;\">Mikeal Dyrestam (32) mittback fr\u00e5n Volos NPS\u00a0<\/span><\/p>\n<p><span style=\"font-weight: 400;\">Charlie Vindehall (27) mittf\u00e4ltare fr\u00e5n IFK V\u00e4rnamo<\/span><\/p>\n<p><strong>Noterbara f\u00f6rluster:<\/strong><\/p>\n<p><span style=\"font-weight: 400;\">Haglind-Sangr\u00e9 (28) mittback till Wisla Plock\u00a0<\/span><\/p>\n<p><span style=\"font-weight: 400;\">Sargon Abraham (32) anfallare till Sk\u00f6vde AIK\u00a0<\/span><\/p>\n<p><span style=\"font-weight: 400;\">Edi Syliusiaf (23) anfallare till IK Sirius <\/span><\/p>\n<p><strong>Nyckelspelare:\u00a0<\/strong><\/p>\n<p>Noah Christoffersson, Mikeal Dyrestam och Sixten Mohlin<\/p>\n<p><strong>F\u00f6rsta match:\u00a0<\/strong><\/p>\n<p>Utsiktens BK (B)<\/p>\n<p>Text: Philip B\u00f6thun<\/p>\n<p><strong><span style=\"color: #99ccff;\">\u00d6sters IF<img loading=\"lazy\" decoding=\"async\" class=\"team-logo__img\" src=\"https:\/\/staticcdn.svenskfotboll.se\/img\/teams\/9736.png\" alt=\"\u00d6sters IF emblem\" width=\"166\" height=\"93\" \/><\/span><\/strong><\/p>\n<p><strong>S\u00e4songen 2023: <\/strong><\/p>\n<p>Redan f\u00f6rra s\u00e4songen var \u00d6ster snubblande n\u00e4ra en kvalplats till allsvenskan. Man slutade endast en po\u00e4ng efter skr\u00e4llen Utsikten.\u00a0<\/p>\n<p><strong>Svenska cupen:<\/strong><\/p>\n<p>\u00d6ster har imponerat i svenska cupen med storsegrar mot b\u00e5de IFK Lule\u00e5 och seriekonkurrenten Varbergs BOIS. Man ska inte sk\u00e4mmas \u00f6ver misslyckande till avancemang efter en tv\u00e5m\u00e5lsf\u00f6rlust mot regerande svenska m\u00e4starna, Malm\u00f6 FF.\u00a0<\/p>\n<p><strong>S\u00e4songen 2024:<\/strong><\/p>\n<p>Det var snubblande n\u00e4ra redan f\u00f6rra s\u00e4songen. Nu \u00e4r det dags. Varberg och Degerfors \u00e4r inte lika starka som &#8221;nykomlingar&#8221; fr\u00e5n allsvenskan som tidigare upplagor och \u00d6ster har fyllt p\u00e5 med spets i form av David Seger. M\u00e5lkungen Jesper Westermark \u00e4r sj\u00e4vklart ett tufft tapp. K\u00e4nslan \u00e4r alldeles oavsett detta att V\u00e4xj\u00f6 har ett allsvenskt lag s\u00e4songen 2025.\u00a0<\/p>\n<p><b>Noterbara nyf\u00f6rv\u00e4rv:<\/b><\/p>\n<p><span style=\"font-weight: 400;\">Alibek Aliev (27) anfallare fr\u00e5n FC Trollh\u00e4ttan<\/span><\/p>\n<p><span style=\"font-weight: 400;\">David Seger (24) mittf\u00e4ltare fr\u00e5n \u00d6rebro SK<\/span><\/p>\n<p><b>Noterbara f\u00f6rluster:<\/b><\/p>\n<p><span style=\"font-weight: 400;\">Jesper Westermark (30) anfallare till Wisla Plock\u00a0<\/span><\/p>\n<p><b>Nyckelspelare:<\/b><\/p>\n<p><span style=\"font-weight: 400;\">Adam Bergmark Wiberg, Vladimir Rodic, Alibek Aliev.\u00a0<\/span><\/p>\n<p><b>F\u00f6rsta match: <\/b><\/p>\n<p>Degerfors IF (H)<\/p>\n<p>Text: Adam Karlsson<\/p>\n<p><strong><span style=\"color: #ff0000;\">\u00d6stersunds FK<img loading=\"lazy\" decoding=\"async\" class=\"team-logo__img\" src=\"https:\/\/staticcdn.svenskfotboll.se\/img\/teams\/7385.png\" alt=\"\u00d6stersunds FK emblem\" width=\"168\" height=\"94\" \/><\/span><\/strong><\/p>\n<p><strong>S\u00e4songen 2023:<\/strong><\/p>\n<p>\u00d6stersund tog en femte plats i f\u00f6rra \u00e5rets Superetta med tretton po\u00e4ng fr\u00e5n kvalplats.<\/p>\n<p><strong>Svenska cupen:<\/strong><\/p>\n<p>I cupen gjorde \u00d6FK inget st\u00f6rre v\u00e4sen av sig, med tv\u00e5 raka f\u00f6rluster mot BK H\u00e4cken och slutspelsklara Brommapojkarna. De fick i alla fall se en 1-0 seger efter ett sent frisparksm\u00e5l mot sk\u00e5nska Landskrona BoIS hemma p\u00e5 J\u00e4mtkraft Arena.\u00a0<\/p>\n<p><strong>S\u00e4songen 2024:<\/strong><\/p>\n<p><span style=\"font-weight: 400;\">Nu inf\u00f6r den nya s\u00e4songen f\u00e5r tr\u00e4nare Magnus Powell och samtliga spelare ta nya tag. Den gamle m\u00e5lskytten Jamie Hopcutt \u00e4r tillbaka i truppen och trotj\u00e4naren Sam Mensiro har l\u00e4mnat. Kommer \u00d6stersund orka ta n\u00e4sta kliv i Superettan och komma tillbaka till det allsvenska finrummet?<\/span><\/p>\n<p><strong>Noterbara nyf\u00f6rv\u00e4rv:<\/strong><\/p>\n<p><span style=\"font-weight: 400;\">Ali Suljic (26) mittback fr\u00e5n AFC Eskilstuna\u00a0<\/span><\/p>\n<p><span style=\"font-weight: 400;\">Jamie Hopcutt (31) anfallare fr\u00e5n IFK Mariehamn<\/span><\/p>\n<p><span style=\"font-weight: 400;\">Nebiyou Perry (24) ytter fr\u00e5n Nashville<\/span><\/p>\n<p><strong>Noterbara f\u00f6rluster:<\/strong><\/p>\n<p><span style=\"font-weight: 400;\">Myroslav Mazur (25) mittback till Zalgiris<\/span><\/p>\n<p><span style=\"font-weight: 400;\">Chovanie Amatkarijo (24) ytter till NK Istra\u00a0<\/span><\/p>\n<p><span style=\"font-weight: 400;\">Kristian Novak (25),\u00a0 Sam Mensiro (34) klubbl\u00f6sa<\/span><\/p>\n<p><strong>Nyckelspelare:\u00a0<\/strong><\/p>\n<p>Aly Keita, Jamie Hopcutt, Simon Kroon<\/p>\n<p><strong>F\u00f6rsta match:\u00a0<\/strong><\/p>\n<p>GIF Sundsvall (B)<\/p>\n<p>Text: Philip B\u00f6thun<\/p>\n<p><img loading=\"lazy\" decoding=\"async\" class=\"alignnone size-stornormal wp-image-10180\" src=\"https:\/\/mkv.miun.se\/skvaderbladet\/wp-content\/uploads\/2024\/03\/nyhetssvallet-lagg-till-en-rubrik-730x730.png\" alt=\"Adams tips f\u00f6r Superettan 2024. Gr\u00f6n bakgrund\" width=\"720\" height=\"720\" srcset=\"https:\/\/mkv.miun.se\/skvaderbladet\/wp-content\/uploads\/2024\/03\/nyhetssvallet-lagg-till-en-rubrik-730x730.png 730w, https:\/\/mkv.miun.se\/skvaderbladet\/wp-content\/uploads\/2024\/03\/nyhetssvallet-lagg-till-en-rubrik-300x300.png 300w, https:\/\/mkv.miun.se\/skvaderbladet\/wp-content\/uploads\/2024\/03\/nyhetssvallet-lagg-till-en-rubrik-725x725.png 725w, https:\/\/mkv.miun.se\/skvaderbladet\/wp-content\/uploads\/2024\/03\/nyhetssvallet-lagg-till-en-rubrik-768x768.png 768w, https:\/\/mkv.miun.se\/skvaderbladet\/wp-content\/uploads\/2024\/03\/nyhetssvallet-lagg-till-en-rubrik-325x325.png 325w, https:\/\/mkv.miun.se\/skvaderbladet\/wp-content\/uploads\/2024\/03\/nyhetssvallet-lagg-till-en-rubrik-650x650.png 650w, https:\/\/mkv.miun.se\/skvaderbladet\/wp-content\/uploads\/2024\/03\/nyhetssvallet-lagg-till-en-rubrik-960x960.png 960w, https:\/\/mkv.miun.se\/skvaderbladet\/wp-content\/uploads\/2024\/03\/nyhetssvallet-lagg-till-en-rubrik.png 1080w\" sizes=\"auto, (max-width: 720px) 100vw, 720px\" \/><img loading=\"lazy\" decoding=\"async\" class=\"alignnone size-stornormal wp-image-10179\" src=\"https:\/\/mkv.miun.se\/skvaderbladet\/wp-content\/uploads\/2024\/03\/nyhetssvallet-lagg-till-en-rubrik-2-730x730.png\" alt=\"Philips tips f\u00f6r Superettan 2024. Gr\u00f6n bakgrund.\" width=\"720\" height=\"720\" srcset=\"https:\/\/mkv.miun.se\/skvaderbladet\/wp-content\/uploads\/2024\/03\/nyhetssvallet-lagg-till-en-rubrik-2-730x730.png 730w, https:\/\/mkv.miun.se\/skvaderbladet\/wp-content\/uploads\/2024\/03\/nyhetssvallet-lagg-till-en-rubrik-2-300x300.png 300w, https:\/\/mkv.miun.se\/skvaderbladet\/wp-content\/uploads\/2024\/03\/nyhetssvallet-lagg-till-en-rubrik-2-725x725.png 725w, https:\/\/mkv.miun.se\/skvaderbladet\/wp-content\/uploads\/2024\/03\/nyhetssvallet-lagg-till-en-rubrik-2-768x768.png 768w, https:\/\/mkv.miun.se\/skvaderbladet\/wp-content\/uploads\/2024\/03\/nyhetssvallet-lagg-till-en-rubrik-2-325x325.png 325w, https:\/\/mkv.miun.se\/skvaderbladet\/wp-content\/uploads\/2024\/03\/nyhetssvallet-lagg-till-en-rubrik-2-650x650.png 650w, https:\/\/mkv.miun.se\/skvaderbladet\/wp-content\/uploads\/2024\/03\/nyhetssvallet-lagg-till-en-rubrik-2-960x960.png 960w, https:\/\/mkv.miun.se\/skvaderbladet\/wp-content\/uploads\/2024\/03\/nyhetssvallet-lagg-till-en-rubrik-2.png 1080w\" sizes=\"auto, (max-width: 720px) 100vw, 720px\" \/>\u00a0<\/p>\n<p>&nbsp;<\/p>\n","protected":false},"excerpt":{"rendered":"<p>&nbsp; &nbsp; &nbsp; V\u00e5ren \u00e4r p\u00e5 g\u00e5ng och svenska cupens gruppspel har avslutats. Superettan n\u00e4rmar sig med stormsteg och trupperna [&hellip;]<\/p>\n","protected":false},"author":287,"featured_media":0,"comment_status":"open","ping_status":"open","sticky":false,"template":"","format":"standard","meta":{"_acf_changed":false,"site-sidebar-layout":"default","site-content-layout":"","ast-site-content-layout":"default","site-content-style":"default","site-sidebar-style":"default","ast-global-header-display":"","ast-banner-title-visibility":"","ast-main-header-display":"","ast-hfb-above-header-display":"","ast-hfb-below-header-display":"","ast-hfb-mobile-header-display":"","site-post-title":"","ast-breadcrumbs-content":"","ast-featured-img":"","footer-sml-layout":"","ast-disable-related-posts":"","theme-transparent-header-meta":"","adv-header-id-meta":"","stick-header-meta":"","header-above-stick-meta":"","header-main-stick-meta":"","header-below-stick-meta":"","astra-migrate-meta-layouts":"default","ast-page-background-enabled":"default","ast-page-background-meta":{"desktop":{"background-color":"var(--ast-global-color-5)","background-image":"","background-repeat":"repeat","background-position":"center center","background-size":"auto","background-attachment":"scroll","background-type":"","background-media":"","overlay-type":"","overlay-color":"","overlay-opacity":"","overlay-gradient":""},"tablet":{"background-color":"","background-image":"","background-repeat":"repeat","background-position":"center center","background-size":"auto","background-attachment":"scroll","background-type":"","background-media":"","overlay-type":"","overlay-color":"","overlay-opacity":"","overlay-gradient":""},"mobile":{"background-color":"","background-image":"","background-repeat":"repeat","background-position":"center center","background-size":"auto","background-attachment":"scroll","background-type":"","background-media":"","overlay-type":"","overlay-color":"","overlay-opacity":"","overlay-gradient":""}},"ast-content-background-meta":{"desktop":{"background-color":"var(--ast-global-color-4)","background-image":"","background-repeat":"repeat","background-position":"center center","background-size":"auto","background-attachment":"scroll","background-type":"","background-media":"","overlay-type":"","overlay-color":"","overlay-opacity":"","overlay-gradient":""},"tablet":{"background-color":"var(--ast-global-color-4)","background-image":"","background-repeat":"repeat","background-position":"center center","background-size":"auto","background-attachment":"scroll","background-type":"","background-media":"","overlay-type":"","overlay-color":"","overlay-opacity":"","overlay-gradient":""},"mobile":{"background-color":"var(--ast-global-color-4)","background-image":"","background-repeat":"repeat","background-position":"center center","background-size":"auto","background-attachment":"scroll","background-type":"","background-media":"","overlay-type":"","overlay-color":"","overlay-opacity":"","overlay-gradient":""}},"footnotes":""},"categories":[5],"tags":[102,168],"class_list":["post-10046","post","type-post","status-publish","format-standard","hentry","category-sport","tag-fotboll","tag-superettan"],"acf":[],"_links":{"self":[{"href":"https:\/\/mkv.miun.se\/skvaderbladet\/wp-json\/wp\/v2\/posts\/10046","targetHints":{"allow":["GET"]}}],"collection":[{"href":"https:\/\/mkv.miun.se\/skvaderbladet\/wp-json\/wp\/v2\/posts"}],"about":[{"href":"https:\/\/mkv.miun.se\/skvaderbladet\/wp-json\/wp\/v2\/types\/post"}],"author":[{"embeddable":true,"href":"https:\/\/mkv.miun.se\/skvaderbladet\/wp-json\/wp\/v2\/users\/287"}],"replies":[{"embeddable":true,"href":"https:\/\/mkv.miun.se\/skvaderbladet\/wp-json\/wp\/v2\/comments?post=10046"}],"version-history":[{"count":0,"href":"https:\/\/mkv.miun.se\/skvaderbladet\/wp-json\/wp\/v2\/posts\/10046\/revisions"}],"wp:attachment":[{"href":"https:\/\/mkv.miun.se\/skvaderbladet\/wp-json\/wp\/v2\/media?parent=10046"}],"wp:term":[{"taxonomy":"category","embeddable":true,"href":"https:\/\/mkv.miun.se\/skvaderbladet\/wp-json\/wp\/v2\/categories?post=10046"},{"taxonomy":"post_tag","embeddable":true,"href":"https:\/\/mkv.miun.se\/skvaderbladet\/wp-json\/wp\/v2\/tags?post=10046"}],"curies":[{"name":"wp","href":"https:\/\/api.w.org\/{rel}","templated":true}]}}