{"id":10042,"date":"2024-03-06T14:10:21","date_gmt":"2024-03-06T13:10:21","guid":{"rendered":"https:\/\/mkv.miun.se\/skvaderbladet\/?p=10042"},"modified":"2024-03-11T10:45:11","modified_gmt":"2024-03-11T09:45:11","slug":"sa-ska-de-oka-tryggheten-i-kollektivtrafiken","status":"publish","type":"post","link":"https:\/\/mkv.miun.se\/skvaderbladet\/sa-ska-de-oka-tryggheten-i-kollektivtrafiken\/","title":{"rendered":"S\u00e5 ska de \u00f6ka tryggheten i kollektivtrafiken"},"content":{"rendered":"<p><span class=\"ortsdatering\">Sundsvall 24-03-06<\/span><\/p>\n<p><strong>Resen\u00e4rer och chaff\u00f6rer k\u00e4nner sig otrygga n\u00e4r de \u00e5ker i kollektivtrafik , enligt en unders\u00f6kning fr\u00e5n P4 V\u00e4sternorrland. Nu vill Kollektivtrafikmyndigheten (KTM) vidta \u00e5tg\u00e4rder f\u00f6r att skapa en tryggare trafik.\u00a0<\/strong><\/p>\n<p><span style=\"font-weight: 400;\">Hot och v\u00e5ld p\u00e5 i kollektivtrafiken \u00e4r f\u00f6rekommande. Fr\u00e5n f\u00f6rslaget &#8221;\u00d6kad trygghet\u201d tas bland annat statistik upp fr\u00e5n P4 V\u00e4sternorrland 2023 senaste m\u00e4tningar om att b\u00e5de resen\u00e4rer och chaff\u00f6rer k\u00e4nner sig otrygga n\u00e4r de \u00e5ker med buss eller t\u00e5g.<\/span><\/p>\n<p><b>Den framtida planen<\/b><\/p>\n<p><span style=\"font-weight: 400;\">KTM vill skapa en tryggare kollektivtrafik i V\u00e4sternorrland och har tagit upp f\u00f6rslag bla tekniska l\u00f6sningar och inf\u00f6ra biljettkontrollanter.\u00a0 Sofia S\u00f6derberg, trafikstrateg p\u00e5 Din tur, ger en kommentar om framtidsf\u00f6rslaget.<\/span><\/p>\n<p><span style=\"font-weight: 400;\">\u2013 <\/span><span style=\"font-weight: 400;\">F\u00f6r \u00f6kad trygghet skulle jag s\u00e4ga att f\u00f6rsta steget \u00e4r implementering av nattstopp i stadstrafik. Biljettkontrollanter som \u00e4ven har en trygghetsskapande funktion\u201d skriver hon i ett mejl till Skvaderbladet.\u00a0<\/span><\/p>\n<p><span style=\"font-weight: 400;\">Sofia S\u00f6derberg ber\u00e4ttar att de aktivt jobbar p\u00e5 en bussupphandling som har en planerad driftstart om ett \u00e5r och det \u00e4r f\u00f6rst d\u00e5 de tror att de kan g\u00f6ra st\u00f6rre f\u00f6r\u00e4ndringar, exempelvis s\u00e4tta upp trygghetskameror.\u00a0<\/span><\/p>\n<p><span style=\"font-weight: 400;\">Det var i h\u00f6stas 2023 d\u00e5 Regionfullm\u00e4ktige i V\u00e4sternorrland l\u00e4mnade \u00f6ver motionen \u201c\u00d6kad trygghet\u201d i kollektivtrafiken till KTM.<\/span><\/p>\n<p><img loading=\"lazy\" decoding=\"async\" class=\"attachment-266x266 \" src=\"https:\/\/mkv.miun.se\/skvaderbladet\/wp-content\/uploads\/2024\/03\/nyhetssvallet-img-9084-scaled.jpeg\" sizes=\"auto, (max-width: 266px) 100vw, 266px\" srcset=\"https:\/\/mkv.miun.se\/skvaderbladet\/wp-content\/uploads\/2024\/03\/nyhetssvallet-img-9084-scaled.jpeg 2560w, https:\/\/mkv.miun.se\/skvaderbladet\/wp-content\/uploads\/2024\/03\/nyhetssvallet-img-9084-300x225.jpeg 300w, https:\/\/mkv.miun.se\/skvaderbladet\/wp-content\/uploads\/2024\/03\/nyhetssvallet-img-9084-725x544.jpeg 725w, https:\/\/mkv.miun.se\/skvaderbladet\/wp-content\/uploads\/2024\/03\/nyhetssvallet-img-9084-768x576.jpeg 768w, https:\/\/mkv.miun.se\/skvaderbladet\/wp-content\/uploads\/2024\/03\/nyhetssvallet-img-9084-1536x1152.jpeg 1536w, https:\/\/mkv.miun.se\/skvaderbladet\/wp-content\/uploads\/2024\/03\/nyhetssvallet-img-9084-2048x1536.jpeg 2048w, https:\/\/mkv.miun.se\/skvaderbladet\/wp-content\/uploads\/2024\/03\/nyhetssvallet-img-9084-730x548.jpeg 730w, https:\/\/mkv.miun.se\/skvaderbladet\/wp-content\/uploads\/2024\/03\/nyhetssvallet-img-9084-325x244.jpeg 325w, https:\/\/mkv.miun.se\/skvaderbladet\/wp-content\/uploads\/2024\/03\/nyhetssvallet-img-9084-650x488.jpeg 650w, https:\/\/mkv.miun.se\/skvaderbladet\/wp-content\/uploads\/2024\/03\/nyhetssvallet-img-9084-960x720.jpeg 960w\" alt=\"\" width=\"402\" height=\"302\" \/><\/p>\n<p>KTM jobbar p\u00e5 att rusta upp s\u00e4kerheten Bildtext: Philip B\u00f6thun<\/p>\n<p><b>\u201cJag brukar vanligtvis k\u00e4nna mig trygg\u201d<\/b><\/p>\n<p><span style=\"font-weight: 400;\">En icke namngiven busschauff\u00f6r som k\u00f6r runt i Sundsvall kommenterade om \u00e4mnet.\u00a0<\/span><\/p>\n<p><span style=\"font-weight: 400;\">&#8211; Jag brukar vanligtvis k\u00e4nna mig trygg men p\u00e5 kv\u00e4llarna kan det bli mer obehagligt, d\u00e5 det kan komma p\u00e5 skumma personer som kan st\u00f6ka till det rej\u00e4lt p\u00e5 bussen, s\u00e4ger chauff\u00f6ren<\/span><\/p>\n<p><span style=\"font-weight: 400;\">Personen valde ocks\u00e5 att besvara om \u00e5tg\u00e4rder\u00a0<\/span><\/p>\n<p><span style=\"font-weight: 400;\">&#8211; Det skulle vara bra om vi skulle f\u00e5 snabbare hj\u00e4lp n\u00e4r det beh\u00f6vs. Mer v\u00e4ktare ute p\u00e5 f\u00e4ltet som kan rycka in n\u00e4r det v\u00e4l h\u00e4nder n\u00e5got. Samtidigt skulle de (Din tur) ocks\u00e5 kunna rusta upp de tekniska bitarna s\u00e5som trygghetskameror, avslutar chauff\u00f6ren med.\u00a0<\/span><\/p>\n<p>&nbsp;<\/p>\n","protected":false},"excerpt":{"rendered":"<p>Sundsvall 24-03-06 Resen\u00e4rer och chaff\u00f6rer k\u00e4nner sig otrygga n\u00e4r de \u00e5ker i kollektivtrafik , enligt en unders\u00f6kning fr\u00e5n P4 V\u00e4sternorrland. [&hellip;]<\/p>\n","protected":false},"author":287,"featured_media":10044,"comment_status":"open","ping_status":"open","sticky":false,"template":"","format":"standard","meta":{"_acf_changed":false,"site-sidebar-layout":"default","site-content-layout":"","ast-site-content-layout":"default","site-content-style":"default","site-sidebar-style":"default","ast-global-header-display":"","ast-banner-title-visibility":"","ast-main-header-display":"","ast-hfb-above-header-display":"","ast-hfb-below-header-display":"","ast-hfb-mobile-header-display":"","site-post-title":"","ast-breadcrumbs-content":"","ast-featured-img":"","footer-sml-layout":"","ast-disable-related-posts":"","theme-transparent-header-meta":"","adv-header-id-meta":"","stick-header-meta":"","header-above-stick-meta":"","header-main-stick-meta":"","header-below-stick-meta":"","astra-migrate-meta-layouts":"default","ast-page-background-enabled":"default","ast-page-background-meta":{"desktop":{"background-color":"var(--ast-global-color-5)","background-image":"","background-repeat":"repeat","background-position":"center center","background-size":"auto","background-attachment":"scroll","background-type":"","background-media":"","overlay-type":"","overlay-color":"","overlay-opacity":"","overlay-gradient":""},"tablet":{"background-color":"","background-image":"","background-repeat":"repeat","background-position":"center center","background-size":"auto","background-attachment":"scroll","background-type":"","background-media":"","overlay-type":"","overlay-color":"","overlay-opacity":"","overlay-gradient":""},"mobile":{"background-color":"","background-image":"","background-repeat":"repeat","background-position":"center center","background-size":"auto","background-attachment":"scroll","background-type":"","background-media":"","overlay-type":"","overlay-color":"","overlay-opacity":"","overlay-gradient":""}},"ast-content-background-meta":{"desktop":{"background-color":"var(--ast-global-color-4)","background-image":"","background-repeat":"repeat","background-position":"center center","background-size":"auto","background-attachment":"scroll","background-type":"","background-media":"","overlay-type":"","overlay-color":"","overlay-opacity":"","overlay-gradient":""},"tablet":{"background-color":"var(--ast-global-color-4)","background-image":"","background-repeat":"repeat","background-position":"center center","background-size":"auto","background-attachment":"scroll","background-type":"","background-media":"","overlay-type":"","overlay-color":"","overlay-opacity":"","overlay-gradient":""},"mobile":{"background-color":"var(--ast-global-color-4)","background-image":"","background-repeat":"repeat","background-position":"center center","background-size":"auto","background-attachment":"scroll","background-type":"","background-media":"","overlay-type":"","overlay-color":"","overlay-opacity":"","overlay-gradient":""}},"footnotes":""},"categories":[2],"tags":[156,154,155],"class_list":["post-10042","post","type-post","status-publish","format-standard","has-post-thumbnail","hentry","category-nyheter","tag-buss","tag-kollektivtrafik","tag-kollektivtrafikmyndigheten"],"acf":[],"_links":{"self":[{"href":"https:\/\/mkv.miun.se\/skvaderbladet\/wp-json\/wp\/v2\/posts\/10042","targetHints":{"allow":["GET"]}}],"collection":[{"href":"https:\/\/mkv.miun.se\/skvaderbladet\/wp-json\/wp\/v2\/posts"}],"about":[{"href":"https:\/\/mkv.miun.se\/skvaderbladet\/wp-json\/wp\/v2\/types\/post"}],"author":[{"embeddable":true,"href":"https:\/\/mkv.miun.se\/skvaderbladet\/wp-json\/wp\/v2\/users\/287"}],"replies":[{"embeddable":true,"href":"https:\/\/mkv.miun.se\/skvaderbladet\/wp-json\/wp\/v2\/comments?post=10042"}],"version-history":[{"count":0,"href":"https:\/\/mkv.miun.se\/skvaderbladet\/wp-json\/wp\/v2\/posts\/10042\/revisions"}],"wp:featuredmedia":[{"embeddable":true,"href":"https:\/\/mkv.miun.se\/skvaderbladet\/wp-json\/wp\/v2\/media\/10044"}],"wp:attachment":[{"href":"https:\/\/mkv.miun.se\/skvaderbladet\/wp-json\/wp\/v2\/media?parent=10042"}],"wp:term":[{"taxonomy":"category","embeddable":true,"href":"https:\/\/mkv.miun.se\/skvaderbladet\/wp-json\/wp\/v2\/categories?post=10042"},{"taxonomy":"post_tag","embeddable":true,"href":"https:\/\/mkv.miun.se\/skvaderbladet\/wp-json\/wp\/v2\/tags?post=10042"}],"curies":[{"name":"wp","href":"https:\/\/api.w.org\/{rel}","templated":true}]}}